{"id":84978,"date":"2024-03-12T13:38:29","date_gmt":"2024-03-12T16:38:29","guid":{"rendered":"https:\/\/grandepremio.com\/br\/noticias\/zane-maloney-mais-eficiente-piloto-dosa-expectativa-titulo-muito-cedo\/"},"modified":"2024-03-12T13:52:12","modified_gmt":"2024-03-12T16:52:12","slug":"zane-maloney-mais-eficiente-piloto-dosa-expectativa-titulo-muito-cedo","status":"publish","type":"post","link":"https:\/\/grandepremio.com\/br\/f2\/zane-maloney-mais-eficiente-piloto-dosa-expectativa-titulo-muito-cedo\/","title":{"rendered":"Maloney se diz &#8220;mais eficiente&#8221; como piloto, mas dosa expectativa por t\u00edtulo: &#8220;Muito cedo&#8221;"},"content":{"rendered":"\n<p class=\"wp-block-paragraph\">As duas \u00f3timas corridas de recupera\u00e7\u00e3o de <strong>Zane Maloney <\/strong>na<strong> Ar\u00e1bia Saudita<\/strong> <a href=\"https:\/\/www.grandepremio.com\/br\/f2\/noticias\/enzo-fittipaldi-lava-alma-atuacao-gala-jeda-zane-maloney-ensaia-arrancada-f2-2024\/\">acabaram ficando um pouco em segundo plano<\/a> diante da vit\u00f3ria de <strong>Enzo Fittipaldi<\/strong>, mas o barbadiano mostrou que a performance vista no <strong>Bahrein <\/strong>n\u00e3o foi sorte. O l\u00edder do campeonato da <strong>F\u00f3rmula 2024<\/strong>, no entanto, conteve as expectativas sobre t\u00edtulo.<\/p>\n\n\n\n<p class=\"wp-block-paragraph\">Maloney foi quarto colocado na sprint e s\u00e9timo na corrida principal em <strong>Jed\u00e1 <\/strong>ap\u00f3s largar apenas em 15\u00ba. O resultado levou o piloto da <strong>Rodin <\/strong>aos 47 pontos na tabela, 15 a mais que Fittipaldi, segundo colocado.<\/p>\n\n\n\n<p class=\"wp-block-paragraph\">Logo ap\u00f3s a primeira prova da rodada, Zane falou ao site oficial da F2 e disse que uma das estrat\u00e9gias era &#8220;n\u00e3o mudar a mentalidade&#8221;, independentemente da posi\u00e7\u00e3o de largada. \u201cViemos do Bahrein e fomos lentos na classifica\u00e7\u00e3o, ficando muito mais atr\u00e1s do que o esperado. Portanto, a mentalidade sempre foi a mesma.&#8221;<\/p>\n\n\n\n<p class=\"wp-block-paragraph\">&#8220;Se eu largasse em terceiro, tentaria vencer; se largasse em 15\u00ba, tentaria chegar na melhor posi\u00e7\u00e3o poss\u00edvel. Ent\u00e3o, nada mudou&#8221;, salientou, emendando que &#8220;\u00e9 muito cedo para pensar no campeonato, mas come\u00e7ou bem, s\u00f3 precisamos continuar construindo isso\u201d.<\/p>\n\n\n\n<figure class=\"wp-block-image size-large\"><img decoding=\"async\" src=\"https:\/\/www.grandepremio.com\/br\/wp-content\/uploads\/2024\/02\/GGJrMq0WUAAeeBH-1024x683.jpg\" alt=\"\" class=\"wp-image-776702\"\/><figcaption class=\"wp-element-caption\">Zane Maloney disse que melhorou a pilotagem de 2023 para 2024 (Foto: Reprodu\u00e7\u00e3o)<\/figcaption><\/figure>\n\n\n\n<p class=\"wp-block-paragraph\">Integrante da academia de pilotos da Sauber, Maloney tamb\u00e9m rejeitou a ideia de que o principal respons\u00e1vel pelo desempenho visto nas duas primeiras rodadas seja o novo carro, com um conceito totalmente novo de aerodin\u00e2mica. Mais que o equipamento, o barbadiano v\u00ea o pr\u00f3prio progresso como o fator. <\/p>\n\n\n\n<p class=\"wp-block-paragraph\">&#8220;N\u00e3o acho que seja carro antigo versus carro novo. No geral, acho que me tornei um pouco mais eficiente como piloto. Se estiv\u00e9ssemos agora no carro antigo, ainda seria semelhante da minha parte&#8221;, assegurou.<\/p>\n\n\n\n<p class=\"wp-block-paragraph\">A\u00a0<strong><a href=\"https:\/\/www.grandepremio.com\/br\/f1\/\" target=\"_blank\" rel=\"noreferrer noopener\"><\/a><a href=\"https:\/\/www.grandepremio.com\/br\/f1\/\" target=\"_blank\" rel=\"noreferrer noopener\">F\u00f3rmula 1<\/a><\/strong>\u00a0retorna daqui a duas semanas, entre os dias 22 e 24 de mar\u00e7o, com o\u00a0<strong>GP da Austr\u00e1lia<\/strong>, terceira etapa da temporada 2024, em\u00a0<strong><a href=\"https:\/\/www.grandepremio.com\/br\/circuito\/melbourne\/\" target=\"_blank\" rel=\"noreferrer noopener\">Melbourne<\/a><\/strong>.<\/p>\n\n\n\n<p class=\"wp-block-paragraph\"><strong>\u00a0Inscreva-se nos dois canais do\u00a0GRANDE PR\u00caMIO\u00a0no YouTube:\u00a0<a href=\"https:\/\/www.youtube.com\/channel\/UC9OlHEgxoaY6QY6nWPoiqQg?sub_confirmation=1\">GP<\/a>\u00a0|\u00a0<a href=\"https:\/\/www.youtube.com\/channel\/UC9csiS6q_C3C0FYhyr1rnFA?sub_confirmation=1\">GP2<\/a><br><a href=\"https:\/\/www.twitch.tv\/grandepremio\">\u00a0Conhe\u00e7a o canal do\u00a0GRANDE PR\u00caMIO\u00a0na Twitch clicando aqui!<\/a><\/strong><\/p>\n\n\n\n<figure class=\"wp-block-embed is-type-video is-provider-youtube wp-block-embed-youtube wp-embed-aspect-16-9 wp-has-aspect-ratio\"><div class=\"wp-block-embed__wrapper\">\n<iframe loading=\"lazy\" title=\"Enzo FITTIPALDI prova que ainda tem BRA\u00c7O para brigar por VIT\u00d3RIAS na F2 2024 | GP \u00e0s 10\" width=\"500\" height=\"281\" src=\"https:\/\/www.youtube.com\/embed\/w00YYCoPg-k?feature=oembed\" frameborder=\"0\" allow=\"accelerometer; autoplay; clipboard-write; encrypted-media; gyroscope; picture-in-picture; web-share\" referrerpolicy=\"strict-origin-when-cross-origin\" allowfullscreen><\/iframe>\n<\/div><\/figure>\n","protected":false},"excerpt":{"rendered":"<p>Zane Maloney pontuou nas duas corridas realizadas na Ar\u00e1bia Saudita ap\u00f3s largar em 15\u00ba. O barbadiano \u00e9 o l\u00edder da F2 2024 com 47 pontos<\/p>\n","protected":false},"author":0,"featured_media":1000787879,"comment_status":"closed","ping_status":"closed","sticky":false,"template":"","format":"standard","meta":{"42wp_featured_image_caption":"","42wp_featured_image_credits":"","42wp_featured_video":"","42wp_featured_image_hidden":false,"42wp_authors_list":[],"footnotes":""},"categories":[9],"tags":[26271,5273,147,3230,180,30909,26266,1491,28285,30840,26627,38612,31217,35129,33638,33301,28107],"42wp_author":[47147],"class_list":["post-84978","post","type-post","status-publish","format-standard","has-post-thumbnail","hentry","category-f2","tag-calendario-f1","tag-classificacao-f1","tag-f1","tag-f1-2024","tag-formula-1","tag-formula-1-2024","tag-gp-da-arabia-saudita","tag-grande-premio","tag-grandepremio","tag-horarios-f1","tag-jeda","tag-jeda-2024","tag-jeda-f1","tag-onde-assistir-f1","tag-rodin","tag-temporada-2024-f1","tag-zane-maloney","42wp_author-luana-marino"],"_links":{"self":[{"href":"https:\/\/grandepremio.com\/br\/wp-json\/wp\/v2\/posts\/84978","targetHints":{"allow":["GET"]}}],"collection":[{"href":"https:\/\/grandepremio.com\/br\/wp-json\/wp\/v2\/posts"}],"about":[{"href":"https:\/\/grandepremio.com\/br\/wp-json\/wp\/v2\/types\/post"}],"replies":[{"embeddable":true,"href":"https:\/\/grandepremio.com\/br\/wp-json\/wp\/v2\/comments?post=84978"}],"version-history":[{"count":0,"href":"https:\/\/grandepremio.com\/br\/wp-json\/wp\/v2\/posts\/84978\/revisions"}],"wp:featuredmedia":[{"embeddable":true,"href":"https:\/\/grandepremio.com\/br\/wp-json\/wp\/v2\/media\/1000787879"}],"wp:attachment":[{"href":"https:\/\/grandepremio.com\/br\/wp-json\/wp\/v2\/media?parent=84978"}],"wp:term":[{"taxonomy":"category","embeddable":true,"href":"https:\/\/grandepremio.com\/br\/wp-json\/wp\/v2\/categories?post=84978"},{"taxonomy":"post_tag","embeddable":true,"href":"https:\/\/grandepremio.com\/br\/wp-json\/wp\/v2\/tags?post=84978"},{"taxonomy":"42wp_author","embeddable":true,"href":"https:\/\/grandepremio.com\/br\/wp-json\/wp\/v2\/42wp_author?post=84978"}],"curies":[{"name":"wp","href":"https:\/\/api.w.org\/{rel}","templated":true}]}}