{"id":85057,"date":"2024-03-11T16:40:56","date_gmt":"2024-03-11T19:40:56","guid":{"rendered":"https:\/\/grandepremio.com\/br\/noticias\/bernie-ecclestone-se-pronuncia-processo-felipe-massa-diria-coisa-certa-fazer\/"},"modified":"2024-03-14T12:00:47","modified_gmt":"2024-03-14T15:00:47","slug":"bernie-ecclestone-se-pronuncia-processo-felipe-massa-diria-coisa-certa-fazer","status":"publish","type":"post","link":"https:\/\/grandepremio.com\/br\/f1\/bernie-ecclestone-se-pronuncia-processo-felipe-massa-diria-coisa-certa-fazer\/","title":{"rendered":"Ecclestone se pronuncia ap\u00f3s processo de Massa: &#8220;Diria que \u00e9 a coisa certa a fazer&#8221;"},"content":{"rendered":"\n<p class=\"wp-block-paragraph\"><strong>Bernie Ecclestone <\/strong>foi o \u00fanico a se pronunciar em resposta aoprocesso movido pelo piloto brasileiro Felipe Massa, que briga para ser reconhecido como campe\u00e3o da F\u00f3rmula 1 em 2008. O piloto confirmou nesta segunda-feira (11) que acionou a justi\u00e7a do Reino Unido contra FIA (Federa\u00e7\u00e3o Internacional de Automobilismo), FOM (Formula One Management) e Bernie, ex-chefe da categoria.<\/p>\n\n\n\n<p class=\"wp-block-paragraph\">Em curta mensagem enviada \u00e0 ag\u00eancia de not\u00edcias brit\u00e2nica PA, Ecclestone afirmou: &#8220;Se ele tivesse me perguntado, diria que \u00e9 a coisa certa a se fazer. Processar e deixar um juiz ingl\u00eas decidir o que \u00e9 certo ou errado&#8221;. F\u00f3rmula 1 e FIA optaram por n\u00e3o se pronunciar.<\/p>\n\n\n\n<p class=\"wp-block-paragraph\">Em um comunicado enviado \u00e0 imprensa, Massa confirmou que a meta \u00e9 conseguir o reconhecimento pelo campeonato, que teve um pol\u00eamico desfecho ap\u00f3s\u00a0<strong><a href=\"https:\/\/www.grandepremio.com\/br\/piloto\/nelsinho-piquet\/\" target=\"_blank\" rel=\"noreferrer noopener\">Nelsinho Piquet<\/a>\u00a0<\/strong>assumir que bateu propositalmente para beneficiar\u00a0<strong><a href=\"https:\/\/es.grandepremio.com\/\" target=\"_blank\" rel=\"noreferrer noopener\">Fernando Alonso<\/a>\u00a0<\/strong>no GP de\u00a0<strong>Singapura<\/strong>.<\/p>\n\n\n\n<p class=\"wp-block-paragraph\">O processo foi ajuizado nesta segunda-feira, na\u00a0<strong>King\u2019s Bench Division<\/strong>, que \u00e9 uma das tr\u00eas divis\u00f5es do\u00a0<strong>Supremo Tribunal de Justi\u00e7a<\/strong>\u00a0do Reino Unido.<\/p>\n\n\n\n<figure class=\"wp-block-image size-large\"><img decoding=\"async\" src=\"https:\/\/www.grandepremio.com\/br\/wp-content\/uploads\/2023\/09\/F1-2008-Ferrari-Felipe-Massa-1024x682.jpg\" alt=\"\" class=\"wp-image-734588\"\/><figcaption class=\"wp-element-caption\">Felipe Massa quer ser reconhecido como campe\u00e3o de 2008 (Foto: Ferrari)<\/figcaption><\/figure>\n\n\n\n<p class=\"wp-block-paragraph\">\u201cSempre disse que iria brigar at\u00e9 o final\u201d, lembrou Massa. \u201cComo a FIA e a FOM decidiram n\u00e3o fazer nada, buscaremos a corre\u00e7\u00e3o desta injusti\u00e7a hist\u00f3rica nos tribunais. O assunto agora est\u00e1 com os advogados e eles est\u00e3o plenamente autorizados a fazer o que for necess\u00e1rio para que a justi\u00e7a no esporte seja feita\u201d, disparou.<\/p>\n\n\n\n<p class=\"wp-block-paragraph\"><strong>\u25b6\ufe0f Inscreva-se nos dois canais do&nbsp;GRANDE PR\u00caMIO&nbsp;no YouTube:&nbsp;<a href=\"https:\/\/www.youtube.com\/channel\/UC9OlHEgxoaY6QY6nWPoiqQg?sub_confirmation=1\">GP<\/a>&nbsp;|&nbsp;<a href=\"https:\/\/www.youtube.com\/channel\/UC9csiS6q_C3C0FYhyr1rnFA?sub_confirmation=1\">GP2<\/a><br>\u25b6\ufe0f&nbsp;<a href=\"https:\/\/www.twitch.tv\/grandepremio\">Conhe\u00e7a o canal do&nbsp;GRANDE PR\u00caMIO&nbsp;na Twitch clicando aqui!<\/a><\/strong><\/p>\n\n\n\n<p class=\"wp-block-paragraph\">Ainda segundo o comunicado, o \u201cobjetivo principal \u00e9 mostrar que, a partir da confiss\u00e3o de Ecclestone ao site alem\u00e3o F1 Insider em mar\u00e7o de 2023, os dirigentes da&nbsp;<a href=\"https:\/\/www.grandepremio.com\/br\/f1\/\" target=\"_blank\" rel=\"noreferrer noopener\">F\u00f3rmula 1<\/a>&nbsp;aplicaram erroneamente o regulamento e que Massa deveria ter sido conclamado campe\u00e3o mundial daquele ano, al\u00e9m de buscar uma indeniza\u00e7\u00e3o por danos e lucros cessantes\u201d.<\/p>\n\n\n\n<p class=\"wp-block-paragraph\">Na a\u00e7\u00e3o, o brasileiro ser\u00e1 representado pelos escrit\u00f3rios de Nick de Marco KC e Kendrah Potts, e Richard Levett e Daniel Levy, da Enyo Law. A equipe completa tamb\u00e9m \u00e9 formada por Bernardo Viana (Vieira Rezende Advogados), Antonio J. Perez-Marques (Davis Polk), Michele Bernasconi (B\u00e4r &amp; Karrer), e Olivier Loizon (Gide Loyrette Nouel).<\/p>\n\n\n\n<figure class=\"wp-block-image size-large\"><img decoding=\"async\" src=\"https:\/\/www.grandepremio.com\/br\/wp-content\/uploads\/2020\/10\/bernie-ecclestone-9-1024x683.jpg\" alt=\"\" class=\"wp-image-431314\"\/><figcaption class=\"wp-element-caption\">Bernie Ecclestone sofreu para colocar FOTA e FIA num acordo de concess\u00e3o, que acabou tirando Mosley do poder (Foto: Reprodu\u00e7\u00e3o)<\/figcaption><\/figure>\n\n\n\n<p class=\"wp-block-paragraph\">Naquele GP de Singapura de 2008, a&nbsp;<strong>Renault&nbsp;<\/strong>planejou para Alonso uma estrat\u00e9gia que seria bastante vantajosa em caso de safety-car. Por isso, combinou com Piquet um acidente na hora certa. Assim, Alonso ficou com a vit\u00f3ria, enquanto Felipe sequer pontuou ap\u00f3s um erro no pit-stop da Ferrari.&nbsp;<strong><a href=\"https:\/\/www.grandepremio.com\/br\/piloto\/lewis-hamilton\/\" target=\"_blank\" rel=\"noreferrer noopener\">Lewis Hamilton<\/a><\/strong>, que acabou o ano como campe\u00e3o, pontuou naquela prova, que acabou sendo o fiel da balan\u00e7a, j\u00e1 que o t\u00edtulo foi definido por apenas um ponto \u2014 o ingl\u00eas, por\u00e9m, n\u00e3o teve nenhuma rela\u00e7\u00e3o com a arma\u00e7\u00e3o.<\/p>\n\n\n\n<p class=\"wp-block-paragraph\">O chamado esc\u00e2ndalo \u2018<strong><em>Crashgate<\/em><\/strong>\u2019 veio a p\u00fablico em 2009, pouco ap\u00f3s Nelsinho ser demitido da Renault. Tanto&nbsp;<strong>Flavio Briatore<\/strong>, chefe de equipe, quanto&nbsp;<strong>Pat Symonds<\/strong>, diretor de engenharia, foram banidos da&nbsp;<a href=\"https:\/\/www.grandepremio.com\/br\/f1\/\" target=\"_blank\" rel=\"noreferrer noopener\">F\u00f3rmula 1<\/a>, mas eventualmente reverteram a decis\u00e3o na corte francesa e concordaram em se afastar do Mundial. A Ferrari, por sua vez, n\u00e3o adotou nenhuma medida mais incisiva para reaver as perdas, j\u00e1 que o resultado do campeonato estava homologado, ainda que Felipe tenha pedido que a corrida fosse anulada.<\/p>\n\n\n\n<p class=\"wp-block-paragraph\">O estatuto da FIA, todavia, tornava a op\u00e7\u00e3o imposs\u00edvel, j\u00e1 que, de acordo com o C\u00f3digo Esportivo Internacional, a decis\u00e3o do campeonato n\u00e3o poderia ser alterada ap\u00f3s a cerim\u00f4nia de premia\u00e7\u00e3o.<\/p>\n\n\n\n<p class=\"wp-block-paragraph\">No in\u00edcio de&nbsp;<strong>2023<\/strong>, por\u00e9m, Ecclestone restaurou a pol\u00eamica, j\u00e1 que admitiu em uma entrevista que sabia desde 2008 da manipula\u00e7\u00e3o da corrida. O ex-dirigente afirmou, contudo, que manteve o sil\u00eancio para preservar a reputa\u00e7\u00e3o da F1.<\/p>\n\n\n\n<p class=\"wp-block-paragraph\">O hoje piloto da\u00a0<strong><a href=\"https:\/\/www.grandepremio.com\/br\/stock-car\/\" target=\"_blank\" rel=\"noreferrer noopener\">Stock Car<\/a>\u00a0<\/strong>entendeu que a declara\u00e7\u00e3o do ex-chef\u00e3o representava um fato novo,\u00a0<a href=\"https:\/\/www.grandepremio.com\/br\/f1\/noticias\/felipe-massa-reage-fala-bernie-ecclestone-estuda-acao-titulo-2008-quero-justica\/\">dando a ele uma outra chance de pleitear o t\u00edtulo<\/a>. Em dezembro passado, ali\u00e1s,\u00a0<a href=\"https:\/\/www.grandepremio.com\/br\/f1\/noticias\/jean-todt-defende-felipe-massa-gp-de-singapura-2008-devia-ter-sido-apagado-cancelado\/\"><strong>Jean Todt<\/strong>, que foi chefe da Ferrari e presidente da FIA, reconheceu que a corrida de Singapura deveria ter sido apagada e cancelada<\/a>, o que mudaria o desfecho da disputa entre Massa e Hamilton.<\/p>\n\n\n\n<p class=\"wp-block-paragraph\">A\u00a0<a href=\"https:\/\/www.grandepremio.com\/br\/f1\/\" target=\"_blank\" rel=\"noreferrer noopener\"><\/a><a href=\"https:\/\/www.grandepremio.com\/br\/f1\/\" target=\"_blank\" rel=\"noreferrer noopener\">F\u00f3rmula 1<\/a>\u00a0volta entre os dias\u00a0<strong>22\u00a0<\/strong>e\u00a0<strong>24 de mar\u00e7o\u00a0<\/strong>com o\u00a0<strong>GP da Austr\u00e1lia<\/strong>, terceira etapa da temporada 2024. O\u00a0<strong>GRANDE PR\u00caMIO\u00a0<\/strong>faz a cobertura completa do fim de semana.<\/p>\n","protected":false},"excerpt":{"rendered":"<p>Bernie Ecclestone afirmou que Felipe Massa &#8220;fez a coisa certa&#8221; ao abrir processo contra ele, F\u00f3rmula 1 e FIA por conta dos acontecimentos da temporada 2008. Brasileiro quer ser reconhecido como campe\u00e3o<\/p>\n","protected":false},"author":0,"featured_media":1000431314,"comment_status":"closed","ping_status":"closed","sticky":false,"template":"","format":"standard","meta":{"42wp_featured_image_caption":"","42wp_featured_image_credits":"","42wp_featured_video":"","42wp_featured_image_hidden":false,"42wp_authors_list":[],"footnotes":""},"categories":[2],"tags":[539,26271,5273,4746,147,3230,504,176,207,103,885,4838,180,30909,1491,28285,30840,87,1186,35129,229,3073,33301],"42wp_author":[47119],"class_list":["post-85057","post","type-post","status-publish","format-standard","has-post-thumbnail","hentry","category-f1","tag-bernie-ecclestone","tag-calendario-f1","tag-classificacao-f1","tag-crashgate","tag-f1","tag-f1-2024","tag-felipe-massa","tag-fernando-alonso","tag-ferrari","tag-fia","tag-flavio-briatore","tag-fom","tag-formula-1","tag-formula-1-2024","tag-grande-premio","tag-grandepremio","tag-horarios-f1","tag-lewis-hamilton","tag-nelsinho-piquet","tag-onde-assistir-f1","tag-renault","tag-singapura","tag-temporada-2024-f1","42wp_author-gabriel-carvalho"],"_links":{"self":[{"href":"https:\/\/grandepremio.com\/br\/wp-json\/wp\/v2\/posts\/85057","targetHints":{"allow":["GET"]}}],"collection":[{"href":"https:\/\/grandepremio.com\/br\/wp-json\/wp\/v2\/posts"}],"about":[{"href":"https:\/\/grandepremio.com\/br\/wp-json\/wp\/v2\/types\/post"}],"replies":[{"embeddable":true,"href":"https:\/\/grandepremio.com\/br\/wp-json\/wp\/v2\/comments?post=85057"}],"version-history":[{"count":0,"href":"https:\/\/grandepremio.com\/br\/wp-json\/wp\/v2\/posts\/85057\/revisions"}],"wp:featuredmedia":[{"embeddable":true,"href":"https:\/\/grandepremio.com\/br\/wp-json\/wp\/v2\/media\/1000431314"}],"wp:attachment":[{"href":"https:\/\/grandepremio.com\/br\/wp-json\/wp\/v2\/media?parent=85057"}],"wp:term":[{"taxonomy":"category","embeddable":true,"href":"https:\/\/grandepremio.com\/br\/wp-json\/wp\/v2\/categories?post=85057"},{"taxonomy":"post_tag","embeddable":true,"href":"https:\/\/grandepremio.com\/br\/wp-json\/wp\/v2\/tags?post=85057"},{"taxonomy":"42wp_author","embeddable":true,"href":"https:\/\/grandepremio.com\/br\/wp-json\/wp\/v2\/42wp_author?post=85057"}],"curies":[{"name":"wp","href":"https:\/\/api.w.org\/{rel}","templated":true}]}}