{"id":85081,"date":"2024-03-11T12:34:03","date_gmt":"2024-03-11T15:34:03","guid":{"rendered":"https:\/\/grandepremio.com\/br\/noticias\/aston-martin-celebra-pontos-fernando-alonso-lamenta-alto-preco-erro-lance-stroll-jeda\/"},"modified":"2024-03-11T12:34:15","modified_gmt":"2024-03-11T15:34:15","slug":"aston-martin-celebra-pontos-fernando-alonso-lamenta-alto-preco-erro-lance-stroll-jeda","status":"publish","type":"post","link":"https:\/\/grandepremio.com\/br\/f1\/aston-martin-celebra-pontos-fernando-alonso-lamenta-alto-preco-erro-lance-stroll-jeda\/","title":{"rendered":"Aston Martin celebra pontos de Alonso e lamenta &#8220;alto pre\u00e7o&#8221; em erro de Stroll em Jed\u00e1"},"content":{"rendered":"\n<p class=\"wp-block-paragraph\">A <strong>Aston Martin<\/strong> come\u00e7ou a temporada de 2024 da <strong><a href=\"https:\/\/www.grandepremio.com\/br\/f1\/\">F\u00f3rmula 1<\/a><\/strong> com um desempenho abaixo do que foi o in\u00edcio de 2023, Enquanto a equipe subiu duas vezes ao p\u00f3dio com <strong>Fernando Alonso<\/strong> no in\u00edcio da temporada passada e tinha 38 pontos nas duas primeiras corridas, o time de <strong>Silverstone<\/strong> se contenta com apenas 13 tentos ap\u00f3s os <strong>GPs <\/strong>do <strong>Bahrein <\/strong>e da <strong>Ar\u00e1bia Saudita<\/strong>. Apesar da queda de performance, <strong>Mike Krack<\/strong>, chefe de equipe, celebra um in\u00edcio positivo \u2014 sobretudo, pelos pontos de Alonso.<\/p>\n\n\n\n<p class=\"wp-block-paragraph\">\u201cUm enorme agradcimento para todos da equipe pelo grande esfor\u00e7o. Foram tr\u00eas semanas cheias no Oriente M\u00e9dio. No geral, um come\u00e7o positivo, com muitos dados para levar para Silverstone. J\u00e1 estamos focados na pr\u00f3xima corrida\u201d, disse Krack.<\/p>\n\n\n\n<p class=\"wp-block-paragraph\">Uma das poucas coisas que se repetiu na Aston Martin com rela\u00e7\u00e3o ao in\u00edcio de temporada em 2023 foi o abandono de <strong>Lance Stroll<\/strong> no <strong>GP da Ar\u00e1bia Saudita<\/strong>, realizado nesse <strong>s\u00e1bado (9)<\/strong>. Enquanto o canadense <a href=\"https:\/\/www.grandepremio.com\/br\/f1\/noticias\/lance-stroll-tem-problemas-e-abandona-gp-da-arabia-saudita-logo-apos-pit-stop\/\">sofreu com falhas mec\u00e2nicas no ano passado<\/a>, o piloto <a href=\"https:\/\/www.grandepremio.com\/br\/video\/f1\/lance-stroll-toca-muro-escapa-da-pista-e-atinge-barreira-de-pneus-durante-gp-da-arabia-saudita\/\">estampou o muro em 2024.<\/a> O chefe da Aston Martin apontou que <strong>Jed\u00e1<\/strong> \u00e9 um circuito que n\u00e3o perdoa erros.<\/p>\n\n\n\n<p class=\"wp-block-paragraph\">\u201cOs dois pilotos estiveram sob muita press\u00e3o na largada e tiveram de acelerar muito forte por posi\u00e7\u00e3o\u201d, comentou.<\/p>\n\n\n\n<figure class=\"wp-block-image size-large\"><img decoding=\"async\" src=\"https:\/\/www.grandepremio.com\/br\/wp-content\/uploads\/2024\/03\/arabia-saudita-2024-f1-corrida-aston-martin-lance-stroll-afp-02-1024x683.jpg\" alt=\"\" class=\"wp-image-786738\"\/><figcaption class=\"wp-element-caption\">Carro de Lance Stroll \u00e9 guinchado na Ar\u00e1bia Saudita (Foto: AFP) <\/figcaption><\/figure>\n\n\n\n<p class=\"wp-block-paragraph\">\u201cInfelizmente, um pequeno erro de Lance nos custou um alto pre\u00e7o. Esse \u00e9 um circuito de rua que n\u00e3o perdoa. Mas tudo o que importa \u00e9 que ele est\u00e1 bem\u201d, completou.<\/p>\n\n\n\n<p class=\"wp-block-paragraph\">Alonso conquistou o <a href=\"https:\/\/www.grandepremio.com\/br\/f1\/noticias\/max-verstappen-aniquila-rivais-crava-pole-gp-arabia-saudita-oliver-bearman-11o\/\">quinto lugar no GP da Ar\u00e1bia Saudita<\/a>, o melhor resultado da Aston Martin no ano \u2014 o espanhol foi sido <a href=\"https:\/\/www.grandepremio.com\/br\/f1\/noticias\/max-verstappen-lava-cara-formula-1-inteira-dispara-sem-do-vence-gp-do-bahrein-formula-1\/\">nono na etapa de abertura<\/a> da F\u00f3rmula 1 2024. Krack destacou a forma do bicampe\u00e3o mundial.<\/p>\n\n\n\n<p class=\"wp-block-paragraph\">\u201cUma pilotagem muito forte do Fernando e marcamos 10 pontos para a equipe\u201d, finalizou o chefe da Aston Martin.<\/p>\n\n\n\n<p class=\"wp-block-paragraph\">A&nbsp;<a href=\"https:\/\/www.grandepremio.com\/br\/f1\/\" target=\"_blank\" rel=\"noreferrer noopener\">F\u00f3rmula 1<\/a>&nbsp;volta entre os dias&nbsp;<strong>22&nbsp;<\/strong>e&nbsp;<strong>24 de mar\u00e7o&nbsp;<\/strong>com o&nbsp;<strong>GP da Austr\u00e1lia<\/strong>, terceira etapa da temporada 2024. O&nbsp;<strong>GRANDE PR\u00caMIO&nbsp;<\/strong>faz a cobertura completa do fim de semana.<\/p>\n\n\n\n<p class=\"wp-block-paragraph\"><strong><img decoding=\"async\" src=\"https:\/\/s.w.org\/images\/core\/emoji\/14.0.0\/svg\/25b6.svg\" alt=\"\u25b6\ufe0f\" style=\"width: 20px;\">&nbsp;Inscreva-se nos dois canais do GRANDE PR\u00caMIO no YouTube:&nbsp;<a href=\"https:\/\/www.youtube.com\/channel\/UC9OlHEgxoaY6QY6nWPoiqQg?sub_confirmation=1\" target=\"_blank\" rel=\"noreferrer noopener\">GP<\/a>&nbsp;|&nbsp;<a href=\"https:\/\/www.youtube.com\/channel\/UC9csiS6q_C3C0FYhyr1rnFA?sub_confirmation=1\" target=\"_blank\" rel=\"noreferrer noopener\">GP2<\/a><\/strong><br><strong><img decoding=\"async\" src=\"https:\/\/s.w.org\/images\/core\/emoji\/14.0.0\/svg\/25b6.svg\" alt=\"\u25b6\ufe0f\" style=\"width: 20px;\">&nbsp;<a href=\"https:\/\/www.twitch.tv\/grandepremio\" target=\"_blank\" rel=\"noreferrer noopener\">Conhe\u00e7a o canal do GRANDE PR\u00caMIO na Twitch clicando aqui!<\/a><\/strong><\/p>\n\n\n\n<figure class=\"wp-block-embed is-type-video is-provider-youtube wp-block-embed-youtube wp-embed-aspect-16-9 wp-has-aspect-ratio\"><div class=\"wp-block-embed__wrapper\">\n<iframe loading=\"lazy\" title=\"Enzo FITTIPALDI prova que ainda tem BRA\u00c7O para brigar por VIT\u00d3RIAS na F2 2024 | GP \u00e0s 10\" width=\"500\" height=\"281\" src=\"https:\/\/www.youtube.com\/embed\/w00YYCoPg-k?feature=oembed\" frameborder=\"0\" allow=\"accelerometer; autoplay; clipboard-write; encrypted-media; gyroscope; picture-in-picture; web-share\" referrerpolicy=\"strict-origin-when-cross-origin\" allowfullscreen><\/iframe>\n<\/div><\/figure>\n","protected":false},"excerpt":{"rendered":"<p>Mesmo distante do desempenho de 2023, Mike Krack, chefe da equipe da Aston Martin, classifica in\u00edcio na temporada 2024 como positivo<\/p>\n","protected":false},"author":0,"featured_media":1000786791,"comment_status":"closed","ping_status":"closed","sticky":false,"template":"","format":"standard","meta":{"42wp_featured_image_caption":"","42wp_featured_image_credits":"","42wp_featured_video":"","42wp_featured_image_hidden":false,"42wp_authors_list":[],"footnotes":""},"categories":[2],"tags":[309,1667,26271,5273,147,3230,176,207,180,30909,26266,1753,1754,1491,28285,30840,485,1757,35129,13632],"42wp_author":[47155],"class_list":["post-85081","post","type-post","status-publish","format-standard","has-post-thumbnail","hentry","category-f1","tag-aston-martin","tag-bahrein","tag-calendario-f1","tag-classificacao-f1","tag-f1","tag-f1-2024","tag-fernando-alonso","tag-ferrari","tag-formula-1","tag-formula-1-2024","tag-gp-da-arabia-saudita","tag-gp-da-australia","tag-gp-do-bahrein","tag-grande-premio","tag-grandepremio","tag-horarios-f1","tag-lance-stroll","tag-melbourne","tag-onde-assistir-f1","tag-stroll","42wp_author-daniel-balsa"],"_links":{"self":[{"href":"https:\/\/grandepremio.com\/br\/wp-json\/wp\/v2\/posts\/85081","targetHints":{"allow":["GET"]}}],"collection":[{"href":"https:\/\/grandepremio.com\/br\/wp-json\/wp\/v2\/posts"}],"about":[{"href":"https:\/\/grandepremio.com\/br\/wp-json\/wp\/v2\/types\/post"}],"replies":[{"embeddable":true,"href":"https:\/\/grandepremio.com\/br\/wp-json\/wp\/v2\/comments?post=85081"}],"version-history":[{"count":0,"href":"https:\/\/grandepremio.com\/br\/wp-json\/wp\/v2\/posts\/85081\/revisions"}],"wp:featuredmedia":[{"embeddable":true,"href":"https:\/\/grandepremio.com\/br\/wp-json\/wp\/v2\/media\/1000786791"}],"wp:attachment":[{"href":"https:\/\/grandepremio.com\/br\/wp-json\/wp\/v2\/media?parent=85081"}],"wp:term":[{"taxonomy":"category","embeddable":true,"href":"https:\/\/grandepremio.com\/br\/wp-json\/wp\/v2\/categories?post=85081"},{"taxonomy":"post_tag","embeddable":true,"href":"https:\/\/grandepremio.com\/br\/wp-json\/wp\/v2\/tags?post=85081"},{"taxonomy":"42wp_author","embeddable":true,"href":"https:\/\/grandepremio.com\/br\/wp-json\/wp\/v2\/42wp_author?post=85081"}],"curies":[{"name":"wp","href":"https:\/\/api.w.org\/{rel}","templated":true}]}}