{"id":85106,"date":"2024-03-11T10:21:25","date_gmt":"2024-03-11T13:21:25","guid":{"rendered":"https:\/\/grandepremio.com\/br\/noticias\/jerome-dambrosio-segue-barca-prepara-troca-mercedes-ferrari-formula-1-2025\/"},"modified":"2024-03-11T10:57:23","modified_gmt":"2024-03-11T13:57:23","slug":"jerome-dambrosio-segue-barca-prepara-troca-mercedes-ferrari-formula-1-2025","status":"publish","type":"post","link":"https:\/\/grandepremio.com\/br\/f1\/jerome-dambrosio-segue-barca-prepara-troca-mercedes-ferrari-formula-1-2025\/","title":{"rendered":"D&#8217;Ambrosio segue barca e prepara troca de Mercedes por Ferrari na F\u00f3rmula 1 2025"},"content":{"rendered":"\n<p class=\"wp-block-paragraph\">Substituto de <strong>Toto Wolff<\/strong> no comando da <strong>Mercedes<\/strong> <a href=\"https:\/\/www.grandepremio.com\/br\/f1\/noticias\/mercedes-elege-jerome-dambrosio-substituir-toto-wolff-durante-corridas-quando-necessario\/\">quando necess\u00e1rio<\/a>, <strong>J\u00e9r\u00f4me D&#8217;Ambrosio <\/strong>est\u00e1 de partida para a <strong>Ferrari<\/strong>. O ex-piloto, <a href=\"https:\/\/www.grandepremio.com\/br\/f1\/noticias\/toto-wolff-desfalca-mercedes-japao-cirurgia-joelho-jerome-dambrosio-assume-chefia\/\">que chegou a assumir a lideran\u00e7a da equipe alem\u00e3 no ano passado na aus\u00eancia do chefe austr\u00edaco<\/a>, deixar\u00e1 <strong>Brackley <\/strong>ao final do contrato vigente, que termina ao final da <strong>temporada 2024<\/strong> da <strong>F\u00f3rmula 1<\/strong>.<\/p>\n\n\n\n<p class=\"wp-block-paragraph\">A informa\u00e7\u00e3o \u00e9 do site neerland\u00eas RacingNews365.com. A revista inglesa Autosport ainda complementou que um dos poss\u00edveis destinos do belga em <strong>Maranello <\/strong>\u00e9 a academia de pilotos, atualmente sob o comando de<strong> Jock Clear<\/strong>. <\/p>\n\n\n\n<p class=\"wp-block-paragraph\">A mudan\u00e7a, no entanto, nada teria a ver diretamente com a ida de <strong>Lewis Hamilton<\/strong> para a Ferrari, de acordo com a publica\u00e7\u00e3o inglesa. \u00c9 desejo de D&#8217;Ambrosio e de sua fam\u00edlia retornar \u00e0 Europa continental.<\/p>\n\n\n\n<p class=\"wp-block-paragraph\">D\u2019Ambrosio juntou-se \u00e0 equipe de Brackley para ser respons\u00e1vel&nbsp;<a href=\"https:\/\/www.grandepremio.com\/br\/f1\/noticias\/mercedes-contrata-jerome-dambrosio-para-cargo-de-desenvolvimento-de-pilotos-na-formula-1\/\">pelo gerenciamento e desenvolvimento de pilotos<\/a>. Tal cargo ficou aberto desde que&nbsp;<strong>James Vowles<\/strong>&nbsp;encerrou o seu v\u00ednculo com o time alem\u00e3o, transferindo-se para a&nbsp;<strong>Williams<\/strong>. A partir da\u00ed, passou a ser visto, frequentemente, ao lado de&nbsp;Wolff na pr\u00e9-temporada e em outras participa\u00e7\u00f5es da equipe.<\/p>\n\n\n\n<figure class=\"wp-block-image size-large\"><img decoding=\"async\" src=\"https:\/\/www.grandepremio.com\/br\/wp-content\/uploads\/2023\/03\/DAmbrosio-na-FE-1024x576.png\" alt=\"\" class=\"wp-image-661693\"\/><figcaption class=\"wp-element-caption\">D&#8217;Ambrosio foi chefe da Venturi na F\u00f3rmula E, quando deixou o cargo por conta da transi\u00e7\u00e3o para a Maserati (Foto: F\u00f3rmula E\/Divulga\u00e7\u00e3o)<\/figcaption><\/figure>\n\n\n\n<p class=\"wp-block-paragraph\">Na F1, o belga foi piloto da <strong>Marussia Virgin<\/strong> em 2011 e ainda participou de uma corrida pela <strong>Lotus<\/strong>, em 2012, no <strong>GP da It\u00e1lia<\/strong>, realizado no circuito de&nbsp;<a href=\"https:\/\/www.grandepremio.com\/br\/circuito\/monza\/\" target=\"_blank\" rel=\"noreferrer noopener\"><strong>Monza<\/strong><\/a>, onde conseguiu o seu melhor resultado na categoria: o 13\u00ba lugar. J\u00e1 na<strong>&nbsp;<a href=\"https:\/\/www.grandepremio.com\/br\/formula-e\/\" target=\"_blank\" rel=\"noreferrer noopener\">F\u00f3rmula E<\/a><\/strong>, D\u2019Ambrosio correu de 2014 a 2020, pela <strong>Dragon <\/strong>e pela <strong>Mahindra<\/strong>, conquistando tr\u00eas vit\u00f3rias.<\/p>\n\n\n\n<p class=\"wp-block-paragraph\"><a href=\"https:\/\/www.grandepremio.com\/br\/formula-e\/noticias\/ex-f1-e-fe-dambrosio-se-aposenta-como-piloto-e-vira-dirigente-da-venturi\/\">Quando se aposentou, assumiu o gerenciamento da <strong>Venturi<\/strong><\/a>. Em novembro de 2021,&nbsp;<a href=\"https:\/\/www.grandepremio.com\/br\/formula-e\/noticias\/venturi-promove-susie-wolff-ceo-escala-jerome-dambrosio-novo-chefe-de-equipe\/\">foi promovido a chefe<\/a>&nbsp;e conduziu a equipe ao segundo lugar na&nbsp;<a href=\"https:\/\/www.grandepremio.com\/br\/formula-e\/\" target=\"_blank\" rel=\"noreferrer noopener\">F\u00f3rmula E<\/a>, antes de sair em setembro do ano passado por conta da transi\u00e7\u00e3o para a Maserati.<\/p>\n\n\n\n<p class=\"wp-block-paragraph\">D&#8217;Ambrosio \u00e9 o segundo nome da Mercedes ligado \u00e0 Ferrari para 2025, Hamilton \u00e0 parte.<a href=\"https:\/\/www.grandepremio.com\/br\/f1\/noticias\/decisao-lewis-hamilton-fator-ida-diretor-mercedes-ferrari-2025\/\">&nbsp;<strong>Lo\u00efc Serra<\/strong>, diretor de desempenho<\/a>, est\u00e1 de malas prontas para a italiana, <a href=\"https:\/\/www.grandepremio.com\/br\/f1\/noticias\/ferrari-explica-estreia-ex-diretor-mercedes-2025-ainda-esta-discussao\/\">mas ainda ter\u00e1 de aguardar o per\u00edodo de car\u00eancia<\/a> at\u00e9 assumir fun\u00e7\u00f5es em Maranello.<\/p>\n\n\n\n<p class=\"wp-block-paragraph\">A&nbsp;<a href=\"https:\/\/www.grandepremio.com\/br\/f1\/\" target=\"_blank\" rel=\"noreferrer noopener\"><\/a><a href=\"https:\/\/www.grandepremio.com\/br\/f1\/\" target=\"_blank\" rel=\"noreferrer noopener\">F\u00f3rmula 1<\/a>&nbsp;volta entre os dias&nbsp;<strong>22&nbsp;<\/strong>e&nbsp;<strong>24 de mar\u00e7o&nbsp;<\/strong>com o&nbsp;<strong>GP da Austr\u00e1lia<\/strong>, terceira etapa da temporada 2024. O&nbsp;<strong>GRANDE PR\u00caMIO&nbsp;<\/strong>faz a cobertura completa do fim de semana.<\/p>\n\n\n\n<p class=\"wp-block-paragraph\"><strong><img decoding=\"async\" src=\"https:\/\/s.w.org\/images\/core\/emoji\/14.0.0\/svg\/25b6.svg\" alt=\"\u25b6\ufe0f\" style=\"width: 20px;\">&nbsp;Inscreva-se nos dois canais do GRANDE PR\u00caMIO no YouTube:&nbsp;<a href=\"https:\/\/www.youtube.com\/channel\/UC9OlHEgxoaY6QY6nWPoiqQg?sub_confirmation=1\" target=\"_blank\" rel=\"noreferrer noopener\">GP<\/a>&nbsp;|&nbsp;<a href=\"https:\/\/www.youtube.com\/channel\/UC9csiS6q_C3C0FYhyr1rnFA?sub_confirmation=1\" target=\"_blank\" rel=\"noreferrer noopener\">GP2<\/a><\/strong><br><strong><img decoding=\"async\" src=\"https:\/\/s.w.org\/images\/core\/emoji\/14.0.0\/svg\/25b6.svg\" alt=\"\u25b6\ufe0f\" style=\"width: 20px;\">&nbsp;<a href=\"https:\/\/www.twitch.tv\/grandepremio\" target=\"_blank\" rel=\"noreferrer noopener\">Conhe\u00e7a o canal do GRANDE PR\u00caMIO na Twitch clicando aqui!<\/a><\/strong><\/p>\n\n\n\n<figure class=\"wp-block-embed is-type-video is-provider-youtube wp-block-embed-youtube wp-embed-aspect-16-9 wp-has-aspect-ratio\"><div class=\"wp-block-embed__wrapper\">\n<iframe loading=\"lazy\" title=\"VERSTAPPEN D\u00c1 AULA e vence GP da AR\u00c1BIA SAUDITA de F1. P\u00e9rez 2\u00ba, Leclerc 3\u00ba | Briefing\" width=\"500\" height=\"281\" src=\"https:\/\/www.youtube.com\/embed\/vlZGoyHnqeY?feature=oembed\" frameborder=\"0\" allow=\"accelerometer; autoplay; clipboard-write; encrypted-media; gyroscope; picture-in-picture; web-share\" referrerpolicy=\"strict-origin-when-cross-origin\" allowfullscreen><\/iframe>\n<\/div><\/figure>\n","protected":false},"excerpt":{"rendered":"<p>A informa\u00e7\u00e3o \u00e9 do site neerland\u00eas RacingNews365.com. Atual substituto de Toto Wolff no comando da Mercedes quando necess\u00e1rio, o ex-piloto belga pode assumir fun\u00e7\u00f5es na academia italiana<\/p>\n","protected":false},"author":0,"featured_media":1000662657,"comment_status":"closed","ping_status":"closed","sticky":false,"template":"","format":"standard","meta":{"42wp_featured_image_caption":"","42wp_featured_image_credits":"","42wp_featured_video":"","42wp_featured_image_hidden":false,"42wp_authors_list":[],"footnotes":""},"categories":[2],"tags":[26271,5273,147,3230,207,180,30909,26266,1491,28285,30840,26627,38612,31217,1864,82,35129,33301],"42wp_author":[47147],"class_list":["post-85106","post","type-post","status-publish","format-standard","has-post-thumbnail","hentry","category-f1","tag-calendario-f1","tag-classificacao-f1","tag-f1","tag-f1-2024","tag-ferrari","tag-formula-1","tag-formula-1-2024","tag-gp-da-arabia-saudita","tag-grande-premio","tag-grandepremio","tag-horarios-f1","tag-jeda","tag-jeda-2024","tag-jeda-f1","tag-jerome-dambrosio","tag-mercedes","tag-onde-assistir-f1","tag-temporada-2024-f1","42wp_author-luana-marino"],"_links":{"self":[{"href":"https:\/\/grandepremio.com\/br\/wp-json\/wp\/v2\/posts\/85106","targetHints":{"allow":["GET"]}}],"collection":[{"href":"https:\/\/grandepremio.com\/br\/wp-json\/wp\/v2\/posts"}],"about":[{"href":"https:\/\/grandepremio.com\/br\/wp-json\/wp\/v2\/types\/post"}],"replies":[{"embeddable":true,"href":"https:\/\/grandepremio.com\/br\/wp-json\/wp\/v2\/comments?post=85106"}],"version-history":[{"count":0,"href":"https:\/\/grandepremio.com\/br\/wp-json\/wp\/v2\/posts\/85106\/revisions"}],"wp:featuredmedia":[{"embeddable":true,"href":"https:\/\/grandepremio.com\/br\/wp-json\/wp\/v2\/media\/1000662657"}],"wp:attachment":[{"href":"https:\/\/grandepremio.com\/br\/wp-json\/wp\/v2\/media?parent=85106"}],"wp:term":[{"taxonomy":"category","embeddable":true,"href":"https:\/\/grandepremio.com\/br\/wp-json\/wp\/v2\/categories?post=85106"},{"taxonomy":"post_tag","embeddable":true,"href":"https:\/\/grandepremio.com\/br\/wp-json\/wp\/v2\/tags?post=85106"},{"taxonomy":"42wp_author","embeddable":true,"href":"https:\/\/grandepremio.com\/br\/wp-json\/wp\/v2\/42wp_author?post=85106"}],"curies":[{"name":"wp","href":"https:\/\/api.w.org\/{rel}","templated":true}]}}