{"id":8522,"date":"2026-05-24T19:25:02","date_gmt":"2026-05-24T22:25:02","guid":{"rendered":"https:\/\/grandepremio.com\/br\/noticias\/fernando-alonso-critica-aston-martin-frustrante-canada-mas-admite-um-pouco-melhor\/"},"modified":"2026-05-24T19:39:30","modified_gmt":"2026-05-24T22:39:30","slug":"fernando-alonso-critica-aston-martin-frustrante-canada-mas-admite-um-pouco-melhor","status":"publish","type":"post","link":"https:\/\/grandepremio.com\/br\/f1\/fernando-alonso-critica-aston-martin-frustrante-canada-mas-admite-um-pouco-melhor\/","title":{"rendered":"Alonso critica Aston Martin &#8220;frustrante&#8221; no Canad\u00e1, mas admite: &#8220;Foi um pouco melhor&#8221;"},"content":{"rendered":"\n<p class=\"wp-block-paragraph\"><strong>Fernando Alonso<\/strong> viveu mais um fim de semana discreto com a <strong>Aston Martin<\/strong> em 2026. <a href=\"https:\/\/www.grandepremio.com\/br\/f1\/noticias\/andrea-kimi-antonelli-quebra-george-russell-gp-do-canada-dispara-f1-gabriel-bortoleto\/\">Neste fim de semana<\/a>, no <strong>GP do Canad\u00e1<\/strong>, o piloto espanhol at\u00e9 largou bem da 19\u00aa coloca\u00e7\u00e3o, mas rapidamente despencou de volta para o fundo do pelot\u00e3o e acabou abandonando na metade inicial da corrida. No final, fez um balan\u00e7o de como foi a rodada para a equipe de <strong>Silverstone<\/strong>. <\/p>\n\n\n\n<p class=\"wp-block-paragraph\">Alonso, mais uma vez, lamentou o &#8220;ritmo frustrante&#8221; da Aston Martin e disse que era imposs\u00edvel sustentar a boa largada por conta da fraca performance do carro. De qualquer forma, recolheu o carro com um problema no assento, como confirmou na conversa com a <strong>F1 <\/strong>ap\u00f3s a bandeira quadriculada. <\/p>\n\n\n\n<figure class=\"wp-block-embed is-type-video is-provider-youtube wp-block-embed-youtube wp-embed-aspect-16-9 wp-has-aspect-ratio\"><div class=\"wp-block-embed__wrapper\">\n<iframe loading=\"lazy\" title=\"F1: ANTONELLI VENCE, RUSSELL ABANDONA: CLIMA ESQUENTA NO CANAD\u00c1 [Briefing + narra\u00e7\u00e3o]\" width=\"500\" height=\"281\" src=\"https:\/\/www.youtube.com\/embed\/lwfu2jQrFj8?feature=oembed\" frameborder=\"0\" allow=\"accelerometer; autoplay; clipboard-write; encrypted-media; gyroscope; picture-in-picture; web-share\" referrerpolicy=\"strict-origin-when-cross-origin\" allowfullscreen><\/iframe>\n<\/div><\/figure>\n\n\n\n<p class=\"wp-block-paragraph\">Por conta da complicada posi\u00e7\u00e3o da Aston Martin em pista, Alonso reconhece que \u00e9 capaz de arriscar mais do que os advers\u00e1rios. Ainda assim, n\u00e3o foi o suficiente para ter alguma chance em Montreal. <\/p>\n\n\n\n<p class=\"wp-block-paragraph\">\u201cAl\u00e9m do abandono, o ritmo estava frustrante tamb\u00e9m. Tivemos uma boa largada, mas logo come\u00e7amos a cair e voltamos para nossa posi\u00e7\u00e3o natural. N\u00e3o tivemos ritmo para sustentar aquele bom come\u00e7o. Mas a largada at\u00e9 foi divertida. Podemos arriscar mais do que os outros, j\u00e1 que estamos fora dos pontos\u201d, comentou Alonso. <\/p>\n\n\n\n<p class=\"wp-block-paragraph\">Por outro lado, Alonso reconheceu que a Aston Martin foi um pouco mais competitiva no Canad\u00e1, o que j\u00e1 acendeu uma chama de esperan\u00e7a para o <strong>GP de M\u00f4naco<\/strong>. O espanhol destacou como o travado circuito de <strong>Monte Carlo<\/strong> pode ser bom para a equipe, j\u00e1 que o motor n\u00e3o \u00e9 o principal diferencial por l\u00e1. <\/p>\n\n\n\n<p class=\"wp-block-paragraph\">\u201cFoi um fim de semana um pouco melhor em compara\u00e7\u00e3o com os \u00faltimos, fomos mais competitivos. Vamos ver se conseguimos manter esse embalo. O pr\u00f3ximo circuito, em M\u00f4naco, \u00e9 bem diferente, bem mais lento, ent\u00e3o o motor ser\u00e1 um fator menos importante. Talvez possamos ter mais esperan\u00e7as\u201d, encerrou Alonso. <\/p>\n\n\n\n<p class=\"wp-block-paragraph\">A F\u00f3rmula 1 retorna entre os dias\u00a0<strong>5 e 7 de junho<\/strong>, com a realiza\u00e7\u00e3o do\u00a0<strong>GP de M\u00f4naco<\/strong>, sexta etapa da temporada 2026.<\/p>\n\n\n\n<p class=\"wp-block-paragraph\">\u25b6\ufe0f<strong>F1:\u00a0<a href=\"https:\/\/www.grandepremio.com\/br\/f1\/calendario\/\">confira o calend\u00e1rio completo de 2026<\/a><\/strong><br>\u25b6\ufe0f<strong>Inscreva-se nos dois canais do GRANDE PR\u00caMIO no YouTube:\u00a0<a href=\"https:\/\/www.youtube.com\/channel\/UC9OlHEgxoaY6QY6nWPoiqQg?sub_confirmation=1\">GP<\/a>\u00a0|\u00a0<a href=\"https:\/\/www.youtube.com\/channel\/UC9csiS6q_C3C0FYhyr1rnFA?sub_confirmation=1\">GPTV<\/a><\/strong><\/p>\n\n\n\n<h2 class=\"wp-block-heading\" id=\"h-f1-hoje-saiba-aqui-as-noticias-mais-importantes-do-dia-da-formula-1\"><strong>F1 hoje: saiba aqui as not\u00edcias mais importantes do dia da F\u00f3rmula 1<\/strong><\/h2>\n\n\n\n<p class=\"wp-block-paragraph\">A reda\u00e7\u00e3o do&nbsp;<strong>GRANDE PR\u00caMIO<\/strong>&nbsp;selecionou as not\u00edcias mais importantes das \u00faltimas horas para voc\u00ea ficar por dentro de tudo que acontece na F1.<\/p>\n\n\n\n<p class=\"wp-block-paragraph\">\u00a0\u25b6\ufe0f<strong><a href=\"https:\/\/www.grandepremio.com\/br\/f1\/noticias\/andrea-kimi-antonelli-se-torna-1o-piloto-f1-vencer-4-primeiros-gps-carreira-forma-seguida\/\">Antonelli se torna 1\u00ba piloto da F1 a vencer 4 primeiros GPs da carreira de forma seguida<\/a><\/strong><br>\u00a0\u25b6\ufe0f<strong><a href=\"https:\/\/www.grandepremio.com\/br\/f1\/noticias\/andrea-kimi-antonelli-quebra-george-russell-gp-do-canada-dispara-f1-gabriel-bortoleto\/\">Antonelli aproveita quebra de Russell, vence GP do Canad\u00e1 e dispara na F1. Bortoleto \u00e9 13\u00ba<\/a><\/strong><br> \u25b6\ufe0f<strong><a href=\"https:\/\/www.grandepremio.com\/br\/f1\/noticias\/lando-norris-diz-george-russell-andrea-kimi-antonelli-tem-algo-provar-apos-disputa-canada\/\">Russell sofre quebra enquanto liderava e abandona GP do Canad\u00e1 da F1 2026<\/a><\/strong><br>\u00a0\u25b6\ufe0f<strong><a href=\"https:\/\/www.grandepremio.com\/br\/f1\/noticias\/speed-trap-velocidades-maximas-classificacao-gp-do-canada-f1-2026\/\">Russell v\u00ea carro quebrar e abandona GP do Canad\u00e1 ap\u00f3s pega eletrizante contra Antonelli<\/a><\/strong><br>\u00a0\u25b6\ufe0f<strong><a href=\"https:\/\/www.grandepremio.com\/br\/galeria\/f1\/dificuldades-sprint-q2-realista-como-foi-sabado-gabriel-bortoleto-gp-canada\/\">Antonelli trava pneus e quase acerta traseira de Russell em disputa no GP do Canad\u00e1<\/a><\/strong><a href=\"https:\/\/www.grandepremio.com\/br\/f1\/noticias\/oscar-piastri-desanimo-classificacao-sprint-canada-mercedes-muito-forte\/\"><br><\/a>\u00a0\u25b6\ufe0f<strong><a href=\"https:\/\/www.grandepremio.com\/br\/f1\/noticias\/red-bull-minimiza-distancia-rivais-diz-esta-explorando-carro-canada\/\">GP do Canad\u00e1 passa por duas largadas abortadas e tem dura\u00e7\u00e3o reduzida para 68 voltas<\/a><\/strong><br>\u00a0\u25b6\ufe0f<strong><a href=\"https:\/\/www.grandepremio.com\/br\/f1\/noticias\/mercedes-celebra-primeira-fila-canada-reforca-regras-basicas-disputa-interna\/\">Bearman admite problemas com atualiza\u00e7\u00f5es e que \u201ccorre atr\u00e1s do pr\u00f3prio rabo\u201d no Canad\u00e1<\/a><\/strong><a href=\"https:\/\/www.grandepremio.com\/br\/chefao\/\" target=\"_blank\" rel=\"noreferrer noopener\"><\/a><\/p>\n","protected":false},"excerpt":{"rendered":"<p>Fernando Alonso lamentou o abandono do GP do Canad\u00e1 e tamb\u00e9m o ritmo da Aston Martin neste final de semana. Ainda assim, entende que a etapa em Montreal foi melhor do que as anteriores para a equipe<\/p>\n","protected":false},"author":0,"featured_media":1001090651,"comment_status":"closed","ping_status":"closed","sticky":false,"template":"","format":"standard","meta":{"42wp_featured_image_caption":"","42wp_featured_image_credits":"","42wp_featured_video":"","42wp_featured_image_hidden":false,"42wp_authors_list":[],"footnotes":""},"categories":[2],"tags":[309,26271,25053,5273,147,29516,29148,176,180,31425,28995,14357,39820,1491,28285,30840,4486,46843,31785,35129,31470],"42wp_author":[47162],"class_list":["post-8522","post","type-post","status-publish","format-standard","has-post-thumbnail","hentry","category-f1","tag-aston-martin","tag-calendario-f1","tag-canada","tag-classificacao-f1","tag-f1","tag-f1-2026","tag-f1-hoje","tag-fernando-alonso","tag-formula-1","tag-formula-1-2026","tag-formula-1-hoje","tag-gp-do-canada","tag-gp-do-canada-f1","tag-grande-premio","tag-grandepremio","tag-horarios-f1","tag-montreal","tag-montreal-2026","tag-montreal-f1","tag-onde-assistir-f1","tag-temporada-2026-f1","42wp_author-giovani-danjo"],"_links":{"self":[{"href":"https:\/\/grandepremio.com\/br\/wp-json\/wp\/v2\/posts\/8522","targetHints":{"allow":["GET"]}}],"collection":[{"href":"https:\/\/grandepremio.com\/br\/wp-json\/wp\/v2\/posts"}],"about":[{"href":"https:\/\/grandepremio.com\/br\/wp-json\/wp\/v2\/types\/post"}],"replies":[{"embeddable":true,"href":"https:\/\/grandepremio.com\/br\/wp-json\/wp\/v2\/comments?post=8522"}],"version-history":[{"count":0,"href":"https:\/\/grandepremio.com\/br\/wp-json\/wp\/v2\/posts\/8522\/revisions"}],"wp:featuredmedia":[{"embeddable":true,"href":"https:\/\/grandepremio.com\/br\/wp-json\/wp\/v2\/media\/1001090651"}],"wp:attachment":[{"href":"https:\/\/grandepremio.com\/br\/wp-json\/wp\/v2\/media?parent=8522"}],"wp:term":[{"taxonomy":"category","embeddable":true,"href":"https:\/\/grandepremio.com\/br\/wp-json\/wp\/v2\/categories?post=8522"},{"taxonomy":"post_tag","embeddable":true,"href":"https:\/\/grandepremio.com\/br\/wp-json\/wp\/v2\/tags?post=8522"},{"taxonomy":"42wp_author","embeddable":true,"href":"https:\/\/grandepremio.com\/br\/wp-json\/wp\/v2\/42wp_author?post=8522"}],"curies":[{"name":"wp","href":"https:\/\/api.w.org\/{rel}","templated":true}]}}