{"id":85501,"date":"2024-03-08T15:52:25","date_gmt":"2024-03-08T18:52:25","guid":{"rendered":"https:\/\/grandepremio.com\/br\/noticias\/helmut-marko-admite-possibilidade-suspenso-nova-investigacao-red-bull\/"},"modified":"2024-03-08T15:55:22","modified_gmt":"2024-03-08T18:55:22","slug":"helmut-marko-admite-possibilidade-suspenso-nova-investigacao-red-bull","status":"publish","type":"post","link":"https:\/\/grandepremio.com\/br\/f1\/helmut-marko-admite-possibilidade-suspenso-nova-investigacao-red-bull\/","title":{"rendered":"Marko admite possibilidade de ser suspenso em nova investiga\u00e7\u00e3o da Red Bull"},"content":{"rendered":"\n<p class=\"wp-block-paragraph\">O clima na <strong>Red Bull<\/strong>, decididamente, vai de mal a pior. Em meio a diversas pol\u00eamicas e uma enorme briga pelo poder, <strong>Helmut Marko<\/strong> disse durante a classifica\u00e7\u00e3o da<strong> F\u00f3rmula 1<\/strong> na <strong>Ar\u00e1bia Saudita <\/strong>que pode ser suspenso pela equipe, o que levaria a uma aus\u00eancia no<strong> GP da Austr\u00e1lia<\/strong>, terceira etapa da temporada 2024, marcada para acontecer entre os dias <strong>22 e 24 de mar\u00e7o<\/strong>.<\/p>\n\n\n\n<p class=\"wp-block-paragraph\">Em entrevista ao canal austr\u00edaco<em> ORF<\/em>, o dirigente n\u00e3o entrou em detalhes, mas revelou que h\u00e1 uma investiga\u00e7\u00e3o da Red Bull em andamento. \u201cEssa possibilidade existe\u201d, declarou. \u201c\u00c9 dif\u00edcil explicar, mas, no final, eu decido o que vou fazer. \u00c9 um problema bem complexo\u201d, completou.<\/p>\n\n\n\n<p class=\"wp-block-paragraph\">De acordo com o portal <em>Motorsport<\/em>, o dirigente est\u00e1 sendo investigado pela Red Bull por supostamente vazar informa\u00e7\u00f5es internas \u2014 ou seja, fazer o &#8216;Caso Horner&#8217; se tornar p\u00fablico.<\/p>\n\n\n\n<p class=\"wp-block-paragraph\">Marko afirmou que deseja por tempos mais amig\u00e1veis na Red Bull. Diante de uma temporada longa, com 23 corridas pela frente \u2014 contando com o <strong>GP da Ar\u00e1bia Saudita<\/strong>, marcado para esse s\u00e1bado (9) \u2014, o dirigente prega foco para conquistar mais um t\u00edtulo.<\/p>\n\n\n\n<figure class=\"wp-block-image size-large\"><img decoding=\"async\" src=\"https:\/\/www.grandepremio.com\/br\/wp-content\/uploads\/2023\/07\/f1-2023-austria-corrida-redbull-helmutmarko-afp-01-1024x713.jpg\" alt=\"\" class=\"wp-image-703363\"\/><figcaption class=\"wp-element-caption\">Marko confia na supera\u00e7\u00e3o do Caso Horner por parte da Red Bull (Foto: AFP) <\/figcaption><\/figure>\n\n\n\n<p class=\"wp-block-paragraph\">\u201cNovamente, queremos paz como equipe. Vamos ver o que acontece. Esse campeonato ser\u00e1 dif\u00edcil com 24 provas e temos de nos concentrar nisso\u201d, pontuou.<\/p>\n\n\n\n<p class=\"wp-block-paragraph\">Marko tamb\u00e9m comentou sobre a situa\u00e7\u00e3o de <strong>Max Verstappen<\/strong>, <a href=\"https:\/\/www.grandepremio.com\/br\/f1\/noticias\/max-verstappen-clausula-escape-pode-deixar-red-bull-eventual-saida-helmut-marko\/\" target=\"_blank\" rel=\"noreferrer noopener\">que teria uma cl\u00e1usula no contrato que permitiria sua sa\u00edda<\/a> no caso de demiss\u00e3o do dirigente.<\/p>\n\n\n\n<p class=\"wp-block-paragraph\">\u201cDefinitivamente, Max tem a condi\u00e7\u00e3o mais forte. N\u00e3o tem piloto mais r\u00e1pido que ele no momento. Perd\u00ea-lo seria uma grande derrota, tamb\u00e9m para os mec\u00e2nicos e engenheiros, que se esfor\u00e7am para trabalhar para ele\u201d, finalizou.<\/p>\n\n\n\n<p class=\"wp-block-paragraph\">O <strong>GRANDE PR\u00caMIO <\/strong>acompanha\u00a0<a href=\"https:\/\/www.grandepremio.com\/br\/ao-vivo\/f1\/\" target=\"_blank\" rel=\"noreferrer noopener\">AO VIVO e EM\u00a0<\/a><a href=\"https:\/\/www.grandepremio.com\/br\/ao-vivo\/\" target=\"_blank\" rel=\"noreferrer noopener\">TEMPO REAL<\/a>\u00a0todas as atividades do GP da Ar\u00e1bia Saudita, em\u00a0<a href=\"https:\/\/www.grandepremio.com\/br\/circuito\/jida\/\" target=\"_blank\" rel=\"noreferrer noopener\">Jed\u00e1<\/a>, e transmite a corrida em segunda tela, em parceria com a Voz do Esporte, na\u00a0<a href=\"https:\/\/www.youtube.com\/c\/GrandePremioTV\/streams\" target=\"_blank\" rel=\"noreferrer noopener\">GPTV, o canal do GP no Youtube<\/a>. Al\u00e9m disso, debate tudo que aconteceu na pista com o Briefing ap\u00f3s segundo treino livre e classifica\u00e7\u00e3o, al\u00e9m de antes e depois da corrida. No s\u00e1bado (9), a largada est\u00e1 marcada para as 14h (de Bras\u00edlia, GMT-3).<\/p>\n\n\n\n<p class=\"wp-block-paragraph\"><strong><img decoding=\"async\" src=\"https:\/\/s.w.org\/images\/core\/emoji\/14.0.0\/svg\/25b6.svg\" alt=\"\u25b6\ufe0f\" style=\"width: 20px\">&nbsp;Inscreva-se nos dois canais do&nbsp;GRANDE PR\u00caMIO&nbsp;no YouTube:&nbsp;<a href=\"https:\/\/www.youtube.com\/channel\/UC9OlHEgxoaY6QY6nWPoiqQg?sub_confirmation=1\">GP<\/a>&nbsp;|&nbsp;<a href=\"https:\/\/www.youtube.com\/channel\/UC9csiS6q_C3C0FYhyr1rnFA?sub_confirmation=1\">GP2<\/a><br><strong><img decoding=\"async\" style=\"width: 20px\" src=\"https:\/\/s.w.org\/images\/core\/emoji\/14.0.0\/svg\/25b6.svg\" alt=\"\u25b6\ufe0f\">&nbsp;<\/strong><a href=\"https:\/\/www.twitch.tv\/grandepremio\">&nbsp;Conhe\u00e7a o canal do&nbsp;GRANDE PR\u00caMIO&nbsp;na Twitch clicando aqui!<\/a><\/strong><\/p>\n\n\n\n<figure class=\"wp-block-embed is-type-video is-provider-youtube wp-block-embed-youtube wp-embed-aspect-16-9 wp-has-aspect-ratio\"><div class=\"wp-block-embed__wrapper\">\n<iframe loading=\"lazy\" title=\"VERSTAPPEN IMBAT\u00cdVEL \u00e9 POLE da F1 na AR\u00c1BIA SAUDITA. LECLERC 2\u00ba, P\u00c9REZ 3\u00ba | Briefing\" width=\"500\" height=\"281\" src=\"https:\/\/www.youtube.com\/embed\/XinJaMvaQYo?feature=oembed\" frameborder=\"0\" allow=\"accelerometer; autoplay; clipboard-write; encrypted-media; gyroscope; picture-in-picture; web-share\" referrerpolicy=\"strict-origin-when-cross-origin\" allowfullscreen><\/iframe>\n<\/div><\/figure>\n","protected":false},"excerpt":{"rendered":"<p>Consultor-esportivo est\u00e1 sendo investigado pela Red Bull por tornar p\u00fablico o Caso Horner. Caso suspenso, Helmut Marko ficar\u00e1 de fora do GP da Austr\u00e1lia<\/p>\n","protected":false},"author":0,"featured_media":1000598298,"comment_status":"closed","ping_status":"closed","sticky":false,"template":"","format":"standard","meta":{"42wp_featured_image_caption":"","42wp_featured_image_credits":"","42wp_featured_video":"","42wp_featured_image_hidden":false,"42wp_authors_list":[],"footnotes":""},"categories":[2],"tags":[1242,309,26271,5273,147,3230,207,180,30909,26266,38641,1491,28285,258,30840,203,82,35129,204],"42wp_author":[47155],"class_list":["post-85501","post","type-post","status-publish","format-standard","has-post-thumbnail","hentry","category-f1","tag-arabia-saudita","tag-aston-martin","tag-calendario-f1","tag-classificacao-f1","tag-f1","tag-f1-2024","tag-ferrari","tag-formula-1","tag-formula-1-2024","tag-gp-da-arabia-saudita","tag-gp-da-arabia-saudita-2024","tag-grande-premio","tag-grandepremio","tag-helmut-marko","tag-horarios-f1","tag-max-verstappen","tag-mercedes","tag-onde-assistir-f1","tag-red-bull","42wp_author-daniel-balsa"],"_links":{"self":[{"href":"https:\/\/grandepremio.com\/br\/wp-json\/wp\/v2\/posts\/85501","targetHints":{"allow":["GET"]}}],"collection":[{"href":"https:\/\/grandepremio.com\/br\/wp-json\/wp\/v2\/posts"}],"about":[{"href":"https:\/\/grandepremio.com\/br\/wp-json\/wp\/v2\/types\/post"}],"replies":[{"embeddable":true,"href":"https:\/\/grandepremio.com\/br\/wp-json\/wp\/v2\/comments?post=85501"}],"version-history":[{"count":0,"href":"https:\/\/grandepremio.com\/br\/wp-json\/wp\/v2\/posts\/85501\/revisions"}],"wp:featuredmedia":[{"embeddable":true,"href":"https:\/\/grandepremio.com\/br\/wp-json\/wp\/v2\/media\/1000598298"}],"wp:attachment":[{"href":"https:\/\/grandepremio.com\/br\/wp-json\/wp\/v2\/media?parent=85501"}],"wp:term":[{"taxonomy":"category","embeddable":true,"href":"https:\/\/grandepremio.com\/br\/wp-json\/wp\/v2\/categories?post=85501"},{"taxonomy":"post_tag","embeddable":true,"href":"https:\/\/grandepremio.com\/br\/wp-json\/wp\/v2\/tags?post=85501"},{"taxonomy":"42wp_author","embeddable":true,"href":"https:\/\/grandepremio.com\/br\/wp-json\/wp\/v2\/42wp_author?post=85501"}],"curies":[{"name":"wp","href":"https:\/\/api.w.org\/{rel}","templated":true}]}}