{"id":85522,"date":"2024-03-08T14:44:59","date_gmt":"2024-03-08T17:44:59","guid":{"rendered":"https:\/\/grandepremio.com\/br\/noticias\/nico-hulkenberg-perde-potencia-interrompe-classificacao-f1-arabia-saudita\/"},"modified":"2024-03-09T10:58:30","modified_gmt":"2024-03-09T13:58:30","slug":"nico-hulkenberg-perde-potencia-interrompe-classificacao-f1-arabia-saudita","status":"publish","type":"post","link":"https:\/\/grandepremio.com\/br\/f1\/nico-hulkenberg-perde-potencia-interrompe-classificacao-f1-arabia-saudita\/","title":{"rendered":"H\u00fclkenberg perde pot\u00eancia e interrompe classifica\u00e7\u00e3o da F1 na Ar\u00e1bia Saudita"},"content":{"rendered":"\n<p class=\"wp-block-paragraph\"><strong>Nico H\u00fclkenberg <\/strong>vai largar o <strong>GP da Ar\u00e1bia Saudita <\/strong>da 15\u00aa coloca\u00e7\u00e3o. O piloto da <strong>Haas <\/strong>at\u00e9 avan\u00e7ou do Q1 na sess\u00e3o de classifica\u00e7\u00e3o realizada nesta sexta-feira (8), mas o alem\u00e3o sofreu com a perda de pot\u00eancia da Haas ainda na reta inicial do Q2, encostando na curva 7 e encerrando o dia de forma prematura.<\/p>\n\n\n\n<p class=\"wp-block-paragraph\">H\u00fclkenberg tentaria repetir o feito da semana passada, quando levou a Haas ao Q3 e largou o <strong>GP do Bahrein <\/strong>na d\u00e9cima coloca\u00e7\u00e3o. A corrida do piloto alem\u00e3o acabou prejudicada por conta de um toque com <strong>Lance Stroll<\/strong>, da <strong>Aston Martin<\/strong>, logo na largada. Ele foi apenas o 16\u00ba colocado na bandeira quadriculada.<\/p>\n\n\n\n<p class=\"wp-block-paragraph\">O problema de H\u00fclkenberg acabou prejudicando outros tr\u00eas pilotos: <strong>Charles Leclerc<\/strong>, <strong>Oliver Bearman <\/strong>e <strong>Alexander Albon <\/strong>estavam em voltas r\u00e1pidas no momento em que a bandeira vermelha causada por H\u00fclkenberg surgiu. Eles acabaram desperdi\u00e7ando ritmo com pneus macios novos.<\/p>\n\n\n\n<p class=\"wp-block-paragraph\"><strong>&nbsp;Inscreva-se nos dois canais do&nbsp;GRANDE PR\u00caMIO&nbsp;no YouTube:&nbsp;<a href=\"https:\/\/www.youtube.com\/channel\/UC9OlHEgxoaY6QY6nWPoiqQg?sub_confirmation=1\">GP<\/a>&nbsp;|&nbsp;<a href=\"https:\/\/www.youtube.com\/channel\/UC9csiS6q_C3C0FYhyr1rnFA?sub_confirmation=1\">GP2<\/a><br><\/strong>&nbsp;<strong><a href=\"https:\/\/www.twitch.tv\/grandepremio\">&nbsp;Conhe\u00e7a o canal do&nbsp;GRANDE PR\u00caMIO&nbsp;na Twitch clicando aqui!<\/a><\/strong><\/p>\n\n\n\n<figure class=\"wp-block-image size-large\"><img decoding=\"async\" src=\"https:\/\/www.grandepremio.com\/br\/wp-content\/uploads\/2024\/03\/arabia-saudita-2024-f1-classificacao-haas-nico-hulkenberg-02-1024x683.jpg\" alt=\"\" class=\"wp-image-785991\"\/><figcaption class=\"wp-element-caption\">Nico H\u00fclkenberg (Foto: Haas F1 Team)<\/figcaption><\/figure>\n\n\n\n<p class=\"wp-block-paragraph\">O <strong>GRANDE PR\u00caMIO<\/strong> acompanha&nbsp;<a href=\"https:\/\/www.grandepremio.com\/br\/ao-vivo\/f1\/\" target=\"_blank\" rel=\"noreferrer noopener\">AO VIVO e EM&nbsp;<\/a><a href=\"https:\/\/www.grandepremio.com\/br\/ao-vivo\/\" target=\"_blank\" rel=\"noreferrer noopener\">TEMPO REAL<\/a>&nbsp;todas as atividades do GP da Ar\u00e1bia Saudita, em&nbsp;<a href=\"https:\/\/www.grandepremio.com\/br\/circuito\/jida\/\" target=\"_blank\" rel=\"noreferrer noopener\">Jed\u00e1<\/a>, e transmite classifica\u00e7\u00e3o e corrida em segunda tela, em parceria com a Voz do Esporte, na&nbsp;<a href=\"https:\/\/www.youtube.com\/c\/GrandePremioTV\/streams\" target=\"_blank\" rel=\"noreferrer noopener\">GPTV, o canal do GP no Youtube<\/a>. Al\u00e9m disso, debate tudo que aconteceu na pista com o Briefing ap\u00f3s segundo treino livre e classifica\u00e7\u00e3o, al\u00e9m de antes e depois da corrida. No s\u00e1bado (9), a largada est\u00e1 marcada para as 14h (de Bras\u00edlia, GMT-3).<\/p>\n","protected":false},"excerpt":{"rendered":"<p>Nico H\u00fclkenberg sofreu perda de pot\u00eancia no Q2 e gerou bandeira vermelha. Piloto alem\u00e3o vai largar o GP da Ar\u00e1bia Saudita na 15\u00aa coloca\u00e7\u00e3o<\/p>\n","protected":false},"author":0,"featured_media":1000786010,"comment_status":"closed","ping_status":"closed","sticky":false,"template":"","format":"standard","meta":{"42wp_featured_image_caption":"","42wp_featured_image_credits":"","42wp_featured_video":"","42wp_featured_image_hidden":false,"42wp_authors_list":[],"footnotes":""},"categories":[2],"tags":[26271,5273,147,3230,180,30909,26266,1491,28285,119,30840,1521,35129,33301],"42wp_author":[47119],"class_list":["post-85522","post","type-post","status-publish","format-standard","has-post-thumbnail","hentry","category-f1","tag-calendario-f1","tag-classificacao-f1","tag-f1","tag-f1-2024","tag-formula-1","tag-formula-1-2024","tag-gp-da-arabia-saudita","tag-grande-premio","tag-grandepremio","tag-haas","tag-horarios-f1","tag-nico-hulkenberg","tag-onde-assistir-f1","tag-temporada-2024-f1","42wp_author-gabriel-carvalho"],"_links":{"self":[{"href":"https:\/\/grandepremio.com\/br\/wp-json\/wp\/v2\/posts\/85522","targetHints":{"allow":["GET"]}}],"collection":[{"href":"https:\/\/grandepremio.com\/br\/wp-json\/wp\/v2\/posts"}],"about":[{"href":"https:\/\/grandepremio.com\/br\/wp-json\/wp\/v2\/types\/post"}],"replies":[{"embeddable":true,"href":"https:\/\/grandepremio.com\/br\/wp-json\/wp\/v2\/comments?post=85522"}],"version-history":[{"count":0,"href":"https:\/\/grandepremio.com\/br\/wp-json\/wp\/v2\/posts\/85522\/revisions"}],"wp:featuredmedia":[{"embeddable":true,"href":"https:\/\/grandepremio.com\/br\/wp-json\/wp\/v2\/media\/1000786010"}],"wp:attachment":[{"href":"https:\/\/grandepremio.com\/br\/wp-json\/wp\/v2\/media?parent=85522"}],"wp:term":[{"taxonomy":"category","embeddable":true,"href":"https:\/\/grandepremio.com\/br\/wp-json\/wp\/v2\/categories?post=85522"},{"taxonomy":"post_tag","embeddable":true,"href":"https:\/\/grandepremio.com\/br\/wp-json\/wp\/v2\/tags?post=85522"},{"taxonomy":"42wp_author","embeddable":true,"href":"https:\/\/grandepremio.com\/br\/wp-json\/wp\/v2\/42wp_author?post=85522"}],"curies":[{"name":"wp","href":"https:\/\/api.w.org\/{rel}","templated":true}]}}