{"id":8560,"date":"2026-05-23T22:29:53","date_gmt":"2026-05-24T01:29:53","guid":{"rendered":"https:\/\/grandepremio.com\/br\/noticias\/confira-declaracoes-pilotos-classificacao-gp-do-canada-f1-2026\/"},"modified":"2026-05-25T12:20:41","modified_gmt":"2026-05-25T15:20:41","slug":"confira-declaracoes-pilotos-classificacao-gp-do-canada-f1-2026","status":"publish","type":"post","link":"https:\/\/grandepremio.com\/br\/f1\/confira-declaracoes-pilotos-classificacao-gp-do-canada-f1-2026\/","title":{"rendered":"Confira declara\u00e7\u00f5es dos pilotos ap\u00f3s classifica\u00e7\u00e3o do GP do Canad\u00e1 da F1 2026"},"content":{"rendered":"\n<p class=\"wp-block-paragraph\"><strong>George Russell <\/strong>garantiu mais uma pole na <strong>F\u00f3rmula 1<\/strong> neste s\u00e1bado (23), <a href=\"https:\/\/www.grandepremio.com\/br\/f1\/noticias\/george-russell-volta-impor-andrea-kimi-antonelli-pole-gp-do-canada-gabriel-bortoleto\/\" target=\"_blank\" rel=\"noreferrer noopener\">com direito a vit\u00f3ria no \u00faltimo instante<\/a> sobre o companheiro de <strong>Mercedes<\/strong>, <strong>Andrea Kimi Antonelli<\/strong>, pela posi\u00e7\u00e3o de honra do <strong>GP do Canad\u00e1<\/strong>. Mais uma vez, as Flechas de Prata lotaram a primeira fila, enquanto a <strong>McLaren <\/strong>ocupou a segunda: <strong>Lando Norris<\/strong> em terceiro, <strong>Oscar Piastri<\/strong> em quarto.<\/p>\n\n\n\n<p class=\"wp-block-paragraph\"><strong>Lewis Hamilton <\/strong>fechou na quinta coloca\u00e7\u00e3o, mesma posi\u00e7\u00e3o de largada da sprint, mas agora tem <strong>Max Verstappen <\/strong>logo atr\u00e1s, em sexto. <strong>Isack Hadjar<\/strong> \u00e9 o s\u00e9timo, uma posi\u00e7\u00e3o \u00e0 frente de <strong>Charles Leclerc<\/strong>, e <strong>Arvid Lindblad <\/strong>novamente levou o carro da <strong>Racing Bulls <\/strong>ao top-10, em nono. <strong>Franco Colapinto <\/strong>fecha o top-10, e <strong>Gabriel<\/strong> <strong>Bortoleto <\/strong>sai em <strong>13\u00ba<\/strong>.<\/p>\n\n\n\n<figure class=\"wp-block-embed is-type-video is-provider-youtube wp-block-embed-youtube wp-embed-aspect-16-9 wp-has-aspect-ratio\"><div class=\"wp-block-embed__wrapper\">\n<iframe loading=\"lazy\" title=\"F1: RUSSELL POLE NO CANAD\u00c1 DE F1: VEJA O GRID DE LARGADA COMPLETO [Briefing + narra\u00e7\u00e3o]\" width=\"500\" height=\"281\" src=\"https:\/\/www.youtube.com\/embed\/2V7a8NYydPY?feature=oembed\" frameborder=\"0\" allow=\"accelerometer; autoplay; clipboard-write; encrypted-media; gyroscope; picture-in-picture; web-share\" referrerpolicy=\"strict-origin-when-cross-origin\" allowfullscreen><\/iframe>\n<\/div><\/figure>\n\n\n\n<p class=\"wp-block-paragraph\">O&nbsp;<strong>GRANDE PR\u00caMIO<\/strong>&nbsp;acompanha todas as atividades&nbsp;do GP do Canad\u00e1&nbsp;<a href=\"https:\/\/www.grandepremio.com\/br\/ao-vivo\/f1\/\"><strong>AO VIVO E EM&nbsp;<\/strong><\/a><strong><a href=\"https:\/\/www.grandepremio.com\/br\/ao-vivo\/\" target=\"_blank\" rel=\"noreferrer noopener\">TEMPO REAL<\/a><\/strong>,&nbsp;<a href=\"https:\/\/www.youtube.com\/@GrandePremio1\/streams\">al\u00e9m de classifica\u00e7\u00f5es e corridas em&nbsp;<strong>SEGUNDA TELA&nbsp;<\/strong>no YouTube<\/a>, em parceria com a&nbsp;<strong>Voz do Esporte<\/strong>. O&nbsp;<strong>Briefing&nbsp;<\/strong>chega para analisar ap\u00f3s o fim de cada dia de atividades nas redes sociais e na&nbsp;<strong>GPTV<\/strong>.<\/p>\n\n\n\n<h3 class=\"wp-block-heading\" id=\"h-confira-o-que-os-22-pilotos-do-grid-falaram-no-sabado-do-gp-do-canada\">Confira o que os 22 pilotos do grid falaram no s\u00e1bado do GP do Canad\u00e1<\/h3>\n\n\n\n<p class=\"wp-block-paragraph\"><strong>George Russell, primeiro: <\/strong><a href=\"https:\/\/www.grandepremio.com\/br\/f1\/noticias\/george-russell-vibra-pole-epica-gp-canada-ultima-volta-veio-nada\/\" target=\"_blank\" rel=\"noreferrer noopener\">Russell vibra com &#8220;pole \u00e9pica&#8221; no GP do Canad\u00e1: &#8220;\u00daltima volta veio do nada&#8221;<\/a><\/p>\n\n\n\n<p class=\"wp-block-paragraph\"><strong>Andrea Kimi Antonelli, segundo: <\/strong><a href=\"https:\/\/www.grandepremio.com\/br\/f1\/noticias\/andrea-kimi-antonelli-deixa-classificacao-canada-satisfeito-2-lugar-george-russell-foi-excelente\/\" target=\"_blank\" rel=\"noreferrer noopener\">Antonelli deixa classifica\u00e7\u00e3o no Canad\u00e1 satisfeito com 2\u00ba lugar: &#8220;Russell foi excelente&#8221;<\/a><\/p>\n\n\n\n<p class=\"wp-block-paragraph\"><strong>Lando Norris, terceiro: <\/strong><a href=\"https:\/\/www.grandepremio.com\/br\/f1\/noticias\/lando-norris-mercedes-mais-rapida-canada-elogia-bom-trabalho-mclaren\/\" target=\"_blank\" rel=\"noreferrer noopener\">Norris reconhece &#8220;Mercedes mais r\u00e1pida&#8221; no Canad\u00e1, mas elogia &#8220;bom trabalho&#8221; da McLaren<\/a><\/p>\n\n\n\n<p class=\"wp-block-paragraph\"><strong>Oscar Piastri, quarto: <\/strong><a href=\"https:\/\/www.grandepremio.com\/br\/f1\/noticias\/oscar-piastri-ve-mercedes-superior-diz-chuva-maior-chance-mclaren-canada\/\" target=\"_blank\" rel=\"noreferrer noopener\">Piastri v\u00ea Mercedes superior e diz que chuva &#8220;\u00e9 maior chance&#8221; da McLaren no Canad\u00e1<\/a><\/p>\n\n\n\n<figure class=\"wp-block-image size-large\"><img decoding=\"async\" src=\"https:\/\/www.grandepremio.com\/br\/wp-content\/uploads\/2026\/05\/canada-sprint-f1-2026-mercedes-kimi-antonelli-02-1-1200x800.jpg\" alt=\"\" class=\"wp-image-1090559\"\/><figcaption class=\"wp-element-caption\">Antonelli bem que tentou, mas n\u00e3o conseguiu tirar a pole de Russell no Canad\u00e1 (Foto: Mercedes)<\/figcaption><\/figure>\n\n\n\n<p class=\"wp-block-paragraph\"><strong>Lewis Hamilton, quinto: <\/strong><a href=\"https:\/\/www.grandepremio.com\/br\/f1\/noticias\/lewis-hamilton-exalta-ferrari-se-lamuria-erro-classificacao-canada-poderia-ser-3o\/\" target=\"_blank\" rel=\"noreferrer noopener\">Hamilton exalta Ferrari e se lamuria por erro na classifica\u00e7\u00e3o do Canad\u00e1: &#8220;Poderia ser 3\u00ba&#8221;<\/a><\/p>\n\n\n\n<p class=\"wp-block-paragraph\"><strong>Max Verstappen, sexto: <\/strong><a href=\"https:\/\/www.grandepremio.com\/br\/f1\/noticias\/max-verstappen-contradiz-volta-cogitar-aposentadoria-caso-f1-descarte-mudancas-2027\/\" target=\"_blank\" rel=\"noreferrer noopener\">Verstappen se contradiz e volta a cogitar sa\u00edda caso F1 descarte ajustes para 2027<\/a><\/p>\n\n\n\n<p class=\"wp-block-paragraph\"><strong>Isack Hadjar, s\u00e9timo: <\/strong><a href=\"https:\/\/www.grandepremio.com\/br\/f1\/noticias\/isack-hadjar-se-frustra-volta-q3-classificacao-canada-muito-decepcionado\/\" target=\"_blank\" rel=\"noreferrer noopener\">Hadjar se frustra com volta no Q3 da classifica\u00e7\u00e3o no Canad\u00e1: \u201cMuito decepcionado\u201d<\/a><\/p>\n\n\n\n<p class=\"wp-block-paragraph\"><strong>Charles Leclerc, oitavo: <\/strong><a href=\"https:\/\/www.grandepremio.com\/br\/f1\/noticias\/charles-leclerc-admite-falta-confianca-carro-ferrari-canada-foi-um-pesadelo\/\" target=\"_blank\" rel=\"noreferrer noopener\">Leclerc admite falta de confian\u00e7a com carro da Ferrari no Canad\u00e1: &#8220;Foi um pesadelo&#8221;<\/a><\/p>\n\n\n\n<p class=\"wp-block-paragraph\"><strong>Arvid Lindblad, nono: <\/strong><a href=\"https:\/\/www.grandepremio.com\/br\/f1\/noticias\/arvid-lindblad-admite-sonhou-top-5-grid-canada-decepcionado\/\" target=\"_blank\" rel=\"noreferrer noopener\">Lindblad admite que sonhou com top-5 no grid do Canad\u00e1: &#8220;Um pouco decepcionado&#8221;<\/a><\/p>\n\n\n\n<p class=\"wp-block-paragraph\"><strong>Franco Colapinto, d\u00e9cimo: <\/strong><a href=\"https:\/\/www.grandepremio.com\/br\/f1\/noticias\/franco-colapinto-destaca-grande-passo-frente-alpine-desde-miami-direcao-certa\/\" target=\"_blank\" rel=\"noreferrer noopener\">Colapinto destaca &#8220;grande passo \u00e0 frente&#8221; da Alpine desde Miami: &#8220;Na dire\u00e7\u00e3o certa&#8221;<\/a><\/p>\n\n\n\n<figure class=\"wp-block-image size-large\"><img decoding=\"async\" src=\"https:\/\/www.grandepremio.com\/br\/wp-content\/uploads\/2026\/05\/canada-classificacao-f1-2026-audi-gabriel-bortoleto-nico-hulkenberg-01-1200x800.jpg\" alt=\"\" class=\"wp-image-1090633\"\/><figcaption class=\"wp-element-caption\">Gabriel Bortoleto e Nico H\u00fclkenberg ca\u00edram no Q2 da classifica\u00e7\u00e3o do Canad\u00e1 (Foto: Audi)<br><\/figcaption><\/figure>\n\n\n\n<p class=\"wp-block-paragraph\"><strong>Nico H\u00fclkenberg, 11\u00ba: <\/strong><a href=\"https:\/\/www.grandepremio.com\/br\/f1\/noticias\/nico-hulkenberg-classificacao-pouco-decepcionante-canada-elogia-audi\/\" target=\"_blank\" rel=\"noreferrer noopener\">H\u00fclkenberg lamenta classifica\u00e7\u00e3o &#8220;um pouco decepcionante&#8221; no Canad\u00e1, mas elogia Audi<\/a><\/p>\n\n\n\n<p class=\"wp-block-paragraph\"><strong>Liam Lawson, 12\u00ba: <\/strong>&#8220;O carro est\u00e1 muito r\u00e1pido neste fim de semana, ent\u00e3o \u00e9 uma pena n\u00e3o termos colocado os dois carros no Q3. Eu ainda estava tentando recuperar o tempo perdido de ontem, e foi mais dif\u00edcil do que esperava. No in\u00edcio da classifica\u00e7\u00e3o, tive um pouco de dificuldade no aquecimento dos pneus macios. Tamb\u00e9m tive alguns travamentos na dianteira, o que fez com que eu colocasse muita press\u00e3o sobre mim mesmo na \u00faltima volta r\u00e1pida para tentar avan\u00e7ar. Chegamos muito perto, mas infelizmente n\u00e3o foi suficiente. Vamos ver o que acontece amanh\u00e3. Temos um carro r\u00e1pido no seco, mas tamb\u00e9m n\u00e3o me importaria com um pouco de chuva, considerando de onde largamos. Esses carros s\u00e3o dif\u00edceis de pilotar no molhado, ent\u00e3o, se chover como esperado, ser\u00e1 uma corrida interessante.&#8221;<\/p>\n\n\n\n<p class=\"wp-block-paragraph\"><strong>Gabriel Bortoleto, 13\u00ba: <\/strong><a href=\"https:\/\/www.grandepremio.com\/br\/f1\/noticias\/gabriel-bortoleto-queixa-equilibrio-audi-torce-pista-seca-gp-canada\/\" target=\"_blank\" rel=\"noreferrer noopener\">Bortoleto se queixa de equil\u00edbrio da Audi e torce por pista seca no GP do Canad\u00e1<\/a><\/p>\n\n\n\n<p class=\"wp-block-paragraph\"><strong>Pierre Gasly, 14\u00ba: <\/strong>&#8220;Novamente, n\u00e3o \u00e9 o resultado final que esper\u00e1vamos ao terminar o Q2 em 14\u00ba. Assim como em Miami, n\u00e3o me sinto confort\u00e1vel no carro neste momento e precisamos continuar trabalhando juntos como equipe para entender o porqu\u00ea. Decidimos fazer algumas mudan\u00e7as no carro antes da sprint para testar algumas ideias e tentar entender por que estamos sem velocidade. Nossas expectativas como equipe s\u00e3o muito maiores e sabemos que o pacote tem algum ritmo, j\u00e1 que Franco conseguiu outro bom resultado ao chegar ao Q3. Amanh\u00e3 estaremos de olho no c\u00e9u, com previs\u00e3o de chuva. Tive alguma experi\u00eancia na semana passada em Magny-Cours com testes de pneus de chuva, ent\u00e3o sei que ser\u00e1 um grande desafio para todos n\u00f3s ao volante. Se chover, pode ser uma tarde interessante \u2014 veremos onde terminamos ao fim da corrida.&#8221;<\/p>\n\n\n\n<figure class=\"wp-block-image size-large\"><img decoding=\"async\" src=\"https:\/\/www.grandepremio.com\/br\/wp-content\/uploads\/2026\/05\/miami-classificacao-sprint-f1-2026-ferrari-lewis-hamilton-01-2-1200x800.jpeg\" alt=\"\" class=\"wp-image-1090068\"\/><figcaption class=\"wp-element-caption\">Lewis Hamilton lamentou erro na \u00faltima volta do Q3 (Foto: Ferrari)<\/figcaption><\/figure>\n\n\n\n<p class=\"wp-block-paragraph\"><strong>Carlos Sainz, 15\u00ba: <\/strong>&#8220;Hoje foi um dia mais desafiador. Fizemos um bom progresso no acerto durante a noite e o carro tinha ritmo para estar no top-12, por\u00e9m, na \u00faltima tentativa do Q2, perdi alguns d\u00e9cimos no primeiro setor, o que acabou custando caro, embora eu sinceramente acredite que o Q3 estava fora de alcance hoje. Se a chuva vier amanh\u00e3, ser\u00e1 a primeira vez que usaremos pneus de chuva sob esse novo regulamento. Ser\u00e1 um desafio para todas as equipes entender os pneus e a gest\u00e3o de energia nessas condi\u00e7\u00f5es, ent\u00e3o ser\u00e1 interessante ver como tudo se desenrola, e vamos tentar tirar o m\u00e1ximo da corrida.&#8221;<\/p>\n\n\n\n<p class=\"wp-block-paragraph\"><strong>Oliver Bearman, 16\u00ba: <\/strong>\u201cDecidimos ontem \u00e0 noite quebrar o parque fechado e tentar algumas mudan\u00e7as no carro. Ao analisar os dados mais a fundo, vimos algumas caracter\u00edsticas e comportamentos inesperados, ent\u00e3o tentamos encontrar a causa disso e dar um passo atr\u00e1s, mas ainda assim foi uma corrida muito dif\u00edcil. Precisamos encontrar uma forma de extrair mais desempenho deste carro, porque at\u00e9 agora tem sido um desafio. Acho que conseguimos um carro com melhor equil\u00edbrio de curva na classifica\u00e7\u00e3o, mas agora estamos descobrindo que, quando ganhamos um pouco mais de confian\u00e7a para for\u00e7ar as entradas, acabamos travando os pneus dianteiros toda vez. Fomos t\u00e3o mal ao longo deste fim de semana que s\u00f3 descobrimos esses problemas agora, enquanto os outros j\u00e1 tinham percebido isso no TL1. Vai ser complicado, mas amanh\u00e3 deve chover, ent\u00e3o espero que apare\u00e7am algumas oportunidades.\u201d<\/p>\n\n\n\n<p class=\"wp-block-paragraph\"><strong>Esteban Ocon, 17\u00ba: <\/strong>\u201cAs coisas continuaram dif\u00edceis na sprint, mas pelo menos conseguimos acumular algumas voltas. Tanto para mim quanto para o Ollie, espero que agora tenhamos uma vis\u00e3o um pouco mais clara do que t\u00ednhamos depois de ontem. Completamos as voltas, temos os dados agora, e o importante \u00e9 entender onde podemos melhorar, porque estamos sofrendo um pouco com ritmo, equil\u00edbrio e frenagem, h\u00e1 algumas \u00e1reas em que precisamos evoluir. Mudamos completamente o carro pouco antes da classifica\u00e7\u00e3o, ent\u00e3o n\u00e3o foi f\u00e1cil pegar a sensibilidade ideal, at\u00e9 porque s\u00f3 tivemos tr\u00eas ou quatro voltas para nos adaptar a tudo. Eu estava justamente tentando entender onde havia mais ader\u00eancia, onde havia menos, com o carro atualizado, e foi muito dif\u00edcil juntar tudo. Aquela \u00faltima volta da classifica\u00e7\u00e3o foi a chance definitiva, de fato. Vamos em frente para ver o que conseguimos tirar amanh\u00e3.\u201d<\/p>\n\n\n\n<p class=\"wp-block-paragraph\"><strong>Alexander Albon, 18\u00ba: <\/strong>&#8220;N\u00e3o tem sido o meu fim de semana at\u00e9 agora, e estamos em desvantagem desde o TL1. Como tivemos um tempo de pista muito limitado ontem, a sprint foi basicamente mais uma sess\u00e3o de testes para tentar algumas coisas pensando na classifica\u00e7\u00e3o e para me adaptar melhor ao carro depois que a equipe trabalhou muito para reparar os danos de ontem. A classifica\u00e7\u00e3o foi complicada e tivemos dificuldades para encaixar a volta do ponto de vista dos procedimentos de uso de energia, especialmente com o tr\u00e1fego, e infelizmente n\u00e3o conseguimos encaixar uma volta forte o suficiente. H\u00e1 muito trabalho a ser feito durante a noite e muita coisa para analisar e discutir com a equipe. A previs\u00e3o para a corrida \u00e9 de chuva, e n\u00e3o temos experi\u00eancia com esses carros no molhado, ent\u00e3o pode ser interessante, especialmente em termos de visibilidade. Vamos ver o que amanh\u00e3 nos reserva.&#8221;<\/p>\n\n\n\n<figure class=\"wp-block-image size-large\"><img decoding=\"async\" src=\"https:\/\/www.grandepremio.com\/br\/wp-content\/uploads\/2026\/05\/canada-classificacao-f1-2026-mclaren-lando-norris-01-1200x799.jpg\" alt=\"\" class=\"wp-image-1090712\"\/><figcaption class=\"wp-element-caption\">Lando Norris novamente vai largar logo atr\u00e1s dos carros da Mercedes (Foto: McLaren)<\/figcaption><\/figure>\n\n\n\n<p class=\"wp-block-paragraph\"><strong>Fernando Alonso, 19\u00ba: <\/strong><a href=\"https:\/\/www.grandepremio.com\/br\/f1\/noticias\/fernando-alonso-elogia-aston-martin-sentiu-mais-rapido-classificacao-canada\/\" target=\"_blank\" rel=\"noreferrer noopener\">Alonso elogia Aston Martin e diz que &#8220;se sentiu mais r\u00e1pido&#8221; na classifica\u00e7\u00e3o do Canad\u00e1&nbsp;<\/a><\/p>\n\n\n\n<p class=\"wp-block-paragraph\"><strong>Sergio P\u00e9rez, 20\u00ba: <\/strong>&#8220;A corrida sprint hoje de manh\u00e3 foi incr\u00edvel \u2014 foi realmente uma grande atua\u00e7\u00e3o da equipe. Foi uma \u00f3tima estrat\u00e9gia optar pelos pneus macios. Erramos em Miami, mas hoje mostramos que est\u00e1vamos com o pneu certo, tomamos boas decis\u00f5es e defendemos bem. \u00c9 uma pena pela puni\u00e7\u00e3o, mas, independentemente disso, foi uma grande performance e tivemos muitos carros atr\u00e1s \u2014 estou muito satisfeito com essa corrida. A classifica\u00e7\u00e3o foi mais dif\u00edcil e, quando todos mostram seu ritmo, isso d\u00e1 uma indica\u00e7\u00e3o mais clara de onde estamos. N\u00e3o maximizamos a sess\u00e3o e tivemos um pequeno problema com o comportamento do carro ap\u00f3s uma mudan\u00e7a de acerto, ent\u00e3o foi dif\u00edcil encaixar uma volta. A corrida de amanh\u00e3 ser\u00e1 bastante interessante \u2014 vamos tentar aproveitar qualquer oportunidade que aparecer.&#8221;<\/p>\n\n\n\n<p class=\"wp-block-paragraph\"><strong>Lance Stroll, 21\u00ba: <\/strong>&#8220;Foi um dia dif\u00edcil. Largamos do pit-lane depois de identificar um problema na suspens\u00e3o no grid hoje de manh\u00e3, ent\u00e3o isso j\u00e1 comprometeu tudo de cara na corrida sprint. Na classifica\u00e7\u00e3o, eu simplesmente n\u00e3o tinha confian\u00e7a no carro por conta da falta de ader\u00eancia, o que dificultou realmente for\u00e7ar. A previs\u00e3o \u00e9 de chuva para amanh\u00e3, ent\u00e3o isso pode embaralhar um pouco as coisas e talvez ajudar os carros com menor n\u00edvel de downforce.&#8221;<\/p>\n\n\n\n<p class=\"wp-block-paragraph\"><strong>Valtteri Bottas, 22\u00ba: <\/strong>&#8220;N\u00e3o foi a classifica\u00e7\u00e3o ideal, j\u00e1 que eu esperava muito mais, mas tive um travamento na Curva 1 \u2014 erro meu \u2014, e isso aconteceu na primeira volta da segunda tentativa, ent\u00e3o acabou comprometendo todo o stint. O tempo nublado e a queda da temperatura da pista tornaram mais dif\u00edcil colocar os pneus na janela ideal. \u00c9 dif\u00edcil dizer exatamente quanto poder\u00edamos ter ganho, mas certamente havia bastante tempo ali. Temos buscado o acerto ao longo de toda a semana, ent\u00e3o tem sido um per\u00edodo intenso na garagem. Usamos a corrida sprint como um teste e reunimos tudo o que aprendemos para o acerto da classifica\u00e7\u00e3o. N\u00e3o era para ser hoje, mas vamos tentar novamente amanh\u00e3.&#8221;<\/p>\n\n\n\n<h2 class=\"wp-block-heading\" id=\"h-gp-do-canada-de-f1-veja-os-horarios-em-brasil-cabo-verde-portugal-angola-e-mocambique\"><strong>GP do Canad\u00e1 de F1: veja os hor\u00e1rios em Brasil, Cabo Verde, Portugal, Angola e Mo\u00e7ambique<\/strong><\/h2>\n\n\n\n<figure class=\"wp-block-table\"><table class=\"has-fixed-layout\"><tbody><tr><td class=\"has-text-align-left\" data-align=\"left\"><strong>Sess\u00e3o<\/strong><\/td><td class=\"has-text-align-left\" data-align=\"left\"><strong>BRA*<\/strong><\/td><td class=\"has-text-align-left\" data-align=\"left\"><strong>CBV<\/strong><\/td><td class=\"has-text-align-left\" data-align=\"left\"><strong>POR<\/strong><br><strong>ANG<\/strong><\/td><td class=\"has-text-align-left\" data-align=\"left\"><strong>MOZ<\/strong><\/td><\/tr><tr><td class=\"has-text-align-left\" data-align=\"left\">Corrida<\/td><td class=\"has-text-align-left\" data-align=\"left\">17:00<\/td><td class=\"has-text-align-left\" data-align=\"left\">19:00<\/td><td class=\"has-text-align-left\" data-align=\"left\">21:00<\/td><td class=\"has-text-align-left\" data-align=\"left\">22:00<\/td><\/tr><\/tbody><\/table><\/figure>\n\n\n\n<p class=\"wp-block-paragraph\"><em>*Hor\u00e1rio de Bras\u00edlia<\/em><\/p>\n\n\n\n<p class=\"wp-block-paragraph\">\u27a1\ufe0f&nbsp;<strong>F1:&nbsp;<a href=\"https:\/\/www.grandepremio.com\/br\/f1\/calendario\/\">confira o calend\u00e1rio completo de 2026<\/a><\/strong><br>\u27a1\ufe0f&nbsp;<strong>Inscreva-se nos dois canais do GRANDE PR\u00caMIO no YouTube:&nbsp;<a href=\"https:\/\/www.youtube.com\/channel\/UC9OlHEgxoaY6QY6nWPoiqQg?sub_confirmation=1\">GP<\/a>&nbsp;|&nbsp;<a href=\"https:\/\/www.youtube.com\/channel\/UC9csiS6q_C3C0FYhyr1rnFA?sub_confirmation=1\">GPTV<\/a><\/strong><\/p>\n\n\n\n<h2 class=\"wp-block-heading\" id=\"h-f1-hoje-saiba-aqui-as-noticias-mais-importantes-do-dia-da-formula-1\"><strong>F1 hoje: saiba aqui as not\u00edcias mais importantes do dia da F\u00f3rmula 1<\/strong><\/h2>\n\n\n\n<p class=\"wp-block-paragraph\">A reda\u00e7\u00e3o do&nbsp;<strong>GRANDE PR\u00caMIO<\/strong>&nbsp;selecionou as not\u00edcias mais importantes das \u00faltimas horas para voc\u00ea ficar por dentro de tudo que acontece na F1.<\/p>\n\n\n\n<p class=\"wp-block-paragraph\" id=\"h-f1-hoje-saiba-aqui-as-noticias-mais-importantes-do-dia-da-formula-1\">\u27a1\ufe0f&nbsp;<strong><a href=\"https:\/\/www.grandepremio.com\/br\/f1\/noticias\/alain-prost-agredido-durante-assalto-pertences-levados-casa-suica\/\"><\/a><a href=\"https:\/\/www.grandepremio.com\/br\/f1\/noticias\/george-russell-volta-impor-andrea-kimi-antonelli-pole-gp-do-canada-gabriel-bortoleto\/\">Russell volta a se impor sobre Antonelli e crava pole do GP do Canad\u00e1. Bortoleto \u00e9 13\u00ba<\/a><br><\/strong>\u27a1\ufe0f&nbsp;<strong><a href=\"https:\/\/www.grandepremio.com\/br\/f1\/noticias\/5-coisas-aprendemos-sexta-feira-gp-canada-formula-1-2026\/\"><\/a><a href=\"https:\/\/www.grandepremio.com\/br\/galeria\/f1\/f1-2026-como-ficou-grid-de-largada-gp-canada\/\" class=\"\">F1 2026: como ficou o grid de largada do GP do Canad\u00e1<\/a><br><\/strong>\u27a1\ufe0f&nbsp;<strong><a href=\"https:\/\/www.grandepremio.com\/br\/f1\/noticias\/mercedes-cresce-mais-pavimenta-1o-duelo-real-antonelli-russell-canada\/\"><\/a><a href=\"https:\/\/www.grandepremio.com\/br\/f1\/noticias\/max-verstappen-nega-aposentadoria-f1-deixa-parceria-red-bull-aberto-nao-tenho-pressa\/\">Verstappen nega aposentadoria, mas deixa parceria com Red Bull em aberto: \u201cSem pressa\u201d&nbsp;<\/a><\/strong><br>\u27a1\ufe0f<strong>&nbsp;<a href=\"https:\/\/www.grandepremio.com\/br\/f1\/noticias\/george-russell-impoe-1a-batalha-kimi-antonelli-sprint-canada-gabriel-bortoleto\/\"><\/a><a href=\"https:\/\/www.grandepremio.com\/br\/f1\/noticias\/george-russell-vibra-pole-epica-gp-canada-ultima-volta-veio-nada\/\">Russell vibra com \u201cpole \u00e9pica\u201d no GP do Canad\u00e1: \u201c\u00daltima volta veio do nada\u201d<\/a><\/strong><br>\u27a1\ufe0f&nbsp;<a href=\"https:\/\/www.grandepremio.com\/br\/f1\/noticias\/andrea-kimi-antonelli-deixa-classificacao-canada-satisfeito-2-lugar-george-russell-foi-excelente\/\"><strong>Antonelli deixa classifica\u00e7\u00e3o no Canad\u00e1 satisfeito com 2\u00ba lugar: \u201cRussell foi excelente\u201d<\/strong><\/a><br>\u27a1\ufe0f&nbsp;<a href=\"https:\/\/www.grandepremio.com\/br\/f1\/noticias\/lando-norris-mercedes-mais-rapida-canada-elogia-bom-trabalho-mclaren\/\"><strong>Norris reconhece \u201cMercedes mais r\u00e1pida\u201d no Canad\u00e1, mas elogia \u201cbom trabalho\u201d da McLaren<\/strong><\/a><\/p>\n","protected":false},"excerpt":{"rendered":"<p>A pole do GP do Canad\u00e1 ficou com George Russell, que cresceu durante a classifica\u00e7\u00e3o e desbancou Andrea Kimi Antonelli no fim para garantir a primeira posi\u00e7\u00e3o. Veja o que o grid da F\u00f3rmula 1 falou em Montreal<\/p>\n","protected":false},"author":0,"featured_media":1001090551,"comment_status":"closed","ping_status":"closed","sticky":false,"template":"","format":"standard","meta":{"42wp_featured_image_caption":"","42wp_featured_image_credits":"","42wp_featured_video":"","42wp_featured_image_hidden":false,"42wp_authors_list":[],"footnotes":""},"categories":[2],"tags":[26271,5273,147,29516,29148,180,31425,28995,14357,1491,28285,30840,35129,31470],"42wp_author":[47142],"class_list":["post-8560","post","type-post","status-publish","format-standard","has-post-thumbnail","hentry","category-f1","tag-calendario-f1","tag-classificacao-f1","tag-f1","tag-f1-2026","tag-f1-hoje","tag-formula-1","tag-formula-1-2026","tag-formula-1-hoje","tag-gp-do-canada","tag-grande-premio","tag-grandepremio","tag-horarios-f1","tag-onde-assistir-f1","tag-temporada-2026-f1","42wp_author-jp-nascimento"],"_links":{"self":[{"href":"https:\/\/grandepremio.com\/br\/wp-json\/wp\/v2\/posts\/8560","targetHints":{"allow":["GET"]}}],"collection":[{"href":"https:\/\/grandepremio.com\/br\/wp-json\/wp\/v2\/posts"}],"about":[{"href":"https:\/\/grandepremio.com\/br\/wp-json\/wp\/v2\/types\/post"}],"replies":[{"embeddable":true,"href":"https:\/\/grandepremio.com\/br\/wp-json\/wp\/v2\/comments?post=8560"}],"version-history":[{"count":0,"href":"https:\/\/grandepremio.com\/br\/wp-json\/wp\/v2\/posts\/8560\/revisions"}],"wp:featuredmedia":[{"embeddable":true,"href":"https:\/\/grandepremio.com\/br\/wp-json\/wp\/v2\/media\/1001090551"}],"wp:attachment":[{"href":"https:\/\/grandepremio.com\/br\/wp-json\/wp\/v2\/media?parent=8560"}],"wp:term":[{"taxonomy":"category","embeddable":true,"href":"https:\/\/grandepremio.com\/br\/wp-json\/wp\/v2\/categories?post=8560"},{"taxonomy":"post_tag","embeddable":true,"href":"https:\/\/grandepremio.com\/br\/wp-json\/wp\/v2\/tags?post=8560"},{"taxonomy":"42wp_author","embeddable":true,"href":"https:\/\/grandepremio.com\/br\/wp-json\/wp\/v2\/42wp_author?post=8560"}],"curies":[{"name":"wp","href":"https:\/\/api.w.org\/{rel}","templated":true}]}}