{"id":85755,"date":"2024-03-07T11:11:09","date_gmt":"2024-03-07T14:11:09","guid":{"rendered":"https:\/\/grandepremio.com\/br\/noticias\/red-bull-suspende-funcionaria-acusou-christian-horner-conduta-inapropriada\/"},"modified":"2024-03-07T13:38:49","modified_gmt":"2024-03-07T16:38:49","slug":"red-bull-suspende-funcionaria-acusou-christian-horner-conduta-inapropriada","status":"publish","type":"post","link":"https:\/\/grandepremio.com\/br\/f1\/red-bull-suspende-funcionaria-acusou-christian-horner-conduta-inapropriada\/","title":{"rendered":"Red Bull suspende funcion\u00e1ria que acusou Horner de conduta inapropriada"},"content":{"rendered":"\n<p class=\"wp-block-paragraph\">A funcion\u00e1ria que acusou <strong>Christian Horner<\/strong>, chefe da <strong>Red Bull<\/strong>, de conduta inapropriada foi suspensa pela equipe austr\u00edaca. De acordo com <em>Sky Sports<\/em> e <em>BBC<\/em>, a denunciante seguir\u00e1 recebendo seu sal\u00e1rio, apenas n\u00e3o poder\u00e1 comparecer ao trabalho. Um porta-voz da Red Bull afirmou apenas que &#8220;n\u00e3o podemos comentar, porque \u00e9 um assunto interno&#8221;.<\/p>\n\n\n\n<p class=\"wp-block-paragraph\">A investiga\u00e7\u00e3o interna dos taurinos em rela\u00e7\u00e3o ao &#8216;Caso Horner&#8217; foi conclu\u00edda na semana passada, antes do <strong>GP do Bahrein<\/strong>, que abriu a temporada de 2024 da <strong>F\u00f3rmula 1<\/strong>. Em um comunicado ap\u00f3s receber os resultados da inevstiga\u00e7\u00e3o independente, o time concluiu que as alega\u00e7\u00f5es feitas contra o brit\u00e2nico n\u00e3o tinham base, rejeitando assim a queixa.<\/p>\n\n\n\n<p class=\"wp-block-paragraph\">\u201cA investiga\u00e7\u00e3o independente sobre as alega\u00e7\u00f5es feitas contra o Sr. Horner est\u00e1 completa e a Red Bull pode confirmar que a queixa foi rejeitada\u201d, disse o time em comunicado. \u201cO reclamante tem direito de recurso. A Red Bull est\u00e1 confiante de que a investiga\u00e7\u00e3o foi bastante rigorosa e imparcial\u201d, prosseguiu.<\/p>\n\n\n\n<p class=\"wp-block-paragraph\"><strong>\u25b6\ufe0f Inscreva-se nos dois canais do\u00a0GRANDE PR\u00caMIO\u00a0no YouTube:\u00a0<a href=\"https:\/\/www.youtube.com\/channel\/UC9OlHEgxoaY6QY6nWPoiqQg?sub_confirmation=1\">GP<\/a>\u00a0|\u00a0<a href=\"https:\/\/www.youtube.com\/channel\/UC9csiS6q_C3C0FYhyr1rnFA?sub_confirmation=1\">GP2<\/a><br><a href=\"https:\/\/www.twitch.tv\/grandepremio\">\u25b6\ufe0f Conhe\u00e7a o canal do\u00a0GRANDE PR\u00caMIO\u00a0na Twitch clicando aqui!<\/a><\/strong><\/p>\n\n\n\n<figure class=\"wp-block-image size-large\"><img decoding=\"async\" src=\"https:\/\/www.grandepremio.com\/br\/wp-content\/uploads\/2023\/07\/f1-2023-austria-corrida-redbull-christianhorner-afp-01-1024x683.jpg\" alt=\"\" class=\"wp-image-703362\"\/><figcaption class=\"wp-element-caption\">Horner \u00e9 chefe da Red Bull desde 2005, quando a equipe entrou na F\u00f3rmula 1 (Foto: AFP) <\/figcaption><\/figure>\n\n\n\n<p class=\"wp-block-paragraph\">\u201cO relat\u00f3rio da investiga\u00e7\u00e3o \u00e9 confidencial e cont\u00e9m informa\u00e7\u00f5es privadas das partes e terceiros que ajudaram na investiga\u00e7\u00e3o e, portanto, n\u00e3o faremos mais coment\u00e1rios em respeito a todos os envolvidos\u201d, concluiu a Red Bull.<\/p>\n\n\n\n<p class=\"wp-block-paragraph\">Mesmo ap\u00f3s o desfecho da investiga\u00e7\u00e3o interna, o caso seguiu repercutindo ap\u00f3s <a href=\"https:\/\/www.grandepremio.com\/br\/f1\/noticias\/christian-horner-nega-veracidade-suposto-vazamento-provas-reitera-foco-na-temporada\/\">um suposto vazamento de provas dentro do paddock<\/a>. A situa\u00e7\u00e3o dentro da Red Bull tamb\u00e9m esquentou, com <strong>Jos Verstappen<\/strong>, pai de <strong>Max Verstappen, <\/strong>afirmando que <a href=\"https:\/\/www.grandepremio.com\/br\/f1\/noticias\/jos-verstappen-pressiona-diz-que-red-bull-pode-rachar-caso-horner\/\">o time &#8220;pode rachar&#8221; por conta da situa\u00e7\u00e3o envolvendo Horner<\/a>.<\/p>\n\n\n\n<p class=\"wp-block-paragraph\">Durante a entrevista oficial dos pilotos no fim de semana do\u00a0<strong>GP da Ar\u00e1bia Saudita<\/strong>, Verstappen foi questionado sobre de Jos se arrependeu, Da\u00ed em diante, o tricampe\u00e3o garantiu que n\u00e3o fez essa pergunta ao pai, <a href=\"https:\/\/www.grandepremio.com\/br\/f1\/noticias\/max-verstappen-diz-pai-nao-mentiroso-apos-ataque-christian-horner-somos-muito-proximos\/\">mas tratou de fazer uma defesa ampla do car\u00e1ter de Jos<\/a>: \u201cN\u00e3o perguntei isso a ele, mas meu pai \u00e9 muito franco e n\u00e3o \u00e9 um mentiroso&#8221;, disse o tricampe\u00e3o.<\/p>\n\n\n\n<p class=\"wp-block-paragraph\">A\u00a0<strong>Red Bull GmbH<\/strong>\u00a0abriu investiga\u00e7\u00e3o sobre Horner em fevereiro com acusa\u00e7\u00f5es de \u201ccomportamento inapropriado\u201d vindo de uma funcion\u00e1ria. Christian teve uma reuni\u00e3o com advogados em\u00a0<a href=\"https:\/\/www.grandepremio.com\/br\/circuito\/londres\/\" target=\"_blank\" rel=\"noreferrer noopener\">Londres<\/a>, na qual foi questionado por cerca de 8 horas. O encontro, contudo, n\u00e3o envolveu apenas a presen\u00e7a do chefe da equipe, mas tamb\u00e9m de outros funcion\u00e1rios da Red Bull, como a pr\u00f3pria requerente e o projetista\u00a0<strong>Adrian Newey<\/strong>, que deu sua vers\u00e3o sobre o caso segundo o site alem\u00e3o\u00a0<em>Motorsport-Total<\/em>.<\/p>\n\n\n\n<figure class=\"wp-block-image size-large\"><img decoding=\"async\" src=\"https:\/\/www.grandepremio.com\/br\/wp-content\/uploads\/2024\/02\/bahrein-2024-f1-treino-livre-red-bull-max-verstappen-02-1024x682.jpg\" alt=\"\" class=\"wp-image-781909\"\/><figcaption class=\"wp-element-caption\">Max Verstappen saiu em defesa do pai, Jos (Foto: Red Bull Content Pool)<\/figcaption><\/figure>\n\n\n\n<p class=\"wp-block-paragraph\">Depois, o jornal neerland\u00eas De Telegraaf chegou a dizer que, na verdade,<a href=\"https:\/\/www.grandepremio.com\/br\/f1\/noticias\/christian-horner-acusado-assedio-sexual-tenta-acordo-milionario-denunciante-diz-jornal\/\">\u00a0Christian estava sendo acusado de ass\u00e9dio sexual e que tentou fazer um acordo com a denunciante<\/a>\u00a0\u2014 que recusou. Segundo a publica\u00e7\u00e3o alem\u00e3 Motorsport-Total, o mandat\u00e1rio deve tomar medidas legais contra o De Telegraaf por conta da not\u00edcia.<\/p>\n\n\n\n<p class=\"wp-block-paragraph\">O caso gerou repercuss\u00f5es por todo o paddock.&nbsp;<strong>Zak Brown<\/strong>, diretor-executivo da&nbsp;<strong>McLaren<\/strong>, afirmou que o caso era&nbsp;<strong><a href=\"https:\/\/www.grandepremio.com\/br\/f1\/noticias\/mclaren-pede-agilidade-investigacao-caso-horner-manchete-f1-nao-precisa\/\">\u201cmanchete que F1 n\u00e3o precisa\u201d e pediu agilidade no desfecho<\/a><\/strong>. Enquanto&nbsp;<strong>Toto Wolff<\/strong>, chef\u00e3o da&nbsp;<strong>Mercedes<\/strong>, pediu que a F1&nbsp;<a href=\"https:\/\/www.grandepremio.com\/br\/f1\/noticias\/mercedes-quer-f1-aprenda-caso-christian-horner-pede-conclusao-certa-claras\/\"><strong>aprenda com a quest\u00e3o e que a conclus\u00e3o fosse justa e bem clara<\/strong><\/a>&nbsp;para todos. Al\u00e9m disso, a&nbsp;<strong>Ford<\/strong>, parceria da Red Bull nos motores de 2026, tamb\u00e9m&nbsp;<strong><a href=\"https:\/\/www.grandepremio.com\/br\/f1\/noticias\/ceo-da-ford-aponta-falta-transparencia-red-bull-exige-resposta-sobre-caso-christian-horner\/\">criticou a \u201cfalta de transpar\u00eancia\u201d<\/a><\/strong>&nbsp;com que a quest\u00e3o tem sido conduzida.<\/p>\n\n\n\n<p class=\"wp-block-paragraph\">Horner est\u00e1 na Red Bull desde 2005, quando a equipe entrou na\u00a0<a href=\"https:\/\/www.grandepremio.com\/br\/f1\/\" target=\"_blank\" rel=\"noreferrer noopener\">F\u00f3rmula 1<\/a>, e \u00e9 o chefe de equipe com mais tempo de cargo no grid atual. O brit\u00e2nico esteve diretamente envolvido nos sete t\u00edtulos mundiais de pilotos e nos seis t\u00edtulos do Mundial de Cosntrutores. Christian viaja para o Bahrein nesta quearta e se prepara para atuar normalmente como chefe de equipe da marca dos energ\u00e9ticos na abertura da temporada 2024.<\/p>\n\n\n\n<p class=\"wp-block-paragraph\">O\u00a0<strong>GRANDE PR\u00caMIO<\/strong>\u00a0acompanha\u00a0<strong><a href=\"https:\/\/www.grandepremio.com\/br\/ao-vivo\/f1\/\">AO VIVO e EM\u00a0<\/a><a href=\"https:\/\/www.grandepremio.com\/br\/ao-vivo\/\" target=\"_blank\" rel=\"noreferrer noopener\">TEMPO REAL<\/a><\/strong>\u00a0todas as atividades do\u00a0<strong>GP da Ar\u00e1bia Saudita, em\u00a0<a href=\"https:\/\/www.grandepremio.com\/br\/circuito\/jida\/\" target=\"_blank\" rel=\"noreferrer noopener\">Jed\u00e1<\/a><\/strong>, e transmite classifica\u00e7\u00e3o e corrida em segunda tela, em parceria com a Voz do Esporte, na\u00a0<strong><a href=\"https:\/\/www.youtube.com\/c\/GrandePremioTV\/streams\">GPTV, o canal do GP no Youtube<\/a><\/strong>. Al\u00e9m disso, debate tudo que aconteceu na pista com o\u00a0<strong>Briefing<\/strong>\u00a0ap\u00f3s segundo treino livre e classifica\u00e7\u00e3o, al\u00e9m de antes e depois da corrida.\u00a0<strong>O trabalho de pista come\u00e7a j\u00e1 na quinta-feira, 7 de mar\u00e7o, com treinos livres<\/strong>\u00a0marcados para as 10h30 e 14h (de Bras\u00edlia, GMT-3); na\u00a0<strong>sexta-feira, o \u00faltimo treino<\/strong>\u00a0acontece \u00e0s 10h, com\u00a0<strong>a classifica\u00e7\u00e3o<\/strong>\u00a0\u00e0s 14h; no\u00a0<strong>s\u00e1bado, a largada<\/strong>\u00a0est\u00e1 marcada tamb\u00e9m para as 14h.<\/p>\n","protected":false},"excerpt":{"rendered":"<p>A mulher que denunciou Christian Horner, chefe da Red Bull, por comportamento inadequado foi suspensa pelo time de acordo com a imprensa brit\u00e2nica<\/p>\n","protected":false},"author":0,"featured_media":1000779156,"comment_status":"closed","ping_status":"closed","sticky":false,"template":"","format":"standard","meta":{"42wp_featured_image_caption":"","42wp_featured_image_credits":"","42wp_featured_video":"","42wp_featured_image_hidden":false,"42wp_authors_list":[],"footnotes":""},"categories":[2],"tags":[655,5273,147,3230,642,180,30909,1491,28285,2569,203,204],"42wp_author":[47144],"class_list":["post-85755","post","type-post","status-publish","format-standard","has-post-thumbnail","hentry","category-f1","tag-christian-horner","tag-classificacao-f1","tag-f1","tag-f1-2024","tag-f1-ao-vivo","tag-formula-1","tag-formula-1-2024","tag-grande-premio","tag-grandepremio","tag-jos-verstappen","tag-max-verstappen","tag-red-bull","42wp_author-andre-netto"],"_links":{"self":[{"href":"https:\/\/grandepremio.com\/br\/wp-json\/wp\/v2\/posts\/85755","targetHints":{"allow":["GET"]}}],"collection":[{"href":"https:\/\/grandepremio.com\/br\/wp-json\/wp\/v2\/posts"}],"about":[{"href":"https:\/\/grandepremio.com\/br\/wp-json\/wp\/v2\/types\/post"}],"replies":[{"embeddable":true,"href":"https:\/\/grandepremio.com\/br\/wp-json\/wp\/v2\/comments?post=85755"}],"version-history":[{"count":0,"href":"https:\/\/grandepremio.com\/br\/wp-json\/wp\/v2\/posts\/85755\/revisions"}],"wp:featuredmedia":[{"embeddable":true,"href":"https:\/\/grandepremio.com\/br\/wp-json\/wp\/v2\/media\/1000779156"}],"wp:attachment":[{"href":"https:\/\/grandepremio.com\/br\/wp-json\/wp\/v2\/media?parent=85755"}],"wp:term":[{"taxonomy":"category","embeddable":true,"href":"https:\/\/grandepremio.com\/br\/wp-json\/wp\/v2\/categories?post=85755"},{"taxonomy":"post_tag","embeddable":true,"href":"https:\/\/grandepremio.com\/br\/wp-json\/wp\/v2\/tags?post=85755"},{"taxonomy":"42wp_author","embeddable":true,"href":"https:\/\/grandepremio.com\/br\/wp-json\/wp\/v2\/42wp_author?post=85755"}],"curies":[{"name":"wp","href":"https:\/\/api.w.org\/{rel}","templated":true}]}}