{"id":8578,"date":"2026-05-23T18:51:36","date_gmt":"2026-05-23T21:51:36","guid":{"rendered":"https:\/\/grandepremio.com\/br\/noticias\/lando-norris-mercedes-mais-rapida-canada-elogia-bom-trabalho-mclaren\/"},"modified":"2026-05-23T18:51:47","modified_gmt":"2026-05-23T21:51:47","slug":"lando-norris-mercedes-mais-rapida-canada-elogia-bom-trabalho-mclaren","status":"publish","type":"post","link":"https:\/\/grandepremio.com\/br\/f1\/lando-norris-mercedes-mais-rapida-canada-elogia-bom-trabalho-mclaren\/","title":{"rendered":"Norris reconhece &#8220;Mercedes mais r\u00e1pida&#8221; no Canad\u00e1, mas elogia &#8220;bom trabalho&#8221; da McLaren"},"content":{"rendered":"\n<p class=\"wp-block-paragraph\"><strong>Lando Norris<\/strong> teve motivos para comemorar no segundo dia do <strong>GP do Canad\u00e1<\/strong>. Neste s\u00e1bado (23), depois de conquistar o <a href=\"https:\/\/www.grandepremio.com\/br\/f1\/noticias\/lando-norris-celebra-2o-lugar-corrida-sprint-canada-aproveitei-oportunidade\/\" type=\"link\" id=\"https:\/\/www.grandepremio.com\/br\/f1\/noticias\/lando-norris-celebra-2o-lugar-corrida-sprint-canada-aproveitei-oportunidade\/\">segundo lugar <\/a>na sprint, o ingl\u00eas garantiu o terceiro posto para o grid de largada da corrida de domingo. Ao fim da <a href=\"https:\/\/www.grandepremio.com\/br\/f1\/noticias\/george-russell-volta-impor-andrea-kimi-antonelli-pole-gp-do-canada-gabriel-bortoleto\/\" type=\"link\" id=\"https:\/\/www.grandepremio.com\/br\/f1\/noticias\/george-russell-volta-impor-andrea-kimi-antonelli-pole-gp-do-canada-gabriel-bortoleto\/\">classifica\u00e7\u00e3o<\/a>, avaliou que a <strong>McLaren <\/strong>&#8220;fez um bom trabalho&#8221; em <strong>Montreal<\/strong>, mas que a ponta continua sendo da <strong>Mercedes<\/strong>.<\/p>\n\n\n\n<p class=\"wp-block-paragraph\">Norris largar\u00e1 atr\u00e1s apenas de <strong>George Russell<\/strong>, que foi o pole do dia, e <strong>Andrea Kimi Antonelli<\/strong>. O atual campe\u00e3o da <strong>F\u00f3rmula 1<\/strong> disse que a dupla da <strong>Mercedes <\/strong>ainda est\u00e1 mais r\u00e1pida, mas que se aproximou desde o in\u00edcio da etapa.<\/p>\n\n\n\n<figure class=\"wp-block-embed is-type-video is-provider-youtube wp-block-embed-youtube wp-embed-aspect-16-9 wp-has-aspect-ratio\"><div class=\"wp-block-embed__wrapper\">\n<iframe loading=\"lazy\" title=\"F1: RUSSELL POLE NO CANAD\u00c1 DE F1: VEJA O GRID DE LARGADA COMPLETO [Briefing + narra\u00e7\u00e3o]\" width=\"500\" height=\"281\" src=\"https:\/\/www.youtube.com\/embed\/2V7a8NYydPY?feature=oembed\" frameborder=\"0\" allow=\"accelerometer; autoplay; clipboard-write; encrypted-media; gyroscope; picture-in-picture; web-share\" referrerpolicy=\"strict-origin-when-cross-origin\" allowfullscreen><\/iframe>\n<\/div><figcaption class=\"wp-element-caption\">\ud83d\udd34AO VIVO! ASSISTA \u00c0 CLASSIFICA\u00c7\u00c3O DO GP DO CANAD\u00c1 DE F1 NO GRANDE PR\u00caMIO [narra\u00e7\u00e3o 2\u00aa tela]<\/figcaption><\/figure>\n\n\n\n<p class=\"wp-block-paragraph\">\u201cSinto que fizemos um bom trabalho, \u00e9 uma pista dif\u00edcil para acertar tudo perfeitamente, mas fizemos um bom trabalho. Claro que esses caras [Russell e Antonelli] est\u00e3o um pouco mais r\u00e1pidos. \u00c9 bom estar mais pr\u00f3ximos do que est\u00e1vamos ontem\u201d, disse.<\/p>\n\n\n\n<p class=\"wp-block-paragraph\">\u201cConsegui me divertir hoje de manh\u00e3, e o clima estar\u00e1 diferente amanh\u00e3. Estamos em uma posi\u00e7\u00e3o boa, onde temos de estar\u201d, acrescentou o piloto do carro #1.<\/p>\n\n\n\n<figure class=\"wp-block-image size-full\"><img decoding=\"async\" src=\"https:\/\/www.grandepremio.com\/br\/wp-content\/uploads\/2026\/05\/canada-classificacao-f1-2026-mclaren-lando-norris-01-e1779567619986.jpeg\" alt=\"\" class=\"wp-image-1090604\"\/><figcaption class=\"wp-element-caption\">Lando Norris largar\u00e1 em terceiro no Canad\u00e1 (Foto: McLaren)<\/figcaption><\/figure>\n\n\n\n<p class=\"wp-block-paragraph\">Norris ocupa a quarta posi\u00e7\u00e3o do <strong>Mundial de Pilotos<\/strong>, com <strong>58 <\/strong>tentos. A McLaren \u00e9 a terceira colocada no <strong>Mundial de Construtores<\/strong>, somando 106 pontos.<\/p>\n\n\n\n<p class=\"wp-block-paragraph\">O&nbsp;<strong>GRANDE PR\u00caMIO<\/strong>&nbsp;acompanha todas as atividades&nbsp;do GP do Canad\u00e1&nbsp;<a href=\"https:\/\/www.grandepremio.com\/br\/ao-vivo\/f1\/\"><strong>AO VIVO E EM&nbsp;<\/strong><\/a><strong><a href=\"https:\/\/www.grandepremio.com\/br\/ao-vivo\/\" target=\"_blank\" rel=\"noreferrer noopener\">TEMPO REAL<\/a><\/strong>,&nbsp;<a href=\"https:\/\/www.youtube.com\/@GrandePremio1\/streams\">al\u00e9m de classifica\u00e7\u00f5es e corridas em&nbsp;<strong>SEGUNDA TELA&nbsp;<\/strong>no YouTube<\/a>, em parceria com a&nbsp;<strong>Voz do Esporte<\/strong>. O&nbsp;<strong>Briefing&nbsp;<\/strong>chega para analisar ap\u00f3s o fim de cada dia de atividades nas redes sociais e na&nbsp;<strong>GPTV<\/strong>.<\/p>\n\n\n\n<h2 class=\"wp-block-heading\" id=\"h-gp-do-canada-de-f1-veja-os-horarios-em-brasil-cabo-verde-portugal-angola-e-mocambique\"><strong>GP do Canad\u00e1 de F1: veja os hor\u00e1rios em Brasil, Cabo Verde, Portugal, Angola e Mo\u00e7ambique<\/strong><\/h2>\n\n\n\n<figure class=\"wp-block-table\"><table class=\"has-fixed-layout\"><tbody><tr><td class=\"has-text-align-left\" data-align=\"left\"><strong>Sess\u00e3o<\/strong><\/td><td class=\"has-text-align-left\" data-align=\"left\"><strong>BRA*<\/strong><\/td><td class=\"has-text-align-left\" data-align=\"left\"><strong>CBV<\/strong><\/td><td class=\"has-text-align-left\" data-align=\"left\"><strong>POR<\/strong><br><strong>ANG<\/strong><\/td><td class=\"has-text-align-left\" data-align=\"left\"><strong>MOZ<\/strong><\/td><\/tr><tr><td class=\"has-text-align-left\" data-align=\"left\">Corrida<\/td><td class=\"has-text-align-left\" data-align=\"left\">17:00<\/td><td class=\"has-text-align-left\" data-align=\"left\">19:00<\/td><td class=\"has-text-align-left\" data-align=\"left\">21:00<\/td><td class=\"has-text-align-left\" data-align=\"left\">22:00<\/td><\/tr><\/tbody><\/table><\/figure>\n\n\n\n<p class=\"wp-block-paragraph\"><em>*Hor\u00e1rio de Bras\u00edlia<\/em><\/p>\n\n\n\n<p class=\"wp-block-paragraph\">\u25b6\ufe0f&nbsp;<strong>F1:&nbsp;<a href=\"https:\/\/www.grandepremio.com\/br\/f1\/calendario\/\">confira o calend\u00e1rio completo de 2026<\/a><\/strong><br>\u25b6\ufe0f&nbsp;<strong>Inscreva-se nos dois canais do GRANDE PR\u00caMIO no YouTube:&nbsp;<a href=\"https:\/\/www.youtube.com\/channel\/UC9OlHEgxoaY6QY6nWPoiqQg?sub_confirmation=1\">GP<\/a>&nbsp;|&nbsp;<a href=\"https:\/\/www.youtube.com\/channel\/UC9csiS6q_C3C0FYhyr1rnFA?sub_confirmation=1\">GPTV<\/a><\/strong><\/p>\n\n\n\n<h2 class=\"wp-block-heading\" id=\"h-f1-hoje-saiba-aqui-as-noticias-mais-importantes-do-dia-da-formula-1\"><strong>F1 hoje: saiba aqui as not\u00edcias mais importantes do dia da F\u00f3rmula 1<\/strong><\/h2>\n\n\n\n<p class=\"wp-block-paragraph\">A reda\u00e7\u00e3o do&nbsp;<strong>GRANDE PR\u00caMIO<\/strong>&nbsp;selecionou as not\u00edcias mais importantes das \u00faltimas horas para voc\u00ea ficar por dentro de tudo que acontece na F1.<\/p>\n\n\n\n<p class=\"wp-block-paragraph\" id=\"h-f1-hoje-saiba-aqui-as-noticias-mais-importantes-do-dia-da-formula-1\">\u25b6\ufe0f&nbsp;<strong><a href=\"https:\/\/www.grandepremio.com\/br\/f1\/noticias\/alain-prost-agredido-durante-assalto-pertences-levados-casa-suica\/\">Prost \u00e9 agredido durante assalto e tem pertences levados em casa na Su\u00ed\u00e7a<\/a><br><\/strong>\u25b6\ufe0f&nbsp;<strong><a href=\"https:\/\/www.grandepremio.com\/br\/f1\/noticias\/5-coisas-aprendemos-sexta-feira-gp-canada-formula-1-2026\/\">5 coisas que aprendemos na sexta-feira do GP do Canad\u00e1 da F\u00f3rmula 1 2026<\/a><br><\/strong>\u25b6\ufe0f&nbsp;<strong><a href=\"https:\/\/www.grandepremio.com\/br\/f1\/noticias\/mercedes-cresce-mais-pavimenta-1o-duelo-real-antonelli-russell-canada\/\">Mercedes cresce mais e pavimenta 1\u00ba duelo real entre Antonelli e Russell no Canad\u00e1<\/a><\/strong><br><strong>\u25b6\ufe0f <a href=\"https:\/\/www.grandepremio.com\/br\/f1\/noticias\/george-russell-impoe-1a-batalha-kimi-antonelli-sprint-canada-gabriel-bortoleto\/\">Russell se imp\u00f5e em 1\u00aa batalha com Antonelli e vence sprint do Canad\u00e1<\/a><br>\u25b6\ufe0f <a href=\"https:\/\/www.grandepremio.com\/br\/f1\/noticias\/george-russell-tira-2-pontos-andrea-kimi-antonelli-vitoria-sprint-canada-classificacao\/\">Russell tira 2 pontos de Antonelli com vit\u00f3ria na sprint do Canad\u00e1. Confira classifica\u00e7\u00e3o<\/a><\/strong><\/p>\n","protected":false},"excerpt":{"rendered":"<p>Lando Norris terminou a classifica\u00e7\u00e3o do GP do Canad\u00e1 em terceiro, atr\u00e1s apenas da dupla da Mercedes, e se v\u00ea em &#8220;boa posi\u00e7\u00e3o&#8221; no cen\u00e1rio da corrida de domingo<\/p>\n","protected":false},"author":0,"featured_media":1001090636,"comment_status":"closed","ping_status":"closed","sticky":false,"template":"","format":"standard","meta":{"42wp_featured_image_caption":"","42wp_featured_image_credits":"","42wp_featured_video":"","42wp_featured_image_hidden":false,"42wp_authors_list":[],"footnotes":""},"categories":[2],"tags":[26271,25053,147,29516,29148,24868,31425,28995,25044,39820,24836,28285,36194,547,90,4486,46843,31785,35129,31470],"42wp_author":[47167],"class_list":["post-8578","post","type-post","status-publish","format-standard","has-post-thumbnail","hentry","category-f1","tag-calendario-f1","tag-canada","tag-f1","tag-f1-2026","tag-f1-hoje","tag-formula-1-3","tag-formula-1-2026","tag-formula-1-hoje","tag-gp-do-canada-2","tag-gp-do-canada-f1","tag-grande-premio-2","tag-grandepremio","tag-horarios-f1-2","tag-lando-norris","tag-mclaren","tag-montreal","tag-montreal-2026","tag-montreal-f1","tag-onde-assistir-f1","tag-temporada-2026-f1","42wp_author-julia-palomares-aro"],"_links":{"self":[{"href":"https:\/\/grandepremio.com\/br\/wp-json\/wp\/v2\/posts\/8578","targetHints":{"allow":["GET"]}}],"collection":[{"href":"https:\/\/grandepremio.com\/br\/wp-json\/wp\/v2\/posts"}],"about":[{"href":"https:\/\/grandepremio.com\/br\/wp-json\/wp\/v2\/types\/post"}],"replies":[{"embeddable":true,"href":"https:\/\/grandepremio.com\/br\/wp-json\/wp\/v2\/comments?post=8578"}],"version-history":[{"count":0,"href":"https:\/\/grandepremio.com\/br\/wp-json\/wp\/v2\/posts\/8578\/revisions"}],"wp:featuredmedia":[{"embeddable":true,"href":"https:\/\/grandepremio.com\/br\/wp-json\/wp\/v2\/media\/1001090636"}],"wp:attachment":[{"href":"https:\/\/grandepremio.com\/br\/wp-json\/wp\/v2\/media?parent=8578"}],"wp:term":[{"taxonomy":"category","embeddable":true,"href":"https:\/\/grandepremio.com\/br\/wp-json\/wp\/v2\/categories?post=8578"},{"taxonomy":"post_tag","embeddable":true,"href":"https:\/\/grandepremio.com\/br\/wp-json\/wp\/v2\/tags?post=8578"},{"taxonomy":"42wp_author","embeddable":true,"href":"https:\/\/grandepremio.com\/br\/wp-json\/wp\/v2\/42wp_author?post=8578"}],"curies":[{"name":"wp","href":"https:\/\/api.w.org\/{rel}","templated":true}]}}