{"id":85864,"date":"2024-03-06T13:39:03","date_gmt":"2024-03-06T16:39:03","guid":{"rendered":"https:\/\/grandepremio.com\/br\/noticias\/yuki-tsunoda-aciona-bandeira-paz-rb-revela-papo-daniel-ricciardo-ja-nos-entendemos\/"},"modified":"2024-03-06T21:04:53","modified_gmt":"2024-03-07T00:04:53","slug":"yuki-tsunoda-aciona-bandeira-paz-rb-revela-papo-daniel-ricciardo-ja-nos-entendemos","status":"publish","type":"post","link":"https:\/\/grandepremio.com\/br\/f1\/yuki-tsunoda-aciona-bandeira-paz-rb-revela-papo-daniel-ricciardo-ja-nos-entendemos\/","title":{"rendered":"Tsunoda aciona bandeira de paz na RB e revela papo com Ricciardo: &#8220;J\u00e1 nos entendemos&#8221;"},"content":{"rendered":"\n<p class=\"wp-block-paragraph\">A abertura da temporada 2024 da <strong><a href=\"https:\/\/www.grandepremio.com\/br\/f1\/\">F\u00f3rmula 1<\/a><\/strong>, no fim de semana passado, <strong><a href=\"https:\/\/www.grandepremio.com\/br\/f1\/noticias\/max-verstappen-lava-cara-formula-1-inteira-dispara-sem-do-vence-gp-do-bahrein-formula-1\/\">no Bahrein<\/a><\/strong>, mostrou uma inesperada celeuma entre os pilotos da RB logo de sa\u00edda. Aconteceu nas \u00faltimas cinco voltas, quando <strong>Yuki Tsunoda<\/strong> n\u00e3o gostou da ordem para deixar <strong>Daniel Ricciardo<\/strong> passar e, ap\u00f3s o fim da prova, resolveu tirar uma satisfa\u00e7\u00e3o dentro da pista. Nesta quarta-feira (6), durante a entrevista oficial dos pilotos em <strong>Jed\u00e1<\/strong>, na <strong>Ar\u00e1bia Saudita<\/strong>, disse que ele e e Ricciardo deixaram o epis\u00f3dio para tr\u00e1s.<\/p>\n\n\n\n<p class=\"wp-block-paragraph\">Em Sakhir, Tsunoda passou quase todo o fim de semana mais competitivo, entre classifica\u00e7\u00e3o e corrida, na frente do companheiro. No fim da prova, a RB julgou que era melhor deixar Ricciardo atacar o advers\u00e1rio que estava na frente de ambos, <strong>Kevin Magnussen<\/strong>, na 12\u00aa coloca\u00e7\u00e3o. Ordenou a troca, algo que desagradou Tsunoda \u2014 Ricciardo n\u00e3o amea\u00e7ou Magnussen e tamb\u00e9m n\u00e3o devolveu a posi\u00e7\u00e3o ao companheiro de equipe.<\/p>\n\n\n\n<p class=\"wp-block-paragraph\">Irritado ap\u00f3s cruzar a bandeirada, <strong><a href=\"https:\/\/www.grandepremio.com\/br\/f1\/noticias\/que-porra-essa-daniel-ricciardo-irrita-aponta-dedo-para-imaturidade-yuki-tsunoda\/\">Tsunoda fez um mergulho de ultrapassagem para cima de Ricciardo<\/a><\/strong>, enquanto o australiano apenas desfilava com o carro de volta ao boxes. O movimento irritou Ricciardo, que depois caracterizou a decis\u00e3o como &#8220;imaturidade&#8221;.<\/p>\n\n\n\n<p class=\"wp-block-paragraph\">Assim como <strong><a href=\"https:\/\/www.grandepremio.com\/br\/f1\/noticias\/daniel-ricciardo-prega-paz-rb-apos-conflito-yuki-tsunoda-precisamos-trabalhar-juntos\/\">Ricciardo j\u00e1 tinha feito<\/a><\/strong>, Tsunoda resolveu diminuir o tom e levantar bandeira branca, uma vez que at\u00e9 a equipe <strong><a href=\"https:\/\/www.grandepremio.com\/br\/f1\/noticias\/rb-estrategia-errada-causou-confusao-yuki-tsunoda-daniel-ricciardo-bahrein\/\">admitiu que a estrat\u00e9gia dela foi equivocada<\/a><\/strong>. <\/p>\n\n\n\n<figure class=\"wp-block-image size-large\"><img decoding=\"async\" src=\"https:\/\/www.grandepremio.com\/br\/wp-content\/uploads\/2024\/03\/bahrein-2024-f1-treino-livre-rb-daniel-ricciardo-05-1024x683.jpg\" alt=\"\" class=\"wp-image-782592\"\/><figcaption class=\"wp-element-caption\">Daniel Ricciardo ter\u00e1 paz com Yuki Tsunoda (Foto: Red Bull Content Pool)<\/figcaption><\/figure>\n\n\n\n<p class=\"wp-block-paragraph\">&#8220;No momento [da corrida], eu estava tendo um debate duro comigo mesmo dentro da cabe\u00e7a, mas deixei que passasse assim mesmo. A equipe achou que ele tinha mais chance [de ganhar a posi\u00e7\u00e3o da frente]&#8221;, afirmou.<\/p>\n\n\n\n<p class=\"wp-block-paragraph\">&#8220;Se algo semelhante acontecer de novo neste fim de semana, agora saberei melhor como lidar com isso&#8221;, continuou.<\/p>\n\n\n\n<p class=\"wp-block-paragraph\">&#8220;Conversamos [com Ricciardo] e todo o restante da equipe. Estamos na mesma p\u00e1gina e nos entendemos. E \u00e9 isso&#8221;, finalizou.<\/p>\n\n\n\n<p class=\"wp-block-paragraph\">O\u00a0<strong>GRANDE PR\u00caMIO<\/strong>\u00a0acompanha\u00a0<strong><a href=\"https:\/\/www.grandepremio.com\/br\/ao-vivo\/f1\/\">AO VIVO e EM\u00a0<\/a><a href=\"https:\/\/www.grandepremio.com\/br\/ao-vivo\/\" target=\"_blank\" rel=\"noreferrer noopener\">TEMPO REAL<\/a><\/strong>\u00a0todas as atividades do <strong>GP da Ar\u00e1bia Saudita, em Jed\u00e1<\/strong>, e transmite classifica\u00e7\u00e3o e corrida em segunda tela, em parceria com a Voz do Esporte, na\u00a0<strong><a href=\"https:\/\/www.youtube.com\/c\/GrandePremioTV\/streams\">GPTV, o canal do GP no Youtube<\/a><\/strong>. Al\u00e9m disso, debate tudo que aconteceu na pista com o\u00a0<strong>Briefing<\/strong>\u00a0ap\u00f3s segundo treino livre e classifica\u00e7\u00e3o, al\u00e9m de antes e depois da corrida. <strong>O trabalho de pista come\u00e7a j\u00e1 na quinta-feira, 7 de mar\u00e7o, com treinos livres<\/strong> marcados para as 10h30 e 14h (de Bras\u00edlia, GMT-3); na <strong>sexta-feira, o \u00faltimo treino<\/strong> acontece \u00e0s 10h, com <strong>a classifica\u00e7\u00e3o<\/strong> \u00e0s 14h; no <strong>s\u00e1bado, a largada<\/strong> est\u00e1 marcada tamb\u00e9m para as 14h.<\/p>\n\n\n\n<p class=\"wp-block-paragraph\"><strong>\u25b6\ufe0f Inscreva-se nos dois canais do\u00a0GRANDE PR\u00caMIO\u00a0no YouTube:\u00a0<a href=\"https:\/\/www.youtube.com\/channel\/UC9OlHEgxoaY6QY6nWPoiqQg?sub_confirmation=1\">GP<\/a>\u00a0|\u00a0<a href=\"https:\/\/www.youtube.com\/channel\/UC9csiS6q_C3C0FYhyr1rnFA?sub_confirmation=1\">GP2<\/a><br><a href=\"https:\/\/www.twitch.tv\/grandepremio\">\u25b6\ufe0f Conhe\u00e7a o canal do\u00a0GRANDE PR\u00caMIO\u00a0na Twitch clicando aqui!<\/a><\/strong><\/p>\n\n\n\n<figure class=\"wp-block-video\"><video class=\"video-js vjs-big-play-centered\" data-gp-vjs=\"1\" controls poster=\"https:\/\/www.grandepremio.com\/br\/cdn-cgi\/image\/width=893,height=558,fit=contain,gravity=0.5x0.5,quality=75,format=webp\/wp-content\/uploads\/2024\/03\/Tsunoda_Ricciardo_GP-do-Bahrein-poster.jpeg\" src=\"https:\/\/www.grandepremio.com\/br\/wp-content\/uploads\/2024\/03\/Tsunoda_Ricciardo_GP-do-Bahrein.mp4\"><\/video><figcaption class=\"wp-element-caption\">No fim da corrida, Tsunoda ainda jogou o carro para cima de Ricciardo (V\u00eddeo: reprodu\u00e7\u00e3o\/F1 TV) <\/figcaption><\/figure>\n","protected":false},"excerpt":{"rendered":"<p>Yuki Tsunoda afirmou que o incidente do fim do GP do Bahrein, quando mergulhou para cima do companheiro ap\u00f3s a prova, n\u00e3o causa mais dor de cabe\u00e7a<\/p>\n","protected":false},"author":0,"featured_media":1000783365,"comment_status":"closed","ping_status":"closed","sticky":false,"template":"","format":"standard","meta":{"42wp_featured_image_caption":"","42wp_featured_image_credits":"","42wp_featured_video":"","42wp_featured_image_hidden":false,"42wp_authors_list":[],"footnotes":""},"categories":[2],"tags":[5660,211,3230,642,38627,26266,29669,26627,26267,25693,597],"42wp_author":[47120],"class_list":["post-85864","post","type-post","status-publish","format-standard","has-post-thumbnail","hentry","category-f1","tag-classificacao","tag-daniel-ricciardo","tag-f1-2024","tag-f1-ao-vivo","tag-fim-de-semana-arabia-saudita","tag-gp-da-arabia-saudita","tag-gp-de-jeda","tag-jeda","tag-jeddah","tag-rb","tag-yuki-tsunoda","42wp_author-pedro-henrique-marum"],"_links":{"self":[{"href":"https:\/\/grandepremio.com\/br\/wp-json\/wp\/v2\/posts\/85864","targetHints":{"allow":["GET"]}}],"collection":[{"href":"https:\/\/grandepremio.com\/br\/wp-json\/wp\/v2\/posts"}],"about":[{"href":"https:\/\/grandepremio.com\/br\/wp-json\/wp\/v2\/types\/post"}],"replies":[{"embeddable":true,"href":"https:\/\/grandepremio.com\/br\/wp-json\/wp\/v2\/comments?post=85864"}],"version-history":[{"count":0,"href":"https:\/\/grandepremio.com\/br\/wp-json\/wp\/v2\/posts\/85864\/revisions"}],"wp:featuredmedia":[{"embeddable":true,"href":"https:\/\/grandepremio.com\/br\/wp-json\/wp\/v2\/media\/1000783365"}],"wp:attachment":[{"href":"https:\/\/grandepremio.com\/br\/wp-json\/wp\/v2\/media?parent=85864"}],"wp:term":[{"taxonomy":"category","embeddable":true,"href":"https:\/\/grandepremio.com\/br\/wp-json\/wp\/v2\/categories?post=85864"},{"taxonomy":"post_tag","embeddable":true,"href":"https:\/\/grandepremio.com\/br\/wp-json\/wp\/v2\/tags?post=85864"},{"taxonomy":"42wp_author","embeddable":true,"href":"https:\/\/grandepremio.com\/br\/wp-json\/wp\/v2\/42wp_author?post=85864"}],"curies":[{"name":"wp","href":"https:\/\/api.w.org\/{rel}","templated":true}]}}