{"id":8602,"date":"2026-05-23T12:44:35","date_gmt":"2026-05-23T15:44:35","guid":{"rendered":"https:\/\/grandepremio.com\/br\/noticias\/familia-kyle-busch-divulga-nota-oficial-confirma-pneumonia-como-causa-morte\/"},"modified":"2026-05-26T10:59:25","modified_gmt":"2026-05-26T13:59:25","slug":"familia-kyle-busch-divulga-nota-oficial-confirma-pneumonia-como-causa-morte","status":"publish","type":"post","link":"https:\/\/grandepremio.com\/br\/nascar\/familia-kyle-busch-divulga-nota-oficial-confirma-pneumonia-como-causa-morte\/","title":{"rendered":"Fam\u00edlia de Kyle Busch divulga nota oficial e confirma pneumonia como causa da morte"},"content":{"rendered":"\n<p class=\"wp-block-paragraph\">A fam\u00edlia de <strong>Kyle Busch <\/strong>se pronunciou pela primeira vez ap\u00f3s a morte do piloto de 41 anos, que ocorreu na \u00faltima quinta-feira (21), nos Estados Unidos. Em nota oficial, foi confirmado que a avalia\u00e7\u00e3o m\u00e9dica entregue \u00e0 fam\u00edlia concluiu que uma pneumonia grave progrediu para sepse, resultando em complica\u00e7\u00f5es r\u00e1pidas e avassaladoras.<\/p>\n\n\n\n<p class=\"wp-block-paragraph\">Segundo a Associated Press, Kyle foi encontrado inconsciente ap\u00f3s utilizar um simulador da equipe Richard Childress Racing na cidade de Concord, na Carolina do Norte. O an\u00fancio da hospitaliza\u00e7\u00e3o foi feito na manh\u00e3 de quinta-feira, junto da confirma\u00e7\u00e3o de que n\u00e3o disputaria a Charlotte 600 no pr\u00f3ximo domingo (24), e a morte ocorreu horas depois.<\/p>\n\n\n\n<figure class=\"wp-block-embed is-type-video is-provider-youtube wp-block-embed-youtube wp-embed-aspect-16-9 wp-has-aspect-ratio\"><div class=\"wp-block-embed__wrapper\">\n<iframe loading=\"lazy\" title=\"\ud83d\udd34 URGENTE: KYLE BUSCH MORRE AOS 41 ANOS | NA F1, POR QUE QUEREM APOSENTAR HAMILTON? | WGP\" width=\"500\" height=\"281\" src=\"https:\/\/www.youtube.com\/embed\/y5sLEyNTgG8?start=678&amp;feature=oembed\" frameborder=\"0\" allow=\"accelerometer; autoplay; clipboard-write; encrypted-media; gyroscope; picture-in-picture; web-share\" referrerpolicy=\"strict-origin-when-cross-origin\" allowfullscreen><\/iframe>\n<\/div><\/figure>\n\n\n\n<p class=\"wp-block-paragraph\">Duas semanas atr\u00e1s, Busch disputou a etapa de Watkins Glen da Cup Series e pediu atendimento m\u00e9dico no r\u00e1dio, at\u00e9 sugerindo a necessidade de tomar uma inje\u00e7\u00e3o. Em entrevista ap\u00f3s a corrida, Kyle alegou que estava sofrendo com sinusite. No s\u00e1bado passado, ele correu normalmente venceu a etapa de Dover da Truck Series.<\/p>\n\n\n\n<figure class=\"wp-block-image size-large\"><img decoding=\"async\" src=\"https:\/\/www.grandepremio.com\/br\/wp-content\/uploads\/2026\/05\/KYLE-BUSCH-NASCAR-3-1200x637.jpg\" alt=\"\" class=\"wp-image-1089695\"\/><figcaption class=\"wp-element-caption\">Kyle Busch (Foto: Nascar)<\/figcaption><\/figure>\n\n\n\n<p class=\"wp-block-paragraph\">Na \u00faltima sexta-feira (22), o site TMZ Sports divulgou a liga\u00e7\u00e3o de emerg\u00eancia feita para a ambul\u00e2ncia que atendeu Busch, relatando que o piloto tinha dificuldades de respirar, estava com febre e tossia sangue.<\/p>\n\n\n\n<p class=\"wp-block-paragraph\">&#8220;Rowdy&#8221; Kyle Busch \u00e9 um dos maiores pilotos da hist\u00f3ria da Nascar, com t\u00edtulos da Cup Series em 2015 e 2019. No total, foram 762 corridas disputadas na classe principal, com 63 vit\u00f3rias, 35 poles e 395 top-10. Ele tamb\u00e9m foi campe\u00e3o da Nationwide Series em 2009. Busch foi inclu\u00eddo na lista dos 75 maiores pilotos da Nascar em 2023. Kyle deixa a mulher, Samantha, e os filhos Brexton e Lennix.<\/p>\n\n\n\n<p class=\"wp-block-paragraph\"><strong>Leia tamb\u00e9m:\u00a0<a href=\"https:\/\/www.grandepremio.com\/br\/nascar\/noticias\/nos-te-amamos-kb-esporte-motor-reage-morte-kyle-busch-lenda-nascar\/\">\u201cN\u00f3s te amamos, KB\u201d: esporte a motor reage \u00e0 morte de Kyle Busch, lenda da Nascar<\/a><\/strong><\/p>\n","protected":false},"excerpt":{"rendered":"<p>Avalia\u00e7\u00e3o m\u00e9dica de Kyle Busch concluiu que grave pneumonia, que progrediu para sepse, foi a causa da morte do piloto de 41 anos. Fam\u00edlia se pronunciou oficialmente neste s\u00e1bado<\/p>\n","protected":false},"author":0,"featured_media":1001089697,"comment_status":"closed","ping_status":"closed","sticky":false,"template":"","format":"standard","meta":{"42wp_featured_image_caption":"","42wp_featured_image_credits":"","42wp_featured_video":"","42wp_featured_image_hidden":false,"42wp_authors_list":[],"footnotes":""},"categories":[14],"tags":[32484,32751,1491,28285,5219,1253,411,42504,27712,45589,45598,3200,45590,25035],"42wp_author":[47119],"class_list":["post-8602","post","type-post","status-publish","format-standard","has-post-thumbnail","hentry","category-nascar","tag-calendario-nascar","tag-classificacao-nascar","tag-grande-premio","tag-grandepremio","tag-joe-gibbs","tag-kyle-busch","tag-nascar","tag-nascar-2026","tag-nascar-cup-series","tag-nascar-cup-series-2026","tag-nascar-hoje","tag-playoffs-nascar","tag-temporada-2026-da-nascar","tag-tragedia","42wp_author-gabriel-carvalho"],"_links":{"self":[{"href":"https:\/\/grandepremio.com\/br\/wp-json\/wp\/v2\/posts\/8602","targetHints":{"allow":["GET"]}}],"collection":[{"href":"https:\/\/grandepremio.com\/br\/wp-json\/wp\/v2\/posts"}],"about":[{"href":"https:\/\/grandepremio.com\/br\/wp-json\/wp\/v2\/types\/post"}],"replies":[{"embeddable":true,"href":"https:\/\/grandepremio.com\/br\/wp-json\/wp\/v2\/comments?post=8602"}],"version-history":[{"count":0,"href":"https:\/\/grandepremio.com\/br\/wp-json\/wp\/v2\/posts\/8602\/revisions"}],"wp:featuredmedia":[{"embeddable":true,"href":"https:\/\/grandepremio.com\/br\/wp-json\/wp\/v2\/media\/1001089697"}],"wp:attachment":[{"href":"https:\/\/grandepremio.com\/br\/wp-json\/wp\/v2\/media?parent=8602"}],"wp:term":[{"taxonomy":"category","embeddable":true,"href":"https:\/\/grandepremio.com\/br\/wp-json\/wp\/v2\/categories?post=8602"},{"taxonomy":"post_tag","embeddable":true,"href":"https:\/\/grandepremio.com\/br\/wp-json\/wp\/v2\/tags?post=8602"},{"taxonomy":"42wp_author","embeddable":true,"href":"https:\/\/grandepremio.com\/br\/wp-json\/wp\/v2\/42wp_author?post=8602"}],"curies":[{"name":"wp","href":"https:\/\/api.w.org\/{rel}","templated":true}]}}