{"id":86062,"date":"2024-03-04T16:54:38","date_gmt":"2024-03-04T19:54:38","guid":{"rendered":"https:\/\/grandepremio.com\/br\/noticias\/meyer-shank-divulga-pintura-carro-helio-castroneves-indy-500-2024\/"},"modified":"2024-03-04T22:09:37","modified_gmt":"2024-03-05T01:09:37","slug":"meyer-shank-divulga-pintura-carro-helio-castroneves-indy-500-2024","status":"publish","type":"post","link":"https:\/\/grandepremio.com\/br\/indy\/meyer-shank-divulga-pintura-carro-helio-castroneves-indy-500-2024\/","title":{"rendered":"Meyer Shank divulga pintura do carro de Castroneves para Indy 500 2024"},"content":{"rendered":"\n<p class=\"wp-block-paragraph\">A <strong>Meyer Shank Racing <\/strong>divulgou, nesta segunda-feira (4), a pintura que ser\u00e1 utilizada por <strong>Helio Castroneves <\/strong>na edi\u00e7\u00e3o 2024 das <strong>500 Milhas de Indian\u00e1polis. <\/strong>Ap\u00f3s acertar acordo de patroc\u00ednio com a empresa Cleveland-Cliffs, o brasileiro ter\u00e1 o b\u00f3lido #06 majoritariamente branco e com detalhes em azul, abandonando o preto e rosa tradicional do time nos \u00faltimos anos.<\/p>\n\n\n\n<p class=\"wp-block-paragraph\">Ser\u00e1 a 24\u00aa participa\u00e7\u00e3o de Castroneves nas 500 Milhas de Indian\u00e1polis e a quarta pela Meyer Shank. O brasileiro, vencedor em 2001, 2002, 2009 e 2021, busca a quinta vit\u00f3ria para se tornar, de forma isolada, o maior vencedor da Indy 500.<\/p>\n\n\n\n<p class=\"wp-block-paragraph\">A participa\u00e7\u00e3o de 2024 tamb\u00e9m \u00e9 especial pelo novo momento vivido pelo piloto que completa 49 anos em maio. \u00c9 a primeira vez que Helio compete na Indy 500 tamb\u00e9m como dono de equipe, j\u00e1 que virou <a href=\"https:\/\/www.grandepremio.com\/br\/indy\/noticias\/helio-castroneves-vira-acionista-meyer-shank-disputa-apenas-indy-500-2024\/\">s\u00f3cio minorit\u00e1rio<\/a> da Meyer Shank em 2023.<\/p>\n\n\n\n<p class=\"wp-block-paragraph\"><strong>\u25b6\ufe0f\u00a0Inscreva-se nos dois canais do GRANDE PR\u00caMIO no YouTube:\u00a0<a href=\"https:\/\/www.youtube.com\/channel\/UC9OlHEgxoaY6QY6nWPoiqQg?sub_confirmation=1\" target=\"_blank\" rel=\"noreferrer noopener\">GP<\/a>\u00a0|\u00a0<a href=\"https:\/\/www.youtube.com\/channel\/UC9csiS6q_C3C0FYhyr1rnFA?sub_confirmation=1\" target=\"_blank\" rel=\"noreferrer noopener\">GP2<\/a><\/strong><br><strong>\u25b6\ufe0f\u00a0<a href=\"https:\/\/www.twitch.tv\/grandepremio\" target=\"_blank\" rel=\"noreferrer noopener\">Conhe\u00e7a o canal do GRANDE PR\u00caMIO na Twitch clicando aqui!<\/a><\/strong><\/p>\n\n\n\n<figure class=\"wp-block-image size-full\"><img decoding=\"async\" src=\"https:\/\/www.grandepremio.com\/br\/wp-content\/uploads\/2024\/03\/imagem_2024-03-04_164631842.png\" alt=\"\" class=\"wp-image-784173\"\/><figcaption class=\"wp-element-caption\">A Meyer Shank de Helio Castroneves (Foto: Meyer Shank)<\/figcaption><\/figure>\n\n\n\n<p class=\"wp-block-paragraph\">Al\u00e9m de Castroneves, a equipe tamb\u00e9m alinhar\u00e1 outros dois carros na Indy 500 de 2024: o #60, com o sueco <strong>Felix Rosenqvist, <\/strong>al\u00e9m do #66 com o novato ingl\u00eas<strong> Tom Blomqvist.<\/strong><\/p>\n\n\n\n<p class=\"wp-block-paragraph\">A 108\u00aa edi\u00e7\u00e3o das 500 Milhas de Indian\u00e1polis est\u00e1 programada para acontecer no dia 26 de maio. Os primeiros testes coletivos est\u00e3o agendados para 10 de abril.<\/p>\n","protected":false},"excerpt":{"rendered":"<p>Helio Castroneves descobriu as cores que utilizar\u00e1 na Indy 500 de 2024. Piloto brasileiro n\u00e3o ter\u00e1 mais o preto e rosa dos \u00faltimos anos, mas sim o branco e azul<\/p>\n","protected":false},"author":0,"featured_media":1000784170,"comment_status":"closed","ping_status":"closed","sticky":false,"template":"","format":"standard","meta":{"42wp_featured_image_caption":"","42wp_featured_image_credits":"","42wp_featured_video":"","42wp_featured_image_hidden":false,"42wp_authors_list":[],"footnotes":""},"categories":[3],"tags":[2980,28552,6133,1491,28285,267,35361,93,31011,232,1782,29784,36027],"42wp_author":[47119],"class_list":["post-86062","post","type-post","status-publish","format-standard","has-post-thumbnail","hentry","category-indy","tag-500-milhas-indianapolis","tag-calendario-indy","tag-classificacao-indy","tag-grande-premio","tag-grandepremio","tag-helio-castroneves","tag-horarios-indy","tag-indy","tag-indy-2024","tag-indy-500","tag-meyer-shank","tag-onde-assistir-indy","tag-temporada-2024-da-indy","42wp_author-gabriel-carvalho"],"_links":{"self":[{"href":"https:\/\/grandepremio.com\/br\/wp-json\/wp\/v2\/posts\/86062","targetHints":{"allow":["GET"]}}],"collection":[{"href":"https:\/\/grandepremio.com\/br\/wp-json\/wp\/v2\/posts"}],"about":[{"href":"https:\/\/grandepremio.com\/br\/wp-json\/wp\/v2\/types\/post"}],"replies":[{"embeddable":true,"href":"https:\/\/grandepremio.com\/br\/wp-json\/wp\/v2\/comments?post=86062"}],"version-history":[{"count":0,"href":"https:\/\/grandepremio.com\/br\/wp-json\/wp\/v2\/posts\/86062\/revisions"}],"wp:featuredmedia":[{"embeddable":true,"href":"https:\/\/grandepremio.com\/br\/wp-json\/wp\/v2\/media\/1000784170"}],"wp:attachment":[{"href":"https:\/\/grandepremio.com\/br\/wp-json\/wp\/v2\/media?parent=86062"}],"wp:term":[{"taxonomy":"category","embeddable":true,"href":"https:\/\/grandepremio.com\/br\/wp-json\/wp\/v2\/categories?post=86062"},{"taxonomy":"post_tag","embeddable":true,"href":"https:\/\/grandepremio.com\/br\/wp-json\/wp\/v2\/tags?post=86062"},{"taxonomy":"42wp_author","embeddable":true,"href":"https:\/\/grandepremio.com\/br\/wp-json\/wp\/v2\/42wp_author?post=86062"}],"curies":[{"name":"wp","href":"https:\/\/api.w.org\/{rel}","templated":true}]}}