{"id":86090,"date":"2024-03-04T11:07:57","date_gmt":"2024-03-04T14:07:57","guid":{"rendered":"https:\/\/grandepremio.com\/br\/noticias\/ferrari-explica-estreia-ex-diretor-mercedes-2025-ainda-esta-discussao\/"},"modified":"2024-03-04T11:14:12","modified_gmt":"2024-03-04T14:14:12","slug":"ferrari-explica-estreia-ex-diretor-mercedes-2025-ainda-esta-discussao","status":"publish","type":"post","link":"https:\/\/grandepremio.com\/br\/f1\/ferrari-explica-estreia-ex-diretor-mercedes-2025-ainda-esta-discussao\/","title":{"rendered":"Ferrari explica que estreia de ex-diretor da Mercedes em 2025 ainda est\u00e1 em discuss\u00e3o"},"content":{"rendered":"\n<p class=\"wp-block-paragraph\"><strong>Fr\u00e9d\u00e9ric Vasseur<\/strong>, chefe da <strong>Ferrari<\/strong>, ainda n\u00e3o sabe quando <strong>Lo\u00efc Serra<\/strong>, hoje diretor de performance da <strong>Mercedes<\/strong>, vai iniciar os trabalhos junto da escuderia italiana. Assim como <strong>Lewis Hamilton<\/strong>, o engenheiro se muda para Maranello em 2025, mas a data exata em que ele vai come\u00e7ar no novo posto ainda \u00e9 algo que precisa ser discutido.<\/p>\n\n\n\n<p class=\"wp-block-paragraph\">Serra chegou ao posto de diretor de performance da Mercedes em 2019, substituindo <strong>Mark Ellis<\/strong>. Por\u00e9m, decidiu mudar os rumos da carreira e se juntar \u00e0 Ferrari em 2025. Contudo, assim como acontece com todas as transfer\u00eancias de membros importantes de \u00e1reas t\u00e9cnicas, Lo\u00efc precisa cumprir o per\u00edodo de car\u00eancia e ficar fora das atividades por alguns meses antes de iniciar os trabalhos na nova equipe.<\/p>\n\n\n\n<p class=\"wp-block-paragraph\">No entanto, Serra ainda segue trabalhando com a Mercedes e esteve com a equipe durante os testes de pr\u00e9-temporada. Isso indica que a Ferrari ainda n\u00e3o finalizou um acordo para sua libera\u00e7\u00e3o. Do contr\u00e1rio, o per\u00edodo de car\u00eancia j\u00e1 teria come\u00e7ado.<\/p>\n\n\n\n<p class=\"wp-block-paragraph\">Quando questionado se tinha alguma informa\u00e7\u00e3o sobre a chegada de Serra \u00e0 Ferrari, Vasseur se limitou a dizer que \u201cesse ainda \u00e9 um ponto de discuss\u00e3o.\u201d<\/p>\n\n\n\n<figure class=\"wp-block-image size-large\"><img decoding=\"async\" src=\"https:\/\/www.grandepremio.com\/br\/wp-content\/uploads\/2024\/02\/Loic-Serra-Mercedes-682x1024.jpg\" alt=\"\" class=\"wp-image-774108\"\/><figcaption class=\"wp-element-caption\">Lo\u00efc Serra vai se unir \u00e0 Ferrari em 2025 (Foto: Mercedes)<\/figcaption><\/figure>\n\n\n\n<p class=\"wp-block-paragraph\"><a href=\"https:\/\/www.grandepremio.com\/br\/f1\/noticias\/lewis-hamilton-credita-chefe-ferrari-fundamental-mudanca-nao-aconteceria-sem-frederic-vasseur\/\">Al\u00e9m da presen\u00e7a de Vasseur<\/a>, a<a href=\"https:\/\/www.grandepremio.com\/br\/f1\/noticias\/decisao-lewis-hamilton-fator-ida-diretor-mercedes-ferrari-2025\/\"> transfer\u00eancia de Serra foi uma das grandes motiva\u00e7\u00f5es <\/a>para <strong>Lewis Hamilton<\/strong> ir para a Ferrari em 2025. Lo\u00efc foi um dos que se opuseram \u00e0 insist\u00eancia no conceito zeropod, desenho do sidepod que foi adotado tanto no W13 quanto no W14.&nbsp;<\/p>\n\n\n\n<p class=\"wp-block-paragraph\">Tanto Serra quanto Hamilton compartilhavam da mesma opini\u00e3o \u2014 e preocupa\u00e7\u00e3o \u2014 com o carro de 2022, constru\u00eddo com base nas mais recentes mudan\u00e7as de regulamento sofridas na F1. No ano passado, Hamilton chegou a falar abertamente sobre ter comunicado \u00e0 equipe sobre a dire\u00e7\u00e3o errada, por\u00e9m n\u00e3o foi ouvido.<\/p>\n\n\n\n<p class=\"wp-block-paragraph\">\u25b6\ufe0f Inscreva-se nos dois canais do GRANDE PR\u00caMIO no YouTube:&nbsp;<strong><a href=\"https:\/\/www.youtube.com\/channel\/UC9OlHEgxoaY6QY6nWPoiqQg?sub_confirmation=1\" target=\"_blank\" rel=\"noreferrer noopener\">GP<\/a>&nbsp;|&nbsp;<a href=\"https:\/\/www.youtube.com\/channel\/UC9csiS6q_C3C0FYhyr1rnFA?sub_confirmation=1\" target=\"_blank\" rel=\"noreferrer noopener\">GP2<\/a><\/strong><br>\u25b6\ufe0f&nbsp;<strong><a href=\"https:\/\/www.twitch.tv\/grandepremio\" target=\"_blank\" rel=\"noreferrer noopener\">Conhe\u00e7a o canal do GRANDE PR\u00caMIO na Twitch clicando aqui!<\/a><\/strong><\/p>\n\n\n\n<figure class=\"wp-block-embed is-type-video is-provider-youtube wp-block-embed-youtube wp-embed-aspect-16-9 wp-has-aspect-ratio\"><div class=\"wp-block-embed__wrapper\">\n<iframe loading=\"lazy\" title=\"CRISES: VERSTAPPEN quer TIRAR HORNER? RB cria RACHA? O que ser\u00e1 da horr\u00edvel ALPINE? | Paddock Sprint\" width=\"500\" height=\"281\" src=\"https:\/\/www.youtube.com\/embed\/XgIZ-wpUh0g?feature=oembed\" frameborder=\"0\" allow=\"accelerometer; autoplay; clipboard-write; encrypted-media; gyroscope; picture-in-picture; web-share\" referrerpolicy=\"strict-origin-when-cross-origin\" allowfullscreen><\/iframe>\n<\/div><\/figure>\n","protected":false},"excerpt":{"rendered":"<p>Lo\u00efc Serra vai se mudar para a Ferrari em 2025, mas ainda segue atuando como diretor de performance na Mercedes. Acordo para libera\u00e7\u00e3o do engenheiro ainda tem de ser \u201cdiscutido\u201d<\/p>\n","protected":false},"author":0,"featured_media":1000776834,"comment_status":"closed","ping_status":"closed","sticky":false,"template":"","format":"standard","meta":{"42wp_featured_image_caption":"","42wp_featured_image_credits":"","42wp_featured_video":"","42wp_featured_image_hidden":false,"42wp_authors_list":[],"footnotes":""},"categories":[2],"tags":[147,207,578,180,1322,1491,28285,2810,1713,87,9198,82,29528],"42wp_author":[47149],"class_list":["post-86090","post","type-post","status-publish","format-standard","has-post-thumbnail","hentry","category-f1","tag-f1","tag-ferrari","tag-ferrari-f1","tag-formula-1","tag-frederic-vasseur","tag-grande-premio","tag-grandepremio","tag-hamilton","tag-hamilton-na-ferrari","tag-lewis-hamilton","tag-loic-serra","tag-mercedes","tag-vasseur","42wp_author-bernardo-castro"],"_links":{"self":[{"href":"https:\/\/grandepremio.com\/br\/wp-json\/wp\/v2\/posts\/86090","targetHints":{"allow":["GET"]}}],"collection":[{"href":"https:\/\/grandepremio.com\/br\/wp-json\/wp\/v2\/posts"}],"about":[{"href":"https:\/\/grandepremio.com\/br\/wp-json\/wp\/v2\/types\/post"}],"replies":[{"embeddable":true,"href":"https:\/\/grandepremio.com\/br\/wp-json\/wp\/v2\/comments?post=86090"}],"version-history":[{"count":0,"href":"https:\/\/grandepremio.com\/br\/wp-json\/wp\/v2\/posts\/86090\/revisions"}],"wp:featuredmedia":[{"embeddable":true,"href":"https:\/\/grandepremio.com\/br\/wp-json\/wp\/v2\/media\/1000776834"}],"wp:attachment":[{"href":"https:\/\/grandepremio.com\/br\/wp-json\/wp\/v2\/media?parent=86090"}],"wp:term":[{"taxonomy":"category","embeddable":true,"href":"https:\/\/grandepremio.com\/br\/wp-json\/wp\/v2\/categories?post=86090"},{"taxonomy":"post_tag","embeddable":true,"href":"https:\/\/grandepremio.com\/br\/wp-json\/wp\/v2\/tags?post=86090"},{"taxonomy":"42wp_author","embeddable":true,"href":"https:\/\/grandepremio.com\/br\/wp-json\/wp\/v2\/42wp_author?post=86090"}],"curies":[{"name":"wp","href":"https:\/\/api.w.org\/{rel}","templated":true}]}}