{"id":86118,"date":"2024-03-04T09:26:44","date_gmt":"2024-03-04T12:26:44","guid":{"rendered":"https:\/\/grandepremio.com\/br\/noticias\/charles-leclerc-cita-problema-freios-diz-era-impossivel-guiar-corretamente-bahrein\/"},"modified":"2024-03-05T09:23:28","modified_gmt":"2024-03-05T12:23:28","slug":"charles-leclerc-cita-problema-freios-diz-era-impossivel-guiar-corretamente-bahrein","status":"publish","type":"post","link":"https:\/\/grandepremio.com\/br\/f1\/charles-leclerc-cita-problema-freios-diz-era-impossivel-guiar-corretamente-bahrein\/","title":{"rendered":"Leclerc cita problema nos freios e diz que era \u201cimposs\u00edvel guiar corretamente\u201d no Bahrein"},"content":{"rendered":"\n<p class=\"wp-block-paragraph\"><strong>Charles Leclerc<\/strong> n\u00e3o ficou satisfeito com o resultado que obteve na etapa de abertura da <strong>F\u00f3rmula 1<\/strong> 2024. Depois de se classificar em segundo, o monegasco n\u00e3o conseguiu imprimir um bom ritmo no s\u00e1bado e foi apenas o quarto colocado no <strong>GP do Bahrein<\/strong>. Ap\u00f3s a corrida, o titular da <strong>Ferrari <\/strong>afirmou que a falta de desempenho foi fruto de um problema nos freios da<strong> SF-24<\/strong>.<\/p>\n\n\n\n<p class=\"wp-block-paragraph\">Depois de a Ferrari prometer <a href=\"https:\/\/www.grandepremio.com\/br\/f1\/noticias\/ferrari-rejeita-rotulo-revolucionario-afirma-vai-mudar-95-carro-2024\/\">um carro \u201c95% diferente\u201d para 2024<\/a>, e Leclerc <a href=\"https:\/\/www.grandepremio.com\/br\/f1\/noticias\/charles-leclerc-ve-sf-24-facil-guiar-mas-ainda-dificil-saber-competitividade\/\">afirmar que se sentiu muito confort\u00e1vel guiando o novo b\u00f3lido<\/a>, o #16 tinha muitas expectativas para ver como a SF-24 ia se comportar durante a corrida. Por\u00e9m, o monegasco n\u00e3o conseguiu extrair o m\u00e1ximo de desempenho do modelo.<\/p>\n\n\n\n<p class=\"wp-block-paragraph\">Isso porque a SF-24 apresentou problemas de freio logo nas voltas iniciais e, por isso, era poss\u00edvel ver o piloto da Ferrari travando os pneus com certa frequ\u00eancia \u2014 principalmente entre as curvas 9 e 10.<\/p>\n\n\n\n<p class=\"wp-block-paragraph\">Leclerc explicou que era \u201cimposs\u00edvel guiar\u201d da maneira correta, e para evitar o travamento das rodas, precisava frear alguns metros antes do ponto ideal.<\/p>\n\n\n\n<figure class=\"wp-block-image size-large\"><img decoding=\"async\" src=\"https:\/\/www.grandepremio.com\/br\/wp-content\/uploads\/2024\/02\/bahrein-2024-f1-treino-livre-ferrari-charles-leclerc-01-1-1024x683.jpg\" alt=\"\" class=\"wp-image-782102\"\/><figcaption class=\"wp-element-caption\">Charles Leclerc foi apenas o quarto no GP do Bahrein (Foto: Ferrari)<\/figcaption><\/figure>\n\n\n\n<p class=\"wp-block-paragraph\">\u201cEra imposs\u00edvel guiar corretamente. Tivemos grandes problemas com os freios e vamos investigar para que isso n\u00e3o aconte\u00e7a novamente. Nas primeiras dez voltas foi imposs\u00edvel. A cada volta que eu fazia, eu freava tr\u00eas ou quatro metros antes. Mas o problema estava piorando a cada volta\u201d, disse o #16.<\/p>\n\n\n\n<p class=\"wp-block-paragraph\">\u201cSempre baseei minhas sensa\u00e7\u00f5es na volta anterior, mas o problema era muito grande. Se n\u00e3o tomasse cuidado, travaria a roda de novo. Ent\u00e3o me senti muito mal. Depois tudo se estabilizou, mas estava fora da janela de temperatura adequada. No r\u00e1dio a equipe me disse que tinha uma diferen\u00e7a de 100\u00baC entre os freios dianteiros, e ficou assim durante toda a corrida. Ent\u00e3o, est\u00e1vamos em uma situa\u00e7\u00e3o muito ruim\u201d, finalizou Leclerc.<\/p>\n\n\n\n<p class=\"wp-block-paragraph\">A temporada 2024 da\u00a0<a href=\"https:\/\/www.grandepremio.com\/br\/f1\/\" target=\"_blank\" rel=\"noreferrer noopener\">F\u00f3rmula 1<\/a>\u00a0continua nesta semana, entre a quinta-feira (7) e o s\u00e1bado (9) de mar\u00e7o, com o GP da Ar\u00e1bia Saudita, em Jed\u00e1. O GRANDE PR\u00caMIO acompanha\u00a0<a href=\"https:\/\/www.grandepremio.com\/br\/ao-vivo\/f1\/\" target=\"_blank\" rel=\"noreferrer noopener\">AO VIVO e EM\u00a0<\/a><a href=\"https:\/\/www.grandepremio.com\/br\/ao-vivo\/\" target=\"_blank\" rel=\"noreferrer noopener\">TEMPO REAL<\/a>\u00a0todas as atividades e transmite classifica\u00e7\u00e3o e corrida em segunda tela, em parceria com a Voz do Esporte, na\u00a0<a href=\"https:\/\/www.youtube.com\/c\/GrandePremioTV\/streams\" target=\"_blank\" rel=\"noreferrer noopener\">GPTV, o canal do GP no Youtube<\/a>. Al\u00e9m disso, debate tudo que aconteceu na pista com o Briefing ap\u00f3s segundo treino livre e classifica\u00e7\u00e3o, al\u00e9m de antes e depois da corrida.<\/p>\n\n\n\n<p class=\"wp-block-paragraph\">\u25b6\ufe0f Inscreva-se nos dois canais do GRANDE PR\u00caMIO no YouTube:&nbsp;<strong><a href=\"https:\/\/www.youtube.com\/channel\/UC9OlHEgxoaY6QY6nWPoiqQg?sub_confirmation=1\" target=\"_blank\" rel=\"noreferrer noopener\">GP<\/a>&nbsp;|&nbsp;<a href=\"https:\/\/www.youtube.com\/channel\/UC9csiS6q_C3C0FYhyr1rnFA?sub_confirmation=1\" target=\"_blank\" rel=\"noreferrer noopener\">GP2<\/a><\/strong><br>\u25b6\ufe0f&nbsp;<strong><a href=\"https:\/\/www.twitch.tv\/grandepremio\" target=\"_blank\" rel=\"noreferrer noopener\">Conhe\u00e7a o canal do GRANDE PR\u00caMIO na Twitch clicando aqui!<\/a><\/strong><\/p>\n\n\n\n<figure class=\"wp-block-embed is-type-video is-provider-youtube wp-block-embed-youtube wp-embed-aspect-16-9 wp-has-aspect-ratio\"><div class=\"wp-block-embed__wrapper\">\n<iframe loading=\"lazy\" title=\"CRISES: VERSTAPPEN quer TIRAR HORNER? RB cria RACHA? O que ser\u00e1 da horr\u00edvel ALPINE? | Paddock Sprint\" width=\"500\" height=\"281\" src=\"https:\/\/www.youtube.com\/embed\/XgIZ-wpUh0g?feature=oembed\" frameborder=\"0\" allow=\"accelerometer; autoplay; clipboard-write; encrypted-media; gyroscope; picture-in-picture; web-share\" referrerpolicy=\"strict-origin-when-cross-origin\" allowfullscreen><\/iframe>\n<\/div><\/figure>\n","protected":false},"excerpt":{"rendered":"<p>Charles Leclerc lamentou os problemas de freio da SF-24 e disse que n\u00e3o conseguiu mostrar o verdadeiro ritmo da Ferrari durante o GP do Bahrein<\/p>\n","protected":false},"author":0,"featured_media":1000783279,"comment_status":"closed","ping_status":"closed","sticky":false,"template":"","format":"standard","meta":{"42wp_featured_image_caption":"","42wp_featured_image_credits":"","42wp_featured_video":"","42wp_featured_image_hidden":false,"42wp_authors_list":[],"footnotes":""},"categories":[2],"tags":[1667,26271,209,5273,3230,207,38267,180,30909,1754,1491,28285,2780,34618,38169],"42wp_author":[47149],"class_list":["post-86118","post","type-post","status-publish","format-standard","has-post-thumbnail","hentry","category-f1","tag-bahrein","tag-calendario-f1","tag-charles-leclerc","tag-classificacao-f1","tag-f1-2024","tag-ferrari","tag-ferrari-sf-24","tag-formula-1","tag-formula-1-2024","tag-gp-do-bahrein","tag-grande-premio","tag-grandepremio","tag-leclerc","tag-leclerc-ferrari","tag-sf-24","42wp_author-bernardo-castro"],"_links":{"self":[{"href":"https:\/\/grandepremio.com\/br\/wp-json\/wp\/v2\/posts\/86118","targetHints":{"allow":["GET"]}}],"collection":[{"href":"https:\/\/grandepremio.com\/br\/wp-json\/wp\/v2\/posts"}],"about":[{"href":"https:\/\/grandepremio.com\/br\/wp-json\/wp\/v2\/types\/post"}],"replies":[{"embeddable":true,"href":"https:\/\/grandepremio.com\/br\/wp-json\/wp\/v2\/comments?post=86118"}],"version-history":[{"count":0,"href":"https:\/\/grandepremio.com\/br\/wp-json\/wp\/v2\/posts\/86118\/revisions"}],"wp:featuredmedia":[{"embeddable":true,"href":"https:\/\/grandepremio.com\/br\/wp-json\/wp\/v2\/media\/1000783279"}],"wp:attachment":[{"href":"https:\/\/grandepremio.com\/br\/wp-json\/wp\/v2\/media?parent=86118"}],"wp:term":[{"taxonomy":"category","embeddable":true,"href":"https:\/\/grandepremio.com\/br\/wp-json\/wp\/v2\/categories?post=86118"},{"taxonomy":"post_tag","embeddable":true,"href":"https:\/\/grandepremio.com\/br\/wp-json\/wp\/v2\/tags?post=86118"},{"taxonomy":"42wp_author","embeddable":true,"href":"https:\/\/grandepremio.com\/br\/wp-json\/wp\/v2\/42wp_author?post=86118"}],"curies":[{"name":"wp","href":"https:\/\/api.w.org\/{rel}","templated":true}]}}