{"id":86157,"date":"2024-03-04T04:15:00","date_gmt":"2024-03-04T07:15:00","guid":{"rendered":"https:\/\/grandepremio.com\/br\/noticias\/consultor-acredita-red-bull-vai-superar-caso-horner-forca-coesao-intactas\/"},"modified":"2024-03-03T16:09:34","modified_gmt":"2024-03-03T19:09:34","slug":"consultor-acredita-red-bull-vai-superar-caso-horner-forca-coesao-intactas","status":"publish","type":"post","link":"https:\/\/grandepremio.com\/br\/f1\/consultor-acredita-red-bull-vai-superar-caso-horner-forca-coesao-intactas\/","title":{"rendered":"Consultor acredita que Red Bull vai superar Caso Horner com &#8220;for\u00e7a e coes\u00e3o intactas&#8221;"},"content":{"rendered":"\n<p class=\"wp-block-paragraph\">A <strong><a href=\"https:\/\/www.grandepremio.com\/br\/f1\/\">F\u00f3rmula 1<\/a><\/strong> viu a <strong><a href=\"https:\/\/www.grandepremio.com\/br\/f1\/noticias\/max-verstappen-lava-cara-formula-1-inteira-dispara-sem-do-vence-gp-do-bahrein-formula-1\/\">primeira etapa da temporada 2024<\/a><\/strong> chegar e passar com a <strong>Red Bull<\/strong> como um furac\u00e3o, dona de dom\u00ednio invej\u00e1vel, mas a vida da equipe dos energ\u00e9ticos est\u00e1 longe de ser feita s\u00f3 de flores. O <strong>Caso Horner<\/strong> ainda pega fogo, mas o consultor <strong>Helmut Marko<\/strong> cr\u00ea que na capacidade de supera\u00e7\u00e3o do time.<\/p>\n\n\n\n<p class=\"wp-block-paragraph\">Marko admitiu que a prepara\u00e7\u00e3o para a temporada ficou longe de confort\u00e1vel com a situa\u00e7\u00e3o que se desenhou e a investiga\u00e7\u00e3o em curso, mas enxerga a equipe saindo t\u00e3o forte quanto no fim da hist\u00f3ria.<\/p>\n\n\n\n<p class=\"wp-block-paragraph\">&#8220;N\u00e3o foi agrad\u00e1vel, mas nos concentramos no esporte e, gra\u00e7as a Deus, as coisas funcionaram perfeitamente&#8221;, afirmou \u00e0 Sky Deutschland, vers\u00e3o alem\u00e3 da rede de TV Sky.<\/p>\n\n\n\n<p class=\"wp-block-paragraph\">&#8220;Vimos como o desempenho da corrida foi incr\u00edvel: estrat\u00e9gia, pit-stops, tudo funcionou. Acreditamos que nossa for\u00e7a e coes\u00e3o permanecer\u00e3o intactas&#8221;, finalizou.<\/p>\n\n\n\n<figure class=\"wp-block-image size-large\"><img decoding=\"async\" src=\"https:\/\/www.grandepremio.com\/br\/wp-content\/uploads\/2024\/03\/afp-bahrain-2024-corrida-red-bull-max-verstappen-2-1024x682.jpg\" alt=\"\" class=\"wp-image-783332\"\/><figcaption class=\"wp-element-caption\">Max Verstappen \u00e9 l\u00edder da F1 2024 ap\u00f3s vencer com sobras no Bahrein (Foto: AFP)<\/figcaption><\/figure>\n\n\n\n<p class=\"wp-block-paragraph\">Mesmo com a absolvi\u00e7\u00e3o interna, <strong>Christian Horner<\/strong>, viu a press\u00e3o crescer no Bahrein quando <strong>Jos Verstappen<\/strong>, pai de Max, <strong><a href=\"https:\/\/www.grandepremio.com\/br\/f1\/noticias\/jos-verstappen-pressiona-diz-que-red-bull-pode-rachar-caso-horner\/\">falou abertamente que a equipe corre riscos de ser rachada<\/a><\/strong> com a situa\u00e7\u00e3o do chefe. Horner ainda foi chamado para conversar com o presidente da FIA e o chef\u00e3o da F1 ao longo do fim de semana. Ap\u00f3s a prova, por\u00e9m, o presidente da FIA, <strong>Mohammed Ben Sulayem<\/strong>, <strong><a href=\"https:\/\/www.grandepremio.com\/br\/f1\/noticias\/fia-intervem-favor-chefe-red-bull-pede-max-verstappen-apoio-publico\/\">colocou-se ao lado do ingl\u00eas<\/a><\/strong>.<\/p>\n\n\n\n<p class=\"wp-block-paragraph\">A temporada 2024 da&nbsp;<a href=\"https:\/\/www.grandepremio.com\/br\/f1\/\" target=\"_blank\" rel=\"noreferrer noopener\">F\u00f3rmula 1<\/a>&nbsp;continua j\u00e1 na pr\u00f3xima semana, entre a quinta-feira 7 e o s\u00e1bado 9 de mar\u00e7o, com o GP da Ar\u00e1bia Saudita, em Jed\u00e1. O&nbsp;<strong>GRANDE PR\u00caMIO<\/strong>&nbsp;acompanha&nbsp;<strong><a href=\"https:\/\/www.grandepremio.com\/br\/ao-vivo\/f1\/\">AO VIVO e EM&nbsp;<\/a><a href=\"https:\/\/www.grandepremio.com\/br\/ao-vivo\/\" target=\"_blank\" rel=\"noreferrer noopener\">TEMPO REAL<\/a><\/strong>&nbsp;todas as atividades e transmite classifica\u00e7\u00e3o e corrida em segunda tela, em parceria com a Voz do Esporte, na&nbsp;<strong><a href=\"https:\/\/www.youtube.com\/c\/GrandePremioTV\/streams\">GPTV, o canal do GP no Youtube<\/a><\/strong>. Al\u00e9m disso, debate tudo que aconteceu na pista com o&nbsp;<strong>Briefing<\/strong>&nbsp;ap\u00f3s segundo treino livre e classifica\u00e7\u00e3o, al\u00e9m de antes e depois da corrida.<\/p>\n\n\n\n<p class=\"wp-block-paragraph\"><strong>\u25b6\ufe0f Inscreva-se nos dois canais do\u00a0GRANDE PR\u00caMIO\u00a0no YouTube:\u00a0<a href=\"https:\/\/www.youtube.com\/channel\/UC9OlHEgxoaY6QY6nWPoiqQg?sub_confirmation=1\">GP<\/a>\u00a0|\u00a0<a href=\"https:\/\/www.youtube.com\/channel\/UC9csiS6q_C3C0FYhyr1rnFA?sub_confirmation=1\">GP2<\/a><br><a href=\"https:\/\/www.twitch.tv\/grandepremio\">\u25b6\ufe0f Conhe\u00e7a o canal do\u00a0GRANDE PR\u00caMIO\u00a0na Twitch clicando aqui!<\/a><\/strong><\/p>\n\n\n\n<figure class=\"wp-block-embed is-type-video is-provider-youtube wp-block-embed-youtube wp-embed-aspect-16-9 wp-has-aspect-ratio\"><div class=\"wp-block-embed__wrapper\">\n<iframe loading=\"lazy\" title=\"VERSTAPPEN HUMILHA resto da F1 e passeia no BAHREIN. P\u00e9rez 2\u00ba, Sainz 3\u00ba | Briefing\" width=\"500\" height=\"281\" src=\"https:\/\/www.youtube.com\/embed\/CMK6mk9c18o?feature=oembed\" frameborder=\"0\" allow=\"accelerometer; autoplay; clipboard-write; encrypted-media; gyroscope; picture-in-picture; web-share\" referrerpolicy=\"strict-origin-when-cross-origin\" allowfullscreen><\/iframe>\n<\/div><figcaption class=\"wp-element-caption\">F1 2024 no BAHREIN: tudo sobre a CORRIDA | Briefing<\/figcaption><\/figure>\n","protected":false},"excerpt":{"rendered":"<p>Helmut Marko, consultor da Red Bull, admitiu que prepara\u00e7\u00e3o para temporada em meio \u00e0 investiga\u00e7\u00e3o n\u00e3o foi muito legal, mas cr\u00ea que capacidade de superar <\/p>\n","protected":false},"author":0,"featured_media":1000703363,"comment_status":"closed","ping_status":"closed","sticky":false,"template":"","format":"standard","meta":{"42wp_featured_image_caption":"","42wp_featured_image_credits":"","42wp_featured_video":"","42wp_featured_image_hidden":false,"42wp_authors_list":[],"footnotes":""},"categories":[2],"tags":[1667,655,5660,3230,642,38529,26042,1754,258,2569,203,204,1756],"42wp_author":[47120],"class_list":["post-86157","post","type-post","status-publish","format-standard","has-post-thumbnail","hentry","category-f1","tag-bahrein","tag-christian-horner","tag-classificacao","tag-f1-2024","tag-f1-ao-vivo","tag-fim-de-semana-bahrein","tag-gp-de-sakhir","tag-gp-do-bahrein","tag-helmut-marko","tag-jos-verstappen","tag-max-verstappen","tag-red-bull","tag-sakhir","42wp_author-pedro-henrique-marum"],"_links":{"self":[{"href":"https:\/\/grandepremio.com\/br\/wp-json\/wp\/v2\/posts\/86157","targetHints":{"allow":["GET"]}}],"collection":[{"href":"https:\/\/grandepremio.com\/br\/wp-json\/wp\/v2\/posts"}],"about":[{"href":"https:\/\/grandepremio.com\/br\/wp-json\/wp\/v2\/types\/post"}],"replies":[{"embeddable":true,"href":"https:\/\/grandepremio.com\/br\/wp-json\/wp\/v2\/comments?post=86157"}],"version-history":[{"count":0,"href":"https:\/\/grandepremio.com\/br\/wp-json\/wp\/v2\/posts\/86157\/revisions"}],"wp:featuredmedia":[{"embeddable":true,"href":"https:\/\/grandepremio.com\/br\/wp-json\/wp\/v2\/media\/1000703363"}],"wp:attachment":[{"href":"https:\/\/grandepremio.com\/br\/wp-json\/wp\/v2\/media?parent=86157"}],"wp:term":[{"taxonomy":"category","embeddable":true,"href":"https:\/\/grandepremio.com\/br\/wp-json\/wp\/v2\/categories?post=86157"},{"taxonomy":"post_tag","embeddable":true,"href":"https:\/\/grandepremio.com\/br\/wp-json\/wp\/v2\/tags?post=86157"},{"taxonomy":"42wp_author","embeddable":true,"href":"https:\/\/grandepremio.com\/br\/wp-json\/wp\/v2\/42wp_author?post=86157"}],"curies":[{"name":"wp","href":"https:\/\/api.w.org\/{rel}","templated":true}]}}