{"id":86245,"date":"2024-03-02T21:02:55","date_gmt":"2024-03-03T00:02:55","guid":{"rendered":"https:\/\/grandepremio.com\/br\/noticias\/jos-verstappen-pressiona-diz-que-red-bull-pode-rachar-caso-horner\/"},"modified":"2024-03-02T21:04:25","modified_gmt":"2024-03-03T00:04:25","slug":"jos-verstappen-pressiona-diz-que-red-bull-pode-rachar-caso-horner","status":"publish","type":"post","link":"https:\/\/grandepremio.com\/br\/f1\/jos-verstappen-pressiona-diz-que-red-bull-pode-rachar-caso-horner\/","title":{"rendered":"Jos Verstappen pressiona e diz que Red Bull &#8220;pode rachar&#8221; em meio a &#8216;Caso Horner&#8217;"},"content":{"rendered":"\n<p class=\"wp-block-paragraph\">Se o in\u00edcio dentro das pistas da <strong>Red Bull<\/strong> foi dos sonhos, a crise interna na equipe segue galopante. Neste s\u00e1bado (2), horas <a href=\"https:\/\/www.grandepremio.com\/br\/f1\/noticias\/max-verstappen-lava-cara-formula-1-inteira-dispara-sem-do-vence-gp-do-bahrein-formula-1\/\">depois de uma dobradinha absolutamente dominante<\/a> e at\u00e9 de um grand-chelem conquistado por <strong>Max Verstappen<\/strong>, o pai do tricampe\u00e3o, <strong>Jos Verstappen<\/strong>, foi \u00e0 imprensa pressionar <strong>Christian Horner<\/strong>.<\/p>\n\n\n\n<p class=\"wp-block-paragraph\">Para Jos, a decis\u00e3o da Red Bull <a href=\"https:\/\/www.grandepremio.com\/br\/f1\/noticias\/red-bull-absolve-christian-horner-investigacao-conduta-impropria-mantem-chefia\/\">por manter Horner no comando<\/a> da equipe n\u00e3o pode ser mantida. O ex-piloto afirmou que o time &#8220;vai explodir&#8221; se nada for feito com o brit\u00e2nico, que <a href=\"https:\/\/www.grandepremio.com\/br\/f1\/noticias\/red-bull-investigacao-christian-horner-comportamento-inapropriado-equipe\/\">passou por uma investiga\u00e7\u00e3o interna nas \u00faltimas semanas<\/a>.<\/p>\n\n\n\n<p class=\"wp-block-paragraph\">&#8220;H\u00e1 uma tens\u00e3o aqui enquanto ele continuar no cargo&#8221;, disse Jos ao jornal brit\u00e2nico Daily Mail.<\/p>\n\n\n\n<p class=\"wp-block-paragraph\">O &#8216;Caso Horner&#8217; ainda \u00e9 nebuloso e a Red Bull n\u00e3o divulgou exatamente os motivos que levaram Christian a ser investigado, mas informa\u00e7\u00f5es do jornal holand\u00eas De Telegraaf <a href=\"https:\/\/www.grandepremio.com\/br\/f1\/noticias\/christian-horner-acusado-assedio-sexual-tenta-acordo-milionario-denunciante-diz-jornal\/\">d\u00e3o conta de acusa\u00e7\u00f5es de ass\u00e9dio sexual <\/a>e tentativa de compra do sil\u00eancio da v\u00edtima, uma funcion\u00e1ria da equipe que entrou com a queixa contra o chefe do time.<\/p>\n\n\n\n<figure class=\"wp-block-image size-large\"><img decoding=\"async\" src=\"https:\/\/www.grandepremio.com\/br\/wp-content\/uploads\/2022\/07\/jos-verstappen-dutch-gp-2021-planetf1-1200x630-1-1024x538.jpg\" alt=\"\" class=\"wp-image-599370\"\/><figcaption class=\"wp-element-caption\">Jos Verstappen botou press\u00e3o em Christian Horner (Foto: Planet F1)<\/figcaption><\/figure>\n\n\n\n<p class=\"wp-block-paragraph\">&#8220;A equipe corre o risco de rachar, n\u00e3o pode continuar do jeito que est\u00e1, vai explodir. Ele est\u00e1 se fazendo de v\u00edtima quando, na verdade, \u00e9 ele quem est\u00e1 causando os problemas&#8221;, completou Jos.<\/p>\n\n\n\n<p class=\"wp-block-paragraph\">Desde o in\u00edcio da investiga\u00e7\u00e3o, Horner esteve no olho do furac\u00e3o. Ainda que a Red Bull tenha absolvido o dirigente, a hist\u00f3ria est\u00e1 bem longe de &#8220;ter acabado&#8221;, como Christian disse ap\u00f3s o resultado do processo.<\/p>\n\n\n\n<p class=\"wp-block-paragraph\">Equipes como <strong>McLaren <\/strong>e <strong>Mercedes <\/strong>pediram <a href=\"https:\/\/www.grandepremio.com\/br\/f1\/noticias\/mercedes-mclaren-cobram-acao-fia-mais-transparencia-caso-christian-horner\/\">&#8220;transpar\u00eancia&#8221; <\/a>no resultado da investiga\u00e7\u00e3o, enquanto F1, FIA e at\u00e9 a <strong>Ford<\/strong>, <a href=\"https:\/\/www.grandepremio.com\/br\/f1\/noticias\/ceo-da-ford-aponta-falta-transparencia-red-bull-exige-resposta-sobre-caso-christian-horner\/\">futura parceira da<\/a> Red Bull nos motores da categoria, <a href=\"https:\/\/www.grandepremio.com\/br\/f1\/noticias\/formula-1-fia-se-envolvem-colocam-caso-christian-horner-pauta-reuniao-bahrein\/\">tamb\u00e9m colocaram press\u00e3o<\/a>.<\/p>\n\n\n\n<p class=\"wp-block-paragraph\">No fim de semana do GP do Bahrein, o presidente da FIA, <strong>Mohammed Ben Sulayem<\/strong>, chegou a dizer que o &#8216;Caso Horner&#8217; &#8220;<a href=\"https:\/\/www.grandepremio.com\/br\/f1\/noticias\/presidente-da-fia-diz-caso-christian-horner-mancha-imagem-formula-1\/\">mancha a imagem da<\/a> F1&#8243;. Agora, com as declara\u00e7\u00f5es de Jos, a hist\u00f3ria tende a esquentar mais uma vez. Por enquanto, <a href=\"https:\/\/www.grandepremio.com\/br\/f1\/noticias\/advertencia-multa-suspensao-ate-exclusao-como-fia-pode-punir-caso-christian-horner\/\">Horner segue como chefe<\/a> da Red Bull.<\/p>\n\n\n\n<p class=\"wp-block-paragraph\">A temporada 2024 da\u00a0<a href=\"https:\/\/www.grandepremio.com\/br\/f1\/\" target=\"_blank\" rel=\"noreferrer noopener\">F\u00f3rmula 1<\/a>\u00a0continua j\u00e1 na pr\u00f3xima semana, entre a quinta-feira (7) e o s\u00e1bado (9), com o GP da Ar\u00e1bia Saudita, em Jed\u00e1. O\u00a0<strong>GRANDE PR\u00caMIO<\/strong>\u00a0acompanha\u00a0<strong><a href=\"https:\/\/www.grandepremio.com\/br\/ao-vivo\/f1\/\">AO VIVO e EM\u00a0<\/a><a href=\"https:\/\/www.grandepremio.com\/br\/ao-vivo\/\" target=\"_blank\" rel=\"noreferrer noopener\">TEMPO REAL<\/a><\/strong>\u00a0todas as atividades e transmite classifica\u00e7\u00e3o e corrida em segunda tela, em parceria com a Voz do Esporte, na\u00a0<strong><a href=\"https:\/\/www.youtube.com\/c\/GrandePremioTV\/streams\">GPTV, o canal do GP no Youtube<\/a><\/strong>. Al\u00e9m disso, debate tudo que aconteceu na pista com o\u00a0<strong>Briefing<\/strong>\u00a0ap\u00f3s segundo treino livre e classifica\u00e7\u00e3o, al\u00e9m de antes e depois da corrida.<\/p>\n\n\n\n<p class=\"wp-block-paragraph\"> <strong>Inscreva-se nos dois canais do GRANDE PR\u00caMIO no YouTube:\u00a0<a href=\"https:\/\/www.youtube.com\/channel\/UC9OlHEgxoaY6QY6nWPoiqQg?sub_confirmation=1\" target=\"_blank\" rel=\"noreferrer noopener\">GP<\/a>\u00a0|\u00a0<a href=\"https:\/\/www.youtube.com\/channel\/UC9csiS6q_C3C0FYhyr1rnFA?sub_confirmation=1\" target=\"_blank\" rel=\"noreferrer noopener\">GP2<\/a><br>\u00a0<a href=\"https:\/\/www.twitch.tv\/grandepremio\" target=\"_blank\" rel=\"noreferrer noopener\">Conhe\u00e7a o canal do GRANDE PR\u00caMIO na Twitch clicando aqui!<\/a><\/strong><\/p>\n\n\n\n<figure class=\"wp-block-embed is-type-video is-provider-youtube wp-block-embed-youtube wp-embed-aspect-16-9 wp-has-aspect-ratio\"><div class=\"wp-block-embed__wrapper\">\n<iframe loading=\"lazy\" title=\"VERSTAPPEN HUMILHA resto da F1 e passeia no BAHREIN. P\u00e9rez 2\u00ba, Sainz 3\u00ba | Briefing\" width=\"500\" height=\"281\" src=\"https:\/\/www.youtube.com\/embed\/CMK6mk9c18o?feature=oembed\" frameborder=\"0\" allow=\"accelerometer; autoplay; clipboard-write; encrypted-media; gyroscope; picture-in-picture; web-share\" referrerpolicy=\"strict-origin-when-cross-origin\" allowfullscreen><\/iframe>\n<\/div><\/figure>\n","protected":false},"excerpt":{"rendered":"<p>Pai do tricampe\u00e3o Max Verstappen, Jos Verstappen colocou press\u00e3o em cima de Christian Horner, acusou o chefe da Red Bull de &#8220;estar se fazendo de v\u00edtima&#8221; e cobrou uma decis\u00e3o do time. Segundo o neerland\u00eas, a equipe &#8220;vai explodir&#8221; se nada for feito com o dirigente brit\u00e2nico<\/p>\n","protected":false},"author":0,"featured_media":1000779156,"comment_status":"closed","ping_status":"closed","sticky":false,"template":"","format":"standard","meta":{"42wp_featured_image_caption":"","42wp_featured_image_credits":"","42wp_featured_video":"","42wp_featured_image_hidden":false,"42wp_authors_list":[],"footnotes":""},"categories":[2],"tags":[26271,655,5273,147,3230,180,30909,1491,28285,30840,2569,203,35129,204,33301],"42wp_author":[47117],"class_list":["post-86245","post","type-post","status-publish","format-standard","has-post-thumbnail","hentry","category-f1","tag-calendario-f1","tag-christian-horner","tag-classificacao-f1","tag-f1","tag-f1-2024","tag-formula-1","tag-formula-1-2024","tag-grande-premio","tag-grandepremio","tag-horarios-f1","tag-jos-verstappen","tag-max-verstappen","tag-onde-assistir-f1","tag-red-bull","tag-temporada-2024-f1","42wp_author-gabriel-curty"],"_links":{"self":[{"href":"https:\/\/grandepremio.com\/br\/wp-json\/wp\/v2\/posts\/86245","targetHints":{"allow":["GET"]}}],"collection":[{"href":"https:\/\/grandepremio.com\/br\/wp-json\/wp\/v2\/posts"}],"about":[{"href":"https:\/\/grandepremio.com\/br\/wp-json\/wp\/v2\/types\/post"}],"replies":[{"embeddable":true,"href":"https:\/\/grandepremio.com\/br\/wp-json\/wp\/v2\/comments?post=86245"}],"version-history":[{"count":0,"href":"https:\/\/grandepremio.com\/br\/wp-json\/wp\/v2\/posts\/86245\/revisions"}],"wp:featuredmedia":[{"embeddable":true,"href":"https:\/\/grandepremio.com\/br\/wp-json\/wp\/v2\/media\/1000779156"}],"wp:attachment":[{"href":"https:\/\/grandepremio.com\/br\/wp-json\/wp\/v2\/media?parent=86245"}],"wp:term":[{"taxonomy":"category","embeddable":true,"href":"https:\/\/grandepremio.com\/br\/wp-json\/wp\/v2\/categories?post=86245"},{"taxonomy":"post_tag","embeddable":true,"href":"https:\/\/grandepremio.com\/br\/wp-json\/wp\/v2\/tags?post=86245"},{"taxonomy":"42wp_author","embeddable":true,"href":"https:\/\/grandepremio.com\/br\/wp-json\/wp\/v2\/42wp_author?post=86245"}],"curies":[{"name":"wp","href":"https:\/\/api.w.org\/{rel}","templated":true}]}}