{"id":86277,"date":"2024-03-02T16:16:06","date_gmt":"2024-03-02T19:16:06","guid":{"rendered":"https:\/\/grandepremio.com\/br\/noticias\/alpine-amplia-crise-perde-diretor-tecnico-chefe-aerodinamica-f1\/"},"modified":"2024-03-03T12:03:08","modified_gmt":"2024-03-03T15:03:08","slug":"alpine-amplia-crise-perde-diretor-tecnico-chefe-aerodinamica-f1","status":"publish","type":"post","link":"https:\/\/grandepremio.com\/br\/f1\/alpine-amplia-crise-perde-diretor-tecnico-chefe-aerodinamica-f1\/","title":{"rendered":"Alpine amplia crise e perde diretor-t\u00e9cnico e chefe de aerodin\u00e2mica na F1"},"content":{"rendered":"\n<p class=\"wp-block-paragraph\">A m\u00e1 fase da <strong>Alpine <\/strong>segue tamb\u00e9m nos bastidores. Neste s\u00e1bado (2), o diretor-t\u00e9cnico <strong>Matt Harman<\/strong> e o chefe de aerodin\u00e2mica <strong>Dirk de Beer <\/strong>renunciaram a seus cargos. A not\u00edcia foi confirmada por ve\u00edculos da imprensa europeia pouco tempo depois do p\u00e9ssimo resultado do time no <strong>GP do Bahrein<\/strong>, em Sakhir. Por\u00e9m, as decis\u00f5es foram feitas antes da corrida.<\/p>\n\n\n\n<p class=\"wp-block-paragraph\">As sa\u00eddas de Harman e Dirk <a href=\"https:\/\/www.grandepremio.com\/br\/f1\/noticias\/otmar-szafnauer-laurent-rossi-davide-brivio-mais-quem-foi-demitido-alpine-formula-1\/\">n\u00e3o s\u00e3o novidades na esquadra d<\/a>e Enstone, j\u00e1 que demiss\u00f5es e ren\u00fancias tem virado not\u00edcias cada vez mais frequentes em meio ao momento vivido. De 2023 para c\u00e1, j\u00e1 sa\u00edram <strong>Laurent Rossi <\/strong>(CEO), <strong>Otmar Szafnauer<\/strong> (chefe de equipe), <strong>Alan Permane <\/strong>(diretor-esportivo), <strong>Pat Fry<\/strong> (executivo-t\u00e9cnico) e <strong>Davide Brivio <\/strong>(diretor de projetos).<\/p>\n\n\n\n<p class=\"wp-block-paragraph\">Sexta colocada no Mundial de Construtores em 2023, a Alpine teve um fim de semana para esquecer no Bahrein.<strong> Esteban Ocon e Pierre Gasly<\/strong> ficaram com as \u00faltimas posi\u00e7\u00f5es na classifica\u00e7\u00e3o, e se recuperaram apenas para 17\u00ba e 18\u00ba respectivamente na corrida.<\/p>\n\n\n\n<p class=\"wp-block-paragraph\"><strong>\u25b6\ufe0f Inscreva-se nos dois canais do&nbsp;GRANDE PR\u00caMIO&nbsp;no YouTube:&nbsp;<a href=\"https:\/\/www.youtube.com\/channel\/UC9OlHEgxoaY6QY6nWPoiqQg?sub_confirmation=1\">GP<\/a>&nbsp;|&nbsp;<a href=\"https:\/\/www.youtube.com\/channel\/UC9csiS6q_C3C0FYhyr1rnFA?sub_confirmation=1\">GP2<\/a><br><a href=\"https:\/\/www.twitch.tv\/grandepremio\">\u25b6\ufe0f Conhe\u00e7a o canal do&nbsp;GRANDE PR\u00caMIO&nbsp;na Twitch clicando aqui!<\/a><\/strong><\/p>\n\n\n\n<figure class=\"wp-block-image size-large\"><img decoding=\"async\" src=\"https:\/\/www.grandepremio.com\/br\/wp-content\/uploads\/2024\/03\/bahrain-2024-corrida-alpine-03-1024x682.jpg\" alt=\"\" class=\"wp-image-783288\"\/><figcaption class=\"wp-element-caption\">Esteban Ocon (Foto: Alpine)<\/figcaption><\/figure>\n\n\n\n<p class=\"wp-block-paragraph\">A temporada 2024 da&nbsp;<a href=\"https:\/\/www.grandepremio.com\/br\/f1\/\" target=\"_blank\" rel=\"noreferrer noopener\">F\u00f3rmula 1<\/a>&nbsp;continua j\u00e1 na pr\u00f3xima semana, entre a quinta-feira 7 e o s\u00e1bado 9 de mar\u00e7o, com o GP da Ar\u00e1bia Saudita, em Jed\u00e1. O&nbsp;<strong>GRANDE PR\u00caMIO<\/strong>&nbsp;acompanha&nbsp;<strong><a href=\"https:\/\/www.grandepremio.com\/br\/ao-vivo\/f1\/\">AO VIVO e EM&nbsp;<\/a><a href=\"https:\/\/www.grandepremio.com\/br\/ao-vivo\/\" target=\"_blank\" rel=\"noreferrer noopener\">TEMPO REAL<\/a><\/strong>&nbsp;todas as atividades e transmite classifica\u00e7\u00e3o e corrida em segunda tela, em parceria com a Voz do Esporte, na&nbsp;<strong><a href=\"https:\/\/www.youtube.com\/c\/GrandePremioTV\/streams\">GPTV, o canal do GP no Youtube<\/a><\/strong>. Al\u00e9m disso, debate tudo que aconteceu na pista com o&nbsp;<strong>Briefing<\/strong>&nbsp;ap\u00f3s segundo treino livre e classifica\u00e7\u00e3o, al\u00e9m de antes e depois da corrida.<\/p>\n","protected":false},"excerpt":{"rendered":"<p>Al\u00e9m de um resultado desastroso em Sakhir, a Alpine tem outras m\u00e1s not\u00edcias: Dirk de Beer e Matt Harman renunciaram a seus respectivos cargos. Time saiu zerado do Bahrein<\/p>\n","protected":false},"author":0,"featured_media":1000783287,"comment_status":"closed","ping_status":"closed","sticky":false,"template":"","format":"standard","meta":{"42wp_featured_image_caption":"","42wp_featured_image_credits":"","42wp_featured_video":"","42wp_featured_image_hidden":false,"42wp_authors_list":[],"footnotes":""},"categories":[2],"tags":[20491,26271,5273,302,147,3230,180,30909,1754,1491,28285,30840,35129,676,33301],"42wp_author":[47119],"class_list":["post-86277","post","type-post","status-publish","format-standard","has-post-thumbnail","hentry","category-f1","tag-alpine","tag-calendario-f1","tag-classificacao-f1","tag-esteban-ocon","tag-f1","tag-f1-2024","tag-formula-1","tag-formula-1-2024","tag-gp-do-bahrein","tag-grande-premio","tag-grandepremio","tag-horarios-f1","tag-onde-assistir-f1","tag-pierre-gasly","tag-temporada-2024-f1","42wp_author-gabriel-carvalho"],"_links":{"self":[{"href":"https:\/\/grandepremio.com\/br\/wp-json\/wp\/v2\/posts\/86277","targetHints":{"allow":["GET"]}}],"collection":[{"href":"https:\/\/grandepremio.com\/br\/wp-json\/wp\/v2\/posts"}],"about":[{"href":"https:\/\/grandepremio.com\/br\/wp-json\/wp\/v2\/types\/post"}],"replies":[{"embeddable":true,"href":"https:\/\/grandepremio.com\/br\/wp-json\/wp\/v2\/comments?post=86277"}],"version-history":[{"count":0,"href":"https:\/\/grandepremio.com\/br\/wp-json\/wp\/v2\/posts\/86277\/revisions"}],"wp:featuredmedia":[{"embeddable":true,"href":"https:\/\/grandepremio.com\/br\/wp-json\/wp\/v2\/media\/1000783287"}],"wp:attachment":[{"href":"https:\/\/grandepremio.com\/br\/wp-json\/wp\/v2\/media?parent=86277"}],"wp:term":[{"taxonomy":"category","embeddable":true,"href":"https:\/\/grandepremio.com\/br\/wp-json\/wp\/v2\/categories?post=86277"},{"taxonomy":"post_tag","embeddable":true,"href":"https:\/\/grandepremio.com\/br\/wp-json\/wp\/v2\/tags?post=86277"},{"taxonomy":"42wp_author","embeddable":true,"href":"https:\/\/grandepremio.com\/br\/wp-json\/wp\/v2\/42wp_author?post=86277"}],"curies":[{"name":"wp","href":"https:\/\/api.w.org\/{rel}","templated":true}]}}