{"id":86289,"date":"2024-03-02T15:27:54","date_gmt":"2024-03-02T18:27:54","guid":{"rendered":"https:\/\/grandepremio.com\/br\/noticias\/ferrari-admite-esperava-coisa-melhor-bahrein-mas-elogia-charles-leclerc-carlos-sainz-formula-1\/"},"modified":"2024-03-02T18:26:54","modified_gmt":"2024-03-02T21:26:54","slug":"ferrari-admite-esperava-coisa-melhor-bahrein-mas-elogia-charles-leclerc-carlos-sainz-formula-1","status":"publish","type":"post","link":"https:\/\/grandepremio.com\/br\/f1\/ferrari-admite-esperava-coisa-melhor-bahrein-mas-elogia-charles-leclerc-carlos-sainz-formula-1\/","title":{"rendered":"Ferrari admite que &#8220;esperava coisa melhor&#8221; no Bahrein, mas elogia Leclerc e Sainz"},"content":{"rendered":"\n<p class=\"wp-block-paragraph\">A <strong>Ferrari<\/strong> foi para o <strong><a href=\"https:\/\/www.grandepremio.com\/br\/f1\/noticias\/max-verstappen-lava-cara-formula-1-inteira-dispara-sem-do-vence-gp-do-bahrein-formula-1\/\">GP do Bahrein deste s\u00e1bado (2)<\/a><\/strong> com <strong>Charles Leclerc<\/strong> na segunda coloca\u00e7\u00e3o e alguma expectativa de abrir a <strong><a href=\"https:\/\/www.grandepremio.com\/br\/f1\/\">F\u00f3rmula 1 2024<\/a><\/strong> com uma zebra. Mas terminou longe disso, com Leclerc fora do p\u00f3dio ap\u00f3s problemas no freio e <strong>Carlos Sainz<\/strong> no terceiro lugar. Para os dois pilotos, apenas elogios, mas a Ferrar se cobrou pelos erros operacionais.<\/p>\n\n\n\n<p class=\"wp-block-paragraph\"><strong>Fr\u00e9d\u00e9ric Vasseur<\/strong>, chefe do time italiano, admitiu que a Ferrari esperava conquistar algo diferente de ser engolida pela <strong>Red Bull<\/strong>.<\/p>\n\n\n\n<p class=\"wp-block-paragraph\">&#8220;Esper\u00e1vamos coisa melhor ap\u00f3s largar na primeira fila&#8221;, assumiu.<\/p>\n\n\n\n<p class=\"wp-block-paragraph\">&#8220;Carlos teve bom ritmo de corrida, mas tivemos um problema de freios com Charles. Estou feliz com o trabalho de Charles, na verdade, porque conseguiu salvar um quarto lugar. Carlos teve boa corrida&#8221;, elogiou.<\/p>\n\n\n\n<figure class=\"wp-block-image size-large\"><img decoding=\"async\" src=\"https:\/\/www.grandepremio.com\/br\/wp-content\/uploads\/2024\/03\/afp-bahrain-2024-corrida-ferrari-carlos-sainz-01-1024x682.jpg\" alt=\"\" class=\"wp-image-783355\"\/><figcaption class=\"wp-element-caption\">Carlos Sainz ao menos foi ao p\u00f3dio (Foto: AFP)<\/figcaption><\/figure>\n\n\n\n<p class=\"wp-block-paragraph\">&#8220;Veremos na semana que vem, mas temos de manter em mente que ano passado come\u00e7amos o ano 48 segundos atr\u00e1s e pudemos brigar com a Red Bull no fim da temporada. Neste fim de semana, n\u00e3o fizemos um bom trabalho, porque tivemos muitos problemas de opera\u00e7\u00e3o&#8221;, declarou.<\/p>\n\n\n\n<p class=\"wp-block-paragraph\">Com rela\u00e7\u00e3o ao problema de freio de Leclerc, Vasseur disse &#8220;tinha uma diferen\u00e7a de temperatura entre os dois lados, o que tornou os freios imposs\u00edveis de equilibrar&#8221;.<\/p>\n\n\n\n<p class=\"wp-block-paragraph\">A temporada 2024 da&nbsp;<a href=\"https:\/\/www.grandepremio.com\/br\/f1\/\" target=\"_blank\" rel=\"noreferrer noopener\">F\u00f3rmula 1<\/a>&nbsp;continua j\u00e1 na pr\u00f3xima semana, entre a quinta-feira 7 e o s\u00e1bado 9 de mar\u00e7o, com o GP da Ar\u00e1bia Saudita, em Jed\u00e1. O&nbsp;<strong>GRANDE PR\u00caMIO<\/strong>&nbsp;acompanha&nbsp;<strong><a href=\"https:\/\/www.grandepremio.com\/br\/ao-vivo\/f1\/\">AO VIVO e EM&nbsp;<\/a><a href=\"https:\/\/www.grandepremio.com\/br\/ao-vivo\/\" target=\"_blank\" rel=\"noreferrer noopener\">TEMPO REAL<\/a><\/strong>&nbsp;todas as atividades e transmite classifica\u00e7\u00e3o e corrida em segunda tela, em parceria com a Voz do Esporte, na&nbsp;<strong><a href=\"https:\/\/www.youtube.com\/c\/GrandePremioTV\/streams\">GPTV, o canal do GP no Youtube<\/a><\/strong>. Al\u00e9m disso, debate tudo que aconteceu na pista com o&nbsp;<strong>Briefing<\/strong>&nbsp;ap\u00f3s segundo treino livre e classifica\u00e7\u00e3o, al\u00e9m de antes e depois da corrida.<\/p>\n\n\n\n<p class=\"wp-block-paragraph\"><strong>\u25b6\ufe0f Inscreva-se nos dois canais do\u00a0GRANDE PR\u00caMIO\u00a0no YouTube:\u00a0<a href=\"https:\/\/www.youtube.com\/channel\/UC9OlHEgxoaY6QY6nWPoiqQg?sub_confirmation=1\">GP<\/a>\u00a0|\u00a0<a href=\"https:\/\/www.youtube.com\/channel\/UC9csiS6q_C3C0FYhyr1rnFA?sub_confirmation=1\">GP2<\/a><br><a href=\"https:\/\/www.twitch.tv\/grandepremio\">\u25b6\ufe0f Conhe\u00e7a o canal do\u00a0GRANDE PR\u00caMIO\u00a0na Twitch clicando aqui!<\/a><\/strong><\/p>\n\n\n\n<figure class=\"wp-block-embed is-type-video is-provider-youtube wp-block-embed-youtube wp-embed-aspect-16-9 wp-has-aspect-ratio\"><div class=\"wp-block-embed__wrapper\">\n<iframe loading=\"lazy\" title=\"VERSTAPPEN HUMILHA resto da F1 e passeia no BAHREIN. P\u00e9rez 2\u00ba, Sainz 3\u00ba | Briefing\" width=\"500\" height=\"281\" src=\"https:\/\/www.youtube.com\/embed\/CMK6mk9c18o?feature=oembed\" frameborder=\"0\" allow=\"accelerometer; autoplay; clipboard-write; encrypted-media; gyroscope; picture-in-picture; web-share\" referrerpolicy=\"strict-origin-when-cross-origin\" allowfullscreen><\/iframe>\n<\/div><figcaption class=\"wp-element-caption\">\ud83d\udd34AO VIVO! F1 2024 no BAHREIN: tudo sobre a CORRIDA | Briefing<\/figcaption><\/figure>\n","protected":false},"excerpt":{"rendered":"<p>Fr\u00e9d\u00e9ric Vasseur, chefe da Ferrari, foi s\u00f3 elogios a Charles Leclerc e Carlos Sainz, mas cobrou melhor trabalho por parte da equipe<\/p>\n","protected":false},"author":0,"featured_media":1000783268,"comment_status":"closed","ping_status":"closed","sticky":false,"template":"","format":"standard","meta":{"42wp_featured_image_caption":"","42wp_featured_image_credits":"","42wp_featured_video":"","42wp_featured_image_hidden":false,"42wp_authors_list":[],"footnotes":""},"categories":[2],"tags":[1667,546,209,5660,3230,642,207,38529,16601,1322,26042,1754,1756],"42wp_author":[47120],"class_list":["post-86289","post","type-post","status-publish","format-standard","has-post-thumbnail","hentry","category-f1","tag-bahrein","tag-carlos-sainz","tag-charles-leclerc","tag-classificacao","tag-f1-2024","tag-f1-ao-vivo","tag-ferrari","tag-fim-de-semana-bahrein","tag-fred-vasseur","tag-frederic-vasseur","tag-gp-de-sakhir","tag-gp-do-bahrein","tag-sakhir","42wp_author-pedro-henrique-marum"],"_links":{"self":[{"href":"https:\/\/grandepremio.com\/br\/wp-json\/wp\/v2\/posts\/86289","targetHints":{"allow":["GET"]}}],"collection":[{"href":"https:\/\/grandepremio.com\/br\/wp-json\/wp\/v2\/posts"}],"about":[{"href":"https:\/\/grandepremio.com\/br\/wp-json\/wp\/v2\/types\/post"}],"replies":[{"embeddable":true,"href":"https:\/\/grandepremio.com\/br\/wp-json\/wp\/v2\/comments?post=86289"}],"version-history":[{"count":0,"href":"https:\/\/grandepremio.com\/br\/wp-json\/wp\/v2\/posts\/86289\/revisions"}],"wp:featuredmedia":[{"embeddable":true,"href":"https:\/\/grandepremio.com\/br\/wp-json\/wp\/v2\/media\/1000783268"}],"wp:attachment":[{"href":"https:\/\/grandepremio.com\/br\/wp-json\/wp\/v2\/media?parent=86289"}],"wp:term":[{"taxonomy":"category","embeddable":true,"href":"https:\/\/grandepremio.com\/br\/wp-json\/wp\/v2\/categories?post=86289"},{"taxonomy":"post_tag","embeddable":true,"href":"https:\/\/grandepremio.com\/br\/wp-json\/wp\/v2\/tags?post=86289"},{"taxonomy":"42wp_author","embeddable":true,"href":"https:\/\/grandepremio.com\/br\/wp-json\/wp\/v2\/42wp_author?post=86289"}],"curies":[{"name":"wp","href":"https:\/\/api.w.org\/{rel}","templated":true}]}}