{"id":86321,"date":"2024-03-02T14:29:32","date_gmt":"2024-03-02T17:29:32","guid":{"rendered":"https:\/\/grandepremio.com\/br\/noticias\/max-verstappen-sai-frente-vitoria-bahrein-confira-classificacao-formula-1-2024\/"},"modified":"2024-03-02T18:24:37","modified_gmt":"2024-03-02T21:24:37","slug":"max-verstappen-sai-frente-vitoria-bahrein-confira-classificacao-formula-1-2024","status":"publish","type":"post","link":"https:\/\/grandepremio.com\/br\/f1\/max-verstappen-sai-frente-vitoria-bahrein-confira-classificacao-formula-1-2024\/","title":{"rendered":"Verstappen sai na frente com vit\u00f3ria no Bahrein. Confira classifica\u00e7\u00e3o da F1 2024"},"content":{"rendered":"\n<p class=\"wp-block-paragraph\">A <strong><a href=\"https:\/\/www.grandepremio.com\/br\/f1\/noticias\/max-verstappen-lava-cara-formula-1-inteira-dispara-sem-do-vence-gp-do-bahrein-formula-1\/\">primeira corrida da temporada 2024<\/a><\/strong> do Mundial de <strong><a href=\"https:\/\/www.grandepremio.com\/br\/f1\/\">F\u00f3rmula 1<\/a><\/strong> contou com um dom\u00ednio daqueles de almanaque. <strong>Max Verstappen<\/strong> abriu do come\u00e7o, imp\u00f4s mais de 20 segundos de frente para o companheiro <strong>Sergio P\u00e9rez<\/strong> e ganhou com um p\u00e9 nas costas. Desta feita, come\u00e7a a temporada com a lideran\u00e7a do campeonato.<\/p>\n\n\n\n<p class=\"wp-block-paragraph\">Al\u00e9m dos 25 pontos pela vit\u00f3ria, Verstappen anotou um tento extra por terminar com a volta mais veloz da corrida. \u00c9 um come\u00e7o que p\u00f5e o tricampe\u00e3o na esteira do tetra logo de cara: ser\u00e1 um espanto se o futuro de 2024 for diferente.<\/p>\n\n\n\n<p class=\"wp-block-paragraph\">P\u00e9rez marcou 18 pontos e ficou com a segunda posi\u00e7\u00e3o, enquanto <strong>Carlos Sainz<\/strong> tem 15. Os dois foram ao p\u00f3dio no Bahrein, basicamente sem que tivessem rivais verdadeiros.<\/p>\n\n\n\n<p class=\"wp-block-paragraph\">O motivo da facilidade na vida de P\u00e9rez e Sainz foi que <strong>Charles Leclerc<\/strong> e os dois pilotos da <strong>Mercedes<\/strong> tiveram de passar a corrida dosando problemas. Leclerc foi quarto e anotou 12 pontos, ao passo que Russell ficou em quinto e fez dez.<\/p>\n\n\n\n<figure class=\"wp-block-image size-large\"><img decoding=\"async\" src=\"https:\/\/www.grandepremio.com\/br\/wp-content\/uploads\/2024\/03\/afp-bahrain-2024-corrida-largada-4-1024x682.jpg\" alt=\"\" class=\"wp-image-783271\"\/><figcaption class=\"wp-element-caption\">A largada do GP do Bahrein (Foto: AFP)<\/figcaption><\/figure>\n\n\n\n<p class=\"wp-block-paragraph\"><strong>Lando Norris<\/strong> colocou a <strong>McLaren<\/strong> na sexta posi\u00e7\u00e3o e sai do Bahrein com oito pontos, seguido por <strong>Lewis Hamilton<\/strong>, que marca seis, e <strong>Oscar Piastri<\/strong>, com quarto. Os dois \u00faltimos da zona de pontos foram <strong>Fernando Alonso<\/strong> e <strong>Lance Stroll<\/strong>, com respectivamente dois e um ponto.<\/p>\n\n\n\n<p class=\"wp-block-paragraph\">No Mundial de Construtores, a <strong>Red Bull<\/strong> chegou ao fim da etapa com 44 pontos contra 27 da <strong>Ferrari<\/strong> e 16 da Mercedes. A <strong>McLaren<\/strong> terminou o dia com 12 tentos, e a <strong>Aston Martin<\/strong>, por fim, fez tr\u00eas.<\/p>\n\n\n\n<p class=\"wp-block-paragraph\">A temporada 2024 da&nbsp;<a href=\"https:\/\/www.grandepremio.com\/br\/f1\/\" target=\"_blank\" rel=\"noreferrer noopener\">F\u00f3rmula 1<\/a>&nbsp;continua j\u00e1 na pr\u00f3xima semana, entre a quinta-feira 7 e o s\u00e1bado 9 de mar\u00e7o, com o GP da Ar\u00e1bia Saudita, em Jed\u00e1. O&nbsp;<strong>GRANDE PR\u00caMIO<\/strong>&nbsp;acompanha&nbsp;<strong><a href=\"https:\/\/www.grandepremio.com\/br\/ao-vivo\/f1\/\">AO VIVO e EM&nbsp;<\/a><a href=\"https:\/\/www.grandepremio.com\/br\/ao-vivo\/\" target=\"_blank\" rel=\"noreferrer noopener\">TEMPO REAL<\/a><\/strong>&nbsp;todas as atividades e transmite classifica\u00e7\u00e3o e corrida em segunda tela, em parceria com a Voz do Esporte, na&nbsp;<strong><a href=\"https:\/\/www.youtube.com\/c\/GrandePremioTV\/streams\">GPTV, o canal do GP no Youtube<\/a><\/strong>. Al\u00e9m disso, debate tudo que aconteceu na pista com o&nbsp;<strong>Briefing<\/strong>&nbsp;ap\u00f3s segundo treino livre e classifica\u00e7\u00e3o, al\u00e9m de antes e depois da corrida.<\/p>\n\n\n\n<p class=\"wp-block-paragraph\"><strong>\u25b6\ufe0f Inscreva-se nos dois canais do&nbsp;GRANDE PR\u00caMIO&nbsp;no YouTube:&nbsp;<a href=\"https:\/\/www.youtube.com\/channel\/UC9OlHEgxoaY6QY6nWPoiqQg?sub_confirmation=1\">GP<\/a>&nbsp;|&nbsp;<a href=\"https:\/\/www.youtube.com\/channel\/UC9csiS6q_C3C0FYhyr1rnFA?sub_confirmation=1\">GP2<\/a><br><a href=\"https:\/\/www.twitch.tv\/grandepremio\">\u25b6\ufe0f Conhe\u00e7a o canal do&nbsp;GRANDE PR\u00caMIO&nbsp;na Twitch clicando aqui!<\/a><\/strong><\/p>\n\n\n\n<figure class=\"wp-block-embed is-type-video is-provider-youtube wp-block-embed-youtube wp-embed-aspect-16-9 wp-has-aspect-ratio\"><div class=\"wp-block-embed__wrapper\">\n<iframe loading=\"lazy\" title=\"VERSTAPPEN HUMILHA resto da F1 e passeia no BAHREIN. P\u00e9rez 2\u00ba, Sainz 3\u00ba | Briefing\" width=\"500\" height=\"281\" src=\"https:\/\/www.youtube.com\/embed\/CMK6mk9c18o?feature=oembed\" frameborder=\"0\" allow=\"accelerometer; autoplay; clipboard-write; encrypted-media; gyroscope; picture-in-picture; web-share\" referrerpolicy=\"strict-origin-when-cross-origin\" allowfullscreen><\/iframe>\n<\/div><figcaption class=\"wp-element-caption\">\ud83d\udd34F1 2024 AO VIVO no BAHREIN: acompanhe a CORRIDA no GRANDE PR\u00caMIO<\/figcaption><\/figure>\n","protected":false},"excerpt":{"rendered":"<p>Max Verstappen dominou completamente o GP do Bahrein e abriu contagem na classifica\u00e7\u00e3o geral da F\u00f3rmula 1 2024<\/p>\n","protected":false},"author":0,"featured_media":1000783332,"comment_status":"closed","ping_status":"closed","sticky":false,"template":"","format":"standard","meta":{"42wp_featured_image_caption":"","42wp_featured_image_credits":"","42wp_featured_video":"","42wp_featured_image_hidden":false,"42wp_authors_list":[],"footnotes":""},"categories":[2],"tags":[654,20491,309,1667,546,209,5660,211,302,3230,642,176,207,38529,800,26042,1754,3746,119,117,485,547,87,25553,203,90,82,1521,2916,676,25693,204,1756,1197,3132,612,215,597],"42wp_author":[47120],"class_list":["post-86321","post","type-post","status-publish","format-standard","has-post-thumbnail","hentry","category-f1","tag-alexander-albon","tag-alpine","tag-aston-martin","tag-bahrein","tag-carlos-sainz","tag-charles-leclerc","tag-classificacao","tag-daniel-ricciardo","tag-esteban-ocon","tag-f1-2024","tag-f1-ao-vivo","tag-fernando-alonso","tag-ferrari","tag-fim-de-semana-bahrein","tag-george-russell","tag-gp-de-sakhir","tag-gp-do-bahrein","tag-guanyu-zhou","tag-haas","tag-kevin-magnussen","tag-lance-stroll","tag-lando-norris","tag-lewis-hamilton","tag-logan-sargeant","tag-max-verstappen","tag-mclaren","tag-mercedes","tag-nico-hulkenberg","tag-oscar-piastri","tag-pierre-gasly","tag-rb","tag-red-bull","tag-sakhir","tag-sauber","tag-sergio-perez","tag-valtteri-bottas","tag-williams","tag-yuki-tsunoda","42wp_author-pedro-henrique-marum"],"_links":{"self":[{"href":"https:\/\/grandepremio.com\/br\/wp-json\/wp\/v2\/posts\/86321","targetHints":{"allow":["GET"]}}],"collection":[{"href":"https:\/\/grandepremio.com\/br\/wp-json\/wp\/v2\/posts"}],"about":[{"href":"https:\/\/grandepremio.com\/br\/wp-json\/wp\/v2\/types\/post"}],"replies":[{"embeddable":true,"href":"https:\/\/grandepremio.com\/br\/wp-json\/wp\/v2\/comments?post=86321"}],"version-history":[{"count":0,"href":"https:\/\/grandepremio.com\/br\/wp-json\/wp\/v2\/posts\/86321\/revisions"}],"wp:featuredmedia":[{"embeddable":true,"href":"https:\/\/grandepremio.com\/br\/wp-json\/wp\/v2\/media\/1000783332"}],"wp:attachment":[{"href":"https:\/\/grandepremio.com\/br\/wp-json\/wp\/v2\/media?parent=86321"}],"wp:term":[{"taxonomy":"category","embeddable":true,"href":"https:\/\/grandepremio.com\/br\/wp-json\/wp\/v2\/categories?post=86321"},{"taxonomy":"post_tag","embeddable":true,"href":"https:\/\/grandepremio.com\/br\/wp-json\/wp\/v2\/tags?post=86321"},{"taxonomy":"42wp_author","embeddable":true,"href":"https:\/\/grandepremio.com\/br\/wp-json\/wp\/v2\/42wp_author?post=86321"}],"curies":[{"name":"wp","href":"https:\/\/api.w.org\/{rel}","templated":true}]}}