{"id":86411,"date":"2024-03-01T15:53:44","date_gmt":"2024-03-01T18:53:44","guid":{"rendered":"https:\/\/grandepremio.com\/br\/noticias\/oscar-piastri-avalia-dia-complicado-mas-ve-red-bull-ferrari-nao-tao-rapidas-bahrein\/"},"modified":"2024-03-01T15:54:04","modified_gmt":"2024-03-01T18:54:04","slug":"oscar-piastri-avalia-dia-complicado-mas-ve-red-bull-ferrari-nao-tao-rapidas-bahrein","status":"publish","type":"post","link":"https:\/\/grandepremio.com\/br\/f1\/oscar-piastri-avalia-dia-complicado-mas-ve-red-bull-ferrari-nao-tao-rapidas-bahrein\/","title":{"rendered":"Piastri admite dia &#8220;complicado&#8221;, mas v\u00ea Red Bull e Ferrari &#8220;n\u00e3o t\u00e3o r\u00e1pidas&#8221; no Bahrein"},"content":{"rendered":"\n<p class=\"wp-block-paragraph\"><strong>Oscar Piastri<\/strong> terminou a primeira classifica\u00e7\u00e3o da temporada 2024 da <strong>F\u00f3rmula 1<\/strong> na oitava coloca\u00e7\u00e3o. Nesta sexta-feira (1), no <strong>Bahrein<\/strong>, o australiano marcou <strong>1min29s683<\/strong> como melhor tempo e ficou <strong>0s504<\/strong> atr\u00e1s do pole, <strong>Max Verstappen<\/strong>. O dono do <strong>#81<\/strong> classificou o dia como &#8220;complicado&#8221;, mas revelou que imaginava ver <strong>Red Bull<\/strong> e <strong>Ferrari<\/strong> mais fortes do que aparentam.<\/p>\n\n\n\n<p class=\"wp-block-paragraph\">A <strong>McLaren<\/strong> teve uma noite dif\u00edcil em<strong> Sakhir<\/strong>. <strong>Lando Norris<\/strong> <a href=\"https:\/\/www.grandepremio.com\/br\/f1\/noticias\/lando-norris-admite-erro-classificacao-espera-boa-corrida-mclaren-bahrein\/\">n\u00e3o foi muito melhor<\/a> do que o companheiro de equipe e teve <strong>1min29s614<\/strong> como melhor giro, apenas <strong>0s06<\/strong> mais r\u00e1pido que Oscar, e vai largar na s\u00e9tima posi\u00e7\u00e3o.<\/p>\n\n\n\n<p class=\"wp-block-paragraph\">&#8220;Foi um dia complicado&#8221;, disse Piastri. &#8220;N\u00e3o me senti t\u00e3o confort\u00e1vel no carro como ontem&#8221;, continuou.<\/p>\n\n\n\n<p class=\"wp-block-paragraph\">&#8220;Tive muitas dificuldades no Q1 e no Q2. No Q3, fui um pouco melhor, mas ainda tive dificuldades. A pista do Bahrein n\u00e3o nos favorece, mas se tudo der certo, estaremos na luta&#8221;, acrescentou o jovem de <strong>Melbourne<\/strong>.<\/p>\n\n\n\n<p class=\"wp-block-paragraph\"><strong><img decoding=\"async\" src=\"https:\/\/a.slack-edge.com\/production-standard-emoji-assets\/14.0\/google-medium\/25b6-fe0f.png\" alt=\":seta_para_frente:\">&nbsp;Inscreva-se nos dois canais do GRANDE PR\u00caMIO no YouTube:&nbsp;<a href=\"https:\/\/www.youtube.com\/channel\/UC9OlHEgxoaY6QY6nWPoiqQg?sub_confirmation=1\" target=\"_blank\" rel=\"noreferrer noopener\">GP<\/a>&nbsp;|&nbsp;<a href=\"https:\/\/www.youtube.com\/channel\/UC9csiS6q_C3C0FYhyr1rnFA?sub_confirmation=1\" target=\"_blank\" rel=\"noreferrer noopener\">GP2<\/a><\/strong><br><strong><img decoding=\"async\" src=\"https:\/\/a.slack-edge.com\/production-standard-emoji-assets\/14.0\/google-medium\/25b6-fe0f.png\" alt=\":seta_para_frente:\"><a href=\"https:\/\/www.twitch.tv\/grandepremio\" target=\"_blank\" rel=\"noreferrer noopener\">Conhe\u00e7a o canal do GRANDE PR\u00caMIO na Twitch clicando aqui!<\/a><\/strong><\/p>\n\n\n\n<figure class=\"wp-block-image size-large\"><img decoding=\"async\" src=\"https:\/\/www.grandepremio.com\/br\/wp-content\/uploads\/2024\/03\/bahrein-2024-f1-classificacao-mclaren-oscar-piastri-04-1024x683.jpg\" alt=\"\" class=\"wp-image-782819\"\/><figcaption class=\"wp-element-caption\">Oscar Piastri foi apenas o oitavo colocado durante a classifica\u00e7\u00e3o no Bahrein (Foto: McLaren)<\/figcaption><\/figure>\n\n\n\n<p class=\"wp-block-paragraph\">Seguindo o roteiro da temporada passada, Verstappen <a href=\"https:\/\/www.grandepremio.com\/br\/f1\/noticias\/max-verstappen-aposta-acirrado-gp-bahrein-confessa-pole-foi-pouco-inesperada\/\">foi o mais r\u00e1pido do dia e larga na pole<\/a> para a primeira etapa do Mundial, o <strong>GP do Bahrein<\/strong>, neste s\u00e1bado. O neerland\u00eas foi <strong>0s228<\/strong> mais r\u00e1pido que o <a href=\"https:\/\/www.grandepremio.com\/br\/f1\/noticias\/charles-leclerc-admite-decepcao-perda-pole-bahrein-sem-ritmo-com-macios-usados\/\">segundo colocado<\/a>, <strong>Charles Leclerc<\/strong>, da <strong>Ferrari<\/strong>. A escuderia de <strong>Fr\u00e9d\u00e9ric Vasseur<\/strong> parece ser a segunda for\u00e7a do grid neste in\u00edcio de temporada, mas Oscar afirmou que a equipe laranja-papaia pode alcan\u00e7ar os taurinos e o time de <strong>Maranello<\/strong> no decorrer do certame.<\/p>\n\n\n\n<p class=\"wp-block-paragraph\">&#8220;Red Bull e Ferrari n\u00e3o est\u00e3o t\u00e3o r\u00e1pidas quanto imagin\u00e1vamos, ent\u00e3o espero que nos aproximemos e que isso mude ao longo da temporada&#8221;, avaliou Piastri. &#8220;No treino livre de ontem, em ritmo de corrida, est\u00e1vamos bem. A classifica\u00e7\u00e3o tamb\u00e9m mostrou que todos ainda est\u00e3o bem pr\u00f3ximos&#8221;, finalizou.<\/p>\n\n\n\n<p class=\"wp-block-paragraph\">O&nbsp;<strong>GRANDE PR\u00caMIO<\/strong>&nbsp;acompanha&nbsp;<strong><a href=\"https:\/\/www.grandepremio.com\/br\/ao-vivo\/f1\/\">AO VIVO e EM&nbsp;<\/a><a href=\"https:\/\/www.grandepremio.com\/br\/ao-vivo\/\" target=\"_blank\" rel=\"noreferrer noopener\">TEMPO REAL<\/a><\/strong>&nbsp;todas as atividades do GP do Bahrein de F\u00f3rmula 1 e transmite classifica\u00e7\u00e3o e corrida em segunda tela, em parceria com a Voz do Esporte, na&nbsp;<strong><a href=\"https:\/\/www.youtube.com\/c\/GrandePremioTV\/streams\">GPTV, o canal do GP no Youtube<\/a><\/strong>. Al\u00e9m disso, debate tudo que aconteceu na pista com o&nbsp;<strong>Briefing<\/strong>&nbsp;ap\u00f3s segundo treino livre e classifica\u00e7\u00e3o, al\u00e9m de antes e depois da corrida. No s\u00e1bado, a largada est\u00e1 marcada para as 12h (de Bras\u00edlia, GMT-3).<\/p>\n\n\n\n<figure class=\"wp-block-embed is-type-video is-provider-youtube wp-block-embed-youtube wp-embed-aspect-16-9 wp-has-aspect-ratio\"><div class=\"wp-block-embed__wrapper\">\n<iframe loading=\"lazy\" title=\"VERSTAPPEN acaba com a brincadeira e \u00e9 POLE da F1 no BAHREIN | Briefing\" width=\"500\" height=\"281\" src=\"https:\/\/www.youtube.com\/embed\/8KuzOKvrPdc?feature=oembed\" frameborder=\"0\" allow=\"accelerometer; autoplay; clipboard-write; encrypted-media; gyroscope; picture-in-picture; web-share\" referrerpolicy=\"strict-origin-when-cross-origin\" allowfullscreen><\/iframe>\n<\/div><\/figure>\n","protected":false},"excerpt":{"rendered":"<p>Oscar Piastri destacou dificuldades que teve com o MCL38, mas afirmou que Red Bull e Ferrari &#8220;n\u00e3o est\u00e3o t\u00e3o r\u00e1pidas&#8221; no Bahrein<\/p>\n","protected":false},"author":0,"featured_media":1000782726,"comment_status":"closed","ping_status":"closed","sticky":false,"template":"","format":"standard","meta":{"42wp_featured_image_caption":"","42wp_featured_image_credits":"","42wp_featured_video":"","42wp_featured_image_hidden":false,"42wp_authors_list":[],"footnotes":""},"categories":[2],"tags":[654,20491,309,1667,546,209,5660,211,302,3230,642,176,207,38529,800,26042,1754,3746,119,117,485,547,87,25553,203,90,82,1521,2916,676,25693,204,1756,1197,3132,612,215,597],"42wp_author":[47160],"class_list":["post-86411","post","type-post","status-publish","format-standard","has-post-thumbnail","hentry","category-f1","tag-alexander-albon","tag-alpine","tag-aston-martin","tag-bahrein","tag-carlos-sainz","tag-charles-leclerc","tag-classificacao","tag-daniel-ricciardo","tag-esteban-ocon","tag-f1-2024","tag-f1-ao-vivo","tag-fernando-alonso","tag-ferrari","tag-fim-de-semana-bahrein","tag-george-russell","tag-gp-de-sakhir","tag-gp-do-bahrein","tag-guanyu-zhou","tag-haas","tag-kevin-magnussen","tag-lance-stroll","tag-lando-norris","tag-lewis-hamilton","tag-logan-sargeant","tag-max-verstappen","tag-mclaren","tag-mercedes","tag-nico-hulkenberg","tag-oscar-piastri","tag-pierre-gasly","tag-rb","tag-red-bull","tag-sakhir","tag-sauber","tag-sergio-perez","tag-valtteri-bottas","tag-williams","tag-yuki-tsunoda","42wp_author-vicente-soella"],"_links":{"self":[{"href":"https:\/\/grandepremio.com\/br\/wp-json\/wp\/v2\/posts\/86411","targetHints":{"allow":["GET"]}}],"collection":[{"href":"https:\/\/grandepremio.com\/br\/wp-json\/wp\/v2\/posts"}],"about":[{"href":"https:\/\/grandepremio.com\/br\/wp-json\/wp\/v2\/types\/post"}],"replies":[{"embeddable":true,"href":"https:\/\/grandepremio.com\/br\/wp-json\/wp\/v2\/comments?post=86411"}],"version-history":[{"count":0,"href":"https:\/\/grandepremio.com\/br\/wp-json\/wp\/v2\/posts\/86411\/revisions"}],"wp:featuredmedia":[{"embeddable":true,"href":"https:\/\/grandepremio.com\/br\/wp-json\/wp\/v2\/media\/1000782726"}],"wp:attachment":[{"href":"https:\/\/grandepremio.com\/br\/wp-json\/wp\/v2\/media?parent=86411"}],"wp:term":[{"taxonomy":"category","embeddable":true,"href":"https:\/\/grandepremio.com\/br\/wp-json\/wp\/v2\/categories?post=86411"},{"taxonomy":"post_tag","embeddable":true,"href":"https:\/\/grandepremio.com\/br\/wp-json\/wp\/v2\/tags?post=86411"},{"taxonomy":"42wp_author","embeddable":true,"href":"https:\/\/grandepremio.com\/br\/wp-json\/wp\/v2\/42wp_author?post=86411"}],"curies":[{"name":"wp","href":"https:\/\/api.w.org\/{rel}","templated":true}]}}