{"id":8650,"date":"2026-05-22T17:34:34","date_gmt":"2026-05-22T20:34:34","guid":{"rendered":"https:\/\/grandepremio.com\/br\/noticias\/liam-lawson-sofre-problemas-hidraulicos-fica-fora-classificacao-sprint-canada\/"},"modified":"2026-05-26T10:51:54","modified_gmt":"2026-05-26T13:51:54","slug":"liam-lawson-sofre-problemas-hidraulicos-fica-fora-classificacao-sprint-canada","status":"publish","type":"post","link":"https:\/\/grandepremio.com\/br\/f1\/liam-lawson-sofre-problemas-hidraulicos-fica-fora-classificacao-sprint-canada\/","title":{"rendered":"Lawson sofre com problemas hidr\u00e1ulicos e fica fora da classifica\u00e7\u00e3o sprint do Canad\u00e1"},"content":{"rendered":"\n<p class=\"wp-block-paragraph\"><strong>Liam Lawson <\/strong>n\u00e3o vai participar da classifica\u00e7\u00e3o sprint do <strong>GP do Canad\u00e1<\/strong>, que acontece nesta sexta-feira (22). O piloto neozeland\u00eas sofreu de problemas hidr\u00e1ulicos na <strong>Racing Bulls<\/strong>, que comunicou \u00e0s v\u00e9speras do in\u00edcio da sess\u00e3o que o dono do carro #30 ficaria impossibilitado de participar.<\/p>\n\n\n\n<p class=\"wp-block-paragraph\">Em nota, a Racing Bulls afirmou que o carro de Lawson n\u00e3o ficaria pronto a tempo por conta de um vazamento hidr\u00e1ulico, mas que o time trabalha para deixar o b\u00f3lido preparado para a corrida sprint e a classifica\u00e7\u00e3o. O piloto precisou se retirar do treino livre e uma bandeira vermelha foi acionada.<\/p>\n\n\n\n<p class=\"wp-block-paragraph\">\u25b6\ufe0f<strong>F1:\u00a0<a href=\"https:\/\/www.grandepremio.com\/br\/f1\/calendario\/\">confira o calend\u00e1rio completo de 2026<\/a><\/strong><br>\u25b6\ufe0f<strong>Inscreva-se nos dois canais do GRANDE PR\u00caMIO no YouTube:\u00a0<a href=\"https:\/\/www.youtube.com\/channel\/UC9OlHEgxoaY6QY6nWPoiqQg?sub_confirmation=1\">GP<\/a>\u00a0|\u00a0<a href=\"https:\/\/www.youtube.com\/channel\/UC9csiS6q_C3C0FYhyr1rnFA?sub_confirmation=1\">GPTV<\/a><\/strong><\/p>\n\n\n\n<figure class=\"wp-block-embed is-type-video is-provider-youtube wp-block-embed-youtube wp-embed-aspect-16-9 wp-has-aspect-ratio\"><div class=\"wp-block-embed__wrapper\">\n<iframe loading=\"lazy\" title=\"GP DO CANAD\u00c1 F1 2026: RUSSELL DESBANCA ANTONELLI NO GRID DA SPRINT [Briefing + narra\u00e7\u00e3o]\" width=\"500\" height=\"281\" src=\"https:\/\/www.youtube.com\/embed\/6unKFPvqL6I?feature=oembed\" frameborder=\"0\" allow=\"accelerometer; autoplay; clipboard-write; encrypted-media; gyroscope; picture-in-picture; web-share\" referrerpolicy=\"strict-origin-when-cross-origin\" allowfullscreen><\/iframe>\n<\/div><\/figure>\n\n\n\n<p class=\"wp-block-paragraph\">Lawson n\u00e3o \u00e9 a \u00fanica aus\u00eancia da classifica\u00e7\u00e3o da corrida sprint do GP do Canad\u00e1. O anglo-tailand\u00eas <strong>Alexander Albon<\/strong>, da <strong>Williams<\/strong>, tamb\u00e9m ficou de fora ap\u00f3s bater durante o treino livre. O piloto tentou desviar de uma marmota que atravessava a pista, mas n\u00e3o conseguiu e ainda atingiu o muro. O time de Grove n\u00e3o consertou o carro a tempo.<\/p>\n\n\n\n<figure class=\"wp-block-image size-large\"><img decoding=\"async\" src=\"https:\/\/www.grandepremio.com\/br\/wp-content\/uploads\/2026\/03\/corrida-f1-2026-racing-bulls-liam-lawson-02-2-1200x799.jpg\" alt=\"\" class=\"wp-image-1073302\"\/><figcaption class=\"wp-element-caption\">Liam Lawson (Foto: Red Bull Content Pool)<\/figcaption><\/figure>\n\n\n\n<p class=\"wp-block-paragraph\">Piloto da Racing Bulls, Liam \u00e9 o 10\u00ba colocado na classifica\u00e7\u00e3o do Mundial de Pilotos, com 10 pontos somados. O melhor resultado do neozeland\u00eas de 24 anos em 2026 at\u00e9 aqui foi o s\u00e9timo lugar no GP da China.<\/p>\n\n\n\n<p class=\"wp-block-paragraph\">O&nbsp;<strong>GRANDE PR\u00caMIO<\/strong>&nbsp;acompanha todas as atividades&nbsp;do GP do Canad\u00e1&nbsp;<a href=\"https:\/\/www.grandepremio.com\/br\/ao-vivo\/f1\/\"><strong>AO VIVO E EM&nbsp;<\/strong><\/a><strong><a href=\"https:\/\/www.grandepremio.com\/br\/ao-vivo\/\" target=\"_blank\" rel=\"noreferrer noopener\">TEMPO REAL<\/a><\/strong>,&nbsp;<a href=\"https:\/\/www.youtube.com\/@GrandePremio1\/streams\">al\u00e9m de classifica\u00e7\u00f5es e corridas em&nbsp;<strong>SEGUNDA TELA&nbsp;<\/strong>no YouTube<\/a>, em parceria com a&nbsp;<strong>Voz do Esporte<\/strong>. O&nbsp;<strong>Briefing&nbsp;<\/strong>chega para analisar ap\u00f3s o fim de cada dia de atividades nas redes sociais e na&nbsp;<strong>GPTV<\/strong>.<\/p>\n\n\n\n<h2 class=\"wp-block-heading\" id=\"h-gp-do-canada-de-f1-veja-os-horarios-em-brasil-cabo-verde-portugal-angola-e-mocambique\"><strong>GP do Canad\u00e1 de F1: veja os hor\u00e1rios em Brasil, Cabo Verde, Portugal, Angola e Mo\u00e7ambique<\/strong><\/h2>\n\n\n\n<figure class=\"wp-block-table\"><table class=\"has-fixed-layout\"><tbody><tr><td class=\"has-text-align-left\" data-align=\"left\"><strong>Sess\u00e3o<\/strong><\/td><td class=\"has-text-align-left\" data-align=\"left\"><strong>BRA*<\/strong><\/td><td class=\"has-text-align-left\" data-align=\"left\"><strong>CBV<\/strong><\/td><td class=\"has-text-align-left\" data-align=\"left\"><strong>POR<\/strong><br><strong>ANG<\/strong><\/td><td class=\"has-text-align-left\" data-align=\"left\"><strong>MOZ<\/strong><\/td><\/tr><tr><td class=\"has-text-align-left\" data-align=\"left\">Classifica\u00e7\u00e3o Sprint<\/td><td class=\"has-text-align-left\" data-align=\"left\">17:30<\/td><td class=\"has-text-align-left\" data-align=\"left\">19:30<\/td><td class=\"has-text-align-left\" data-align=\"left\">21:30<\/td><td class=\"has-text-align-left\" data-align=\"left\">22:30<\/td><\/tr><tr><td class=\"has-text-align-left\" data-align=\"left\">Corrida Sprint<\/td><td class=\"has-text-align-left\" data-align=\"left\">13:00<\/td><td class=\"has-text-align-left\" data-align=\"left\">15:00<\/td><td class=\"has-text-align-left\" data-align=\"left\">17:00<\/td><td class=\"has-text-align-left\" data-align=\"left\">18:00<\/td><\/tr><tr><td class=\"has-text-align-left\" data-align=\"left\">Classifica\u00e7\u00e3o<\/td><td class=\"has-text-align-left\" data-align=\"left\">17:00<\/td><td class=\"has-text-align-left\" data-align=\"left\">19:00<\/td><td class=\"has-text-align-left\" data-align=\"left\">21:00<\/td><td class=\"has-text-align-left\" data-align=\"left\">22:00<\/td><\/tr><tr><td class=\"has-text-align-left\" data-align=\"left\">Corrida<\/td><td class=\"has-text-align-left\" data-align=\"left\">17:00<\/td><td class=\"has-text-align-left\" data-align=\"left\">19:00<\/td><td class=\"has-text-align-left\" data-align=\"left\">21:00<\/td><td class=\"has-text-align-left\" data-align=\"left\">22:00<\/td><\/tr><\/tbody><\/table><\/figure>\n\n\n\n<p class=\"wp-block-paragraph\"><em>*Hor\u00e1rio de Bras\u00edlia<\/em><\/p>\n\n\n\n<h2 class=\"wp-block-heading\" id=\"h-f1-hoje-saiba-aqui-as-noticias-mais-importantes-do-dia-da-formula-1\"><strong>F1 hoje: saiba aqui as not\u00edcias mais importantes do dia da F\u00f3rmula 1<\/strong><\/h2>\n\n\n\n<p class=\"wp-block-paragraph\" id=\"h-f1-hoje-saiba-aqui-as-noticias-mais-importantes-do-dia-da-formula-1-a-redacao-do-grande-premio-selecionou-as-noticias-mais-importantes-das-ultimas-horas-para-voce-ficar-por-dentro-de-tudo-que-acontece-na-f1\">A reda\u00e7\u00e3o do&nbsp;<strong>GRANDE PR\u00caMIO<\/strong>&nbsp;selecionou as not\u00edcias mais importantes das \u00faltimas horas para voc\u00ea ficar por dentro de tudo que acontece na F1.<\/p>\n\n\n\n<p class=\"wp-block-paragraph\" id=\"h-f1-hoje-saiba-aqui-as-noticias-mais-importantes-do-dia-da-formula-1\">\u25b6\ufe0f<a href=\"https:\/\/www.grandepremio.com\/br\/f1\/noticias\/lew-shamilton-ve-ferrari-junto-mclaren-red-bull-aposta-ordem-forcas-vai-ajustar\/\"><strong>Hamilton v\u00ea Ferrari junto de McLaren e Red Bull e aposta: \u201cOrdem de for\u00e7as vai se ajustar\u201d<\/strong><\/a><br>\u25b6\ufe0f<a href=\"https:\/\/www.grandepremio.com\/br\/f1\/noticias\/esteban-ocon-rebate-rumores-fabricados-possivel-saida-haas-uma-completa-bobagem\/\"><strong>Ocon rebate rumores \u201cfabricados\u201d de poss\u00edvel sa\u00edda da Haas: \u201cUma completa bobagem\u201d<\/strong><\/a><br>\u25b6\ufe0f<a href=\"https:\/\/www.grandepremio.com\/br\/f1\/noticias\/ceo-mclaren-minimiza-interesse-red-bull-oscar-piastri-todos-gostariam-te-lo\/\"><strong>CEO da McLaren minimiza interesse da Red Bull em Piastri: \u201cTodos gostariam de t<\/strong><\/a><\/p>\n","protected":false},"excerpt":{"rendered":"<p>Assim como Alexander Albon, Liam Lawson tamb\u00e9m n\u00e3o vai participar da classifica\u00e7\u00e3o sprint do GP do Canad\u00e1. Piloto neozeland\u00eas sofre de problemas hidr\u00e1ulicos<\/p>\n","protected":false},"author":0,"featured_media":1001089750,"comment_status":"closed","ping_status":"closed","sticky":false,"template":"","format":"standard","meta":{"42wp_featured_image_caption":"","42wp_featured_image_credits":"","42wp_featured_video":"","42wp_featured_image_hidden":false,"42wp_authors_list":[],"footnotes":""},"categories":[2],"tags":[26271,5273,5921,302,147,29516,29148,180,31425,28995,14357,1491,28285,119,30840,595,35129,38179,31470],"42wp_author":[47119],"class_list":["post-8650","post","type-post","status-publish","format-standard","has-post-thumbnail","hentry","category-f1","tag-calendario-f1","tag-classificacao-f1","tag-corrida-sprint","tag-esteban-ocon","tag-f1","tag-f1-2026","tag-f1-hoje","tag-formula-1","tag-formula-1-2026","tag-formula-1-hoje","tag-gp-do-canada","tag-grande-premio","tag-grandepremio","tag-haas","tag-horarios-f1","tag-liam-lawson","tag-onde-assistir-f1","tag-racing-bulls","tag-temporada-2026-f1","42wp_author-gabriel-carvalho"],"_links":{"self":[{"href":"https:\/\/grandepremio.com\/br\/wp-json\/wp\/v2\/posts\/8650","targetHints":{"allow":["GET"]}}],"collection":[{"href":"https:\/\/grandepremio.com\/br\/wp-json\/wp\/v2\/posts"}],"about":[{"href":"https:\/\/grandepremio.com\/br\/wp-json\/wp\/v2\/types\/post"}],"replies":[{"embeddable":true,"href":"https:\/\/grandepremio.com\/br\/wp-json\/wp\/v2\/comments?post=8650"}],"version-history":[{"count":0,"href":"https:\/\/grandepremio.com\/br\/wp-json\/wp\/v2\/posts\/8650\/revisions"}],"wp:featuredmedia":[{"embeddable":true,"href":"https:\/\/grandepremio.com\/br\/wp-json\/wp\/v2\/media\/1001089750"}],"wp:attachment":[{"href":"https:\/\/grandepremio.com\/br\/wp-json\/wp\/v2\/media?parent=8650"}],"wp:term":[{"taxonomy":"category","embeddable":true,"href":"https:\/\/grandepremio.com\/br\/wp-json\/wp\/v2\/categories?post=8650"},{"taxonomy":"post_tag","embeddable":true,"href":"https:\/\/grandepremio.com\/br\/wp-json\/wp\/v2\/tags?post=8650"},{"taxonomy":"42wp_author","embeddable":true,"href":"https:\/\/grandepremio.com\/br\/wp-json\/wp\/v2\/42wp_author?post=8650"}],"curies":[{"name":"wp","href":"https:\/\/api.w.org\/{rel}","templated":true}]}}