{"id":86544,"date":"2024-02-29T18:10:29","date_gmt":"2024-02-29T21:10:29","guid":{"rendered":"https:\/\/grandepremio.com\/br\/noticias\/mclaren-quinta-feira-bahrein-produtiva-traca-meta-modesta-pontuar\/"},"modified":"2024-02-29T18:10:45","modified_gmt":"2024-02-29T21:10:45","slug":"mclaren-quinta-feira-bahrein-produtiva-traca-meta-modesta-pontuar","status":"publish","type":"post","link":"https:\/\/grandepremio.com\/br\/f1\/mclaren-quinta-feira-bahrein-produtiva-traca-meta-modesta-pontuar\/","title":{"rendered":"McLaren diz que quinta-feira no Bahrein foi &#8220;produtiva&#8221; e tra\u00e7a meta modesta: &#8220;Pontuar&#8221;"},"content":{"rendered":"\n<p class=\"wp-block-paragraph\">A <strong>McLaren<\/strong> teve um primeiro dia de atividades de pista repleto de altos e baixos nesta quinta-feira (29), em<strong> Sakhir<\/strong>, no <strong>Bahrein<\/strong>. Enquanto <strong>Oscar Piastri<\/strong> encerrou o segundo treino livre com o quinto melhor tempo, <strong>Lando Norris<\/strong> foi o \u00faltimo colocado. De qualquer maneira, <strong>Andrea Stella<\/strong>, chefe da equipe, minimizou o resultado do time brit\u00e2nico e classificou o dia da esquadra de <strong>Woking<\/strong> como &#8220;produtivo&#8221;.<\/p>\n\n\n\n<p class=\"wp-block-paragraph\">O australiano do carro <strong>#81<\/strong> cravou <strong>1min30s784<\/strong> como melhor giro e terminou <strong>0s417<\/strong> atr\u00e1s de <strong>Lewis Hamilton<\/strong>, <a href=\"https:\/\/www.grandepremio.com\/br\/f1\/noticias\/lewis-hamilton-poe-formula-1-alerta-lidera-1-2-mercedes-tl2-gp-do-bahrein-max-verstappen-6\/\">que foi o mais r\u00e1pido da sess\u00e3o<\/a>. Embora tenha dito que o <strong>MCL38<\/strong> \u00e9 &#8220;inconsistente&#8221;, Piastri afirmou que a <a href=\"https:\/\/www.grandepremio.com\/br\/f1\/noticias\/oscar-piastri-ainda-ve-mclaren-inconsistente-aprova-carro-bahrein-estamos-na-briga-formula-1\/\">esquadra brit\u00e2nica est\u00e1 &#8220;na briga&#8221; com as rivais<\/a>. Norris, por sua vez, afirmou que o <a href=\"https:\/\/www.grandepremio.com\/br\/f1\/noticias\/lando-norris-espera-classificacao-apertada-gp-bahrein-ate-haas-esta-ali\/\">grid est\u00e1 muito pr\u00f3ximo e espera uma classifica\u00e7\u00e3o apertada<\/a> amanh\u00e3.<\/p>\n\n\n\n<p class=\"wp-block-paragraph\">&#8220;No geral, um primeiro dia de treinos produtivo\u201d, disse Stella. &#8220;N\u00e3o tivemos grandes problemas e conclu\u00edmos o nosso programa de testes&#8221;, avaliou.<\/p>\n\n\n\n<p class=\"wp-block-paragraph\">&#8220;Apesar de termos tido tr\u00eas dias de pr\u00e9-temporada, h\u00e1 sempre muito para finalizar quando se trata do fim de semana de corrida, e hoje trabalhamos na configura\u00e7\u00e3o. Tamb\u00e9m foi importante desenvolver a nossa compreens\u00e3o dos pneus em condi\u00e7\u00f5es de pista mais frias em compara\u00e7\u00e3o com os testes&#8221;, explicou o italiano.<\/p>\n\n\n\n<p class=\"wp-block-paragraph\"><strong><img decoding=\"async\" src=\"https:\/\/a.slack-edge.com\/production-standard-emoji-assets\/14.0\/google-medium\/25b6-fe0f.png\" alt=\":seta_para_frente:\">&nbsp;Inscreva-se nos dois canais do GRANDE PR\u00caMIO no YouTube:&nbsp;<a href=\"https:\/\/www.youtube.com\/channel\/UC9OlHEgxoaY6QY6nWPoiqQg?sub_confirmation=1\" target=\"_blank\" rel=\"noreferrer noopener\">GP<\/a>&nbsp;|&nbsp;<a href=\"https:\/\/www.youtube.com\/channel\/UC9csiS6q_C3C0FYhyr1rnFA?sub_confirmation=1\" target=\"_blank\" rel=\"noreferrer noopener\">GP2<\/a><\/strong><br><strong><img decoding=\"async\" src=\"https:\/\/a.slack-edge.com\/production-standard-emoji-assets\/14.0\/google-medium\/25b6-fe0f.png\" alt=\":seta_para_frente:\"><a href=\"https:\/\/www.twitch.tv\/grandepremio\" target=\"_blank\" rel=\"noreferrer noopener\">Conhe\u00e7a o canal do GRANDE PR\u00caMIO na Twitch clicando aqui!<\/a><\/strong><\/p>\n\n\n\n<figure class=\"wp-block-image size-large\"><img decoding=\"async\" src=\"https:\/\/www.grandepremio.com\/br\/wp-content\/uploads\/2024\/02\/bahrein-2024-f1-treino-livre-mclaren-oscar-piastri-02-4-1024x683.jpg\" alt=\"\" class=\"wp-image-782136\"\/><figcaption class=\"wp-element-caption\">McLaren teve dia marcado por altos e baixos no Bahrein (Foto: McLaren)<\/figcaption><\/figure>\n\n\n\n<p class=\"wp-block-paragraph\">Levando em considera\u00e7\u00e3o os dados coletados durante o TL2 desta quinta, a McLaren apresentou o segundo melhor ritmo de corrida dentre todas as equipes do grid. A escuderia laranja-papaia ficou <strong>0s23<\/strong> atr\u00e1s da&nbsp;<strong>Red Bull<\/strong>, <a href=\"https:\/\/www.grandepremio.com\/br\/f1\/noticias\/red-bull-se-ve-melhor-ritmo-corrida-bahrein-mas-admite-vai-ser-apertado\/\">a mais r\u00e1pida neste quesito<\/a>.<\/p>\n\n\n\n<p class=\"wp-block-paragraph\">Stella tamb\u00e9m aproveitou a oportunidade para avaliar o desempenho individual de seus pilotos. &#8220;Oscar teve uma boa sess\u00e3o, tanto com pneus novos quanto no ritmo de corrida, enquanto Lando n\u00e3o conseguiu completar sua \u00fanica volta cronometrada com os macios, o que significa que sua posi\u00e7\u00e3o na classifica\u00e7\u00e3o n\u00e3o foi muito significativa&#8221;, destacou o dirigente.<\/p>\n\n\n\n<p class=\"wp-block-paragraph\">&#8220;Mas estamos satisfeitos com as informa\u00e7\u00f5es que adquirimos e parecemos estar em uma posi\u00e7\u00e3o decente para somar pontos. Tentaremos maximizar nosso pacote amanh\u00e3 e nos colocaremos na melhor posi\u00e7\u00e3o para o resto do fim de semana&#8221;, finalizou.<\/p>\n\n\n\n<p class=\"wp-block-paragraph\">O&nbsp;<strong>GRANDE PR\u00caMIO<\/strong>&nbsp;acompanha&nbsp;<strong><a href=\"https:\/\/www.grandepremio.com\/br\/ao-vivo\/f1\/\">AO VIVO e EM&nbsp;<\/a><a href=\"https:\/\/www.grandepremio.com\/br\/ao-vivo\/\" target=\"_blank\" rel=\"noreferrer noopener\">TEMPO REAL<\/a><\/strong>&nbsp;todas as atividades do GP do Bahrein de F\u00f3rmula 1 e transmite classifica\u00e7\u00e3o e corrida em segunda tela, em parceria com a Voz do Esporte, na&nbsp;<strong><a href=\"https:\/\/www.youtube.com\/c\/GrandePremioTV\/streams\">GPTV, o canal do GP no Youtube<\/a><\/strong>. Al\u00e9m disso, debate tudo que aconteceu na pista com o&nbsp;<strong>Briefing<\/strong>&nbsp;ap\u00f3s cada dia de atividade. Na sexta-feira, o TL3 abre o dia \u00e0s 9h30 (de Bras\u00edlia, GMT-3), com a classifica\u00e7\u00e3o a partir das 13h. A largada est\u00e1 marcada para as 12h do s\u00e1bado.<\/p>\n\n\n\n<figure class=\"wp-block-embed is-type-video is-provider-youtube wp-block-embed-youtube wp-embed-aspect-16-9 wp-has-aspect-ratio\"><div class=\"wp-block-embed__wrapper\">\n<iframe loading=\"lazy\" title=\"ESCONDEU O JOGO? HAMILTON surpreende e puxa 1-2 da MERCEDES na F1 no BAHREIN | Briefing\" width=\"500\" height=\"281\" src=\"https:\/\/www.youtube.com\/embed\/eC0NzptBoSk?feature=oembed\" frameborder=\"0\" allow=\"accelerometer; autoplay; clipboard-write; encrypted-media; gyroscope; picture-in-picture; web-share\" referrerpolicy=\"strict-origin-when-cross-origin\" allowfullscreen><\/iframe>\n<\/div><\/figure>\n","protected":false},"excerpt":{"rendered":"<p>Apesar de Lando Norris ter terminado o TL2 do GP do Bahrein na \u00faltima posi\u00e7\u00e3o, Andrea Stella, chefe da McLaren, avaliou o dia como &#8220;produtivo&#8221; e &#8220;sem grandes problemas&#8221;<\/p>\n","protected":false},"author":0,"featured_media":1000645481,"comment_status":"closed","ping_status":"closed","sticky":false,"template":"","format":"standard","meta":{"42wp_featured_image_caption":"","42wp_featured_image_credits":"","42wp_featured_video":"","42wp_featured_image_hidden":false,"42wp_authors_list":[],"footnotes":""},"categories":[2],"tags":[654,20491,309,1667,546,209,5660,211,302,3230,642,176,207,38529,800,26042,1754,3746,119,117,485,547,87,25553,203,90,82,1521,2916,676,25693,204,1756,1197,3132,612,215,597],"42wp_author":[47160],"class_list":["post-86544","post","type-post","status-publish","format-standard","has-post-thumbnail","hentry","category-f1","tag-alexander-albon","tag-alpine","tag-aston-martin","tag-bahrein","tag-carlos-sainz","tag-charles-leclerc","tag-classificacao","tag-daniel-ricciardo","tag-esteban-ocon","tag-f1-2024","tag-f1-ao-vivo","tag-fernando-alonso","tag-ferrari","tag-fim-de-semana-bahrein","tag-george-russell","tag-gp-de-sakhir","tag-gp-do-bahrein","tag-guanyu-zhou","tag-haas","tag-kevin-magnussen","tag-lance-stroll","tag-lando-norris","tag-lewis-hamilton","tag-logan-sargeant","tag-max-verstappen","tag-mclaren","tag-mercedes","tag-nico-hulkenberg","tag-oscar-piastri","tag-pierre-gasly","tag-rb","tag-red-bull","tag-sakhir","tag-sauber","tag-sergio-perez","tag-valtteri-bottas","tag-williams","tag-yuki-tsunoda","42wp_author-vicente-soella"],"_links":{"self":[{"href":"https:\/\/grandepremio.com\/br\/wp-json\/wp\/v2\/posts\/86544","targetHints":{"allow":["GET"]}}],"collection":[{"href":"https:\/\/grandepremio.com\/br\/wp-json\/wp\/v2\/posts"}],"about":[{"href":"https:\/\/grandepremio.com\/br\/wp-json\/wp\/v2\/types\/post"}],"replies":[{"embeddable":true,"href":"https:\/\/grandepremio.com\/br\/wp-json\/wp\/v2\/comments?post=86544"}],"version-history":[{"count":0,"href":"https:\/\/grandepremio.com\/br\/wp-json\/wp\/v2\/posts\/86544\/revisions"}],"wp:featuredmedia":[{"embeddable":true,"href":"https:\/\/grandepremio.com\/br\/wp-json\/wp\/v2\/media\/1000645481"}],"wp:attachment":[{"href":"https:\/\/grandepremio.com\/br\/wp-json\/wp\/v2\/media?parent=86544"}],"wp:term":[{"taxonomy":"category","embeddable":true,"href":"https:\/\/grandepremio.com\/br\/wp-json\/wp\/v2\/categories?post=86544"},{"taxonomy":"post_tag","embeddable":true,"href":"https:\/\/grandepremio.com\/br\/wp-json\/wp\/v2\/tags?post=86544"},{"taxonomy":"42wp_author","embeddable":true,"href":"https:\/\/grandepremio.com\/br\/wp-json\/wp\/v2\/42wp_author?post=86544"}],"curies":[{"name":"wp","href":"https:\/\/api.w.org\/{rel}","templated":true}]}}