{"id":86579,"date":"2024-02-29T14:54:38","date_gmt":"2024-02-29T17:54:38","guid":{"rendered":"https:\/\/grandepremio.com\/br\/noticias\/red-bull-se-ve-melhor-ritmo-corrida-bahrein-mas-admite-vai-ser-apertado\/"},"modified":"2024-02-29T15:06:53","modified_gmt":"2024-02-29T18:06:53","slug":"red-bull-se-ve-melhor-ritmo-corrida-bahrein-mas-admite-vai-ser-apertado","status":"publish","type":"post","link":"https:\/\/grandepremio.com\/br\/f1\/red-bull-se-ve-melhor-ritmo-corrida-bahrein-mas-admite-vai-ser-apertado\/","title":{"rendered":"Red Bull se v\u00ea com melhor ritmo de corrida no Bahrein, mas admite: &#8220;Vai ser apertado&#8221;"},"content":{"rendered":"\n<p class=\"wp-block-paragraph\">A <strong>Red Bull<\/strong> n\u00e3o ficou assombrada <a href=\"https:\/\/www.grandepremio.com\/br\/f1\/noticias\/lewis-hamilton-poe-formula-1-alerta-lidera-1-2-mercedes-tl2-gp-do-bahrein-max-verstappen-6\/\">com o primeiro dia estranho que teve <\/a>no <strong>Bahrein<\/strong>. Apesar de ter passado longe do topo da tabela de tempos nos treinos livres desta quinta-feira (29), <strong>Helmut Marko<\/strong>, consultor do time austr\u00edaco, apontou a equipe como ainda a mais forte na simula\u00e7\u00e3o de corrida. De fato, as marcas anotadas apontam para isso.<\/p>\n\n\n\n<p class=\"wp-block-paragraph\">Marko admitiu que n\u00e3o foi um dia t\u00e3o bom quanto na pr\u00e9-temporada, mas ignorou, de forma geral, o fato de <strong>Max Verstappen<\/strong> ter sido sexto e <strong>Sergio P\u00e9rez<\/strong> o d\u00e9cimo quando ambos usaram os pneus macios.<\/p>\n\n\n\n<p class=\"wp-block-paragraph\">&#8220;N\u00e3o foi um dia t\u00e3o f\u00e1cil quanto nos testes, mas n\u00f3s continuamos confiantes. Ainda acho que a <strong>Ferrari <\/strong>vai estar muito forte na classifica\u00e7\u00e3o&#8221;, disse ao site Motorsport-Magazin.com.<\/p>\n\n\n\n<p class=\"wp-block-paragraph\">Para Helmut, al\u00e9m da press\u00e3o que deve rolar na classifica\u00e7\u00e3o, o ritmo de corrida da Red Bull ainda est\u00e1 l\u00e1, mas n\u00e3o com tanta folga quanto aparentava.<\/p>\n\n\n\n<figure class=\"wp-block-image size-large\"><img decoding=\"async\" src=\"https:\/\/www.grandepremio.com\/br\/wp-content\/uploads\/2023\/07\/f1-2023-austria-corrida-redbull-helmutmarko-afp-01-1024x713.jpg\" alt=\"\" class=\"wp-image-703363\"\/><figcaption class=\"wp-element-caption\">Marko n\u00e3o ficou muito assustado com a performance da Red Bull nos treinos livres (Foto: AFP) <\/figcaption><\/figure>\n\n\n\n<p class=\"wp-block-paragraph\">&#8220;Em termos de ritmo de corrida, acho que somos os mais fortes. Mas vai ser tudo apertado&#8221;, completou.<\/p>\n\n\n\n<p class=\"wp-block-paragraph\">Depois de um TL1 focado apenas nos pneus m\u00e9dios, a Red Bull, que venceu 21 das 22 corridas de 2023, teve uma segunda sess\u00e3o tamb\u00e9m discreta, em sexto com Verstappen e no d\u00e9cimo lugar com P\u00e9rez.<\/p>\n\n\n\n<p class=\"wp-block-paragraph\">O&nbsp;<strong>GRANDE PR\u00caMIO<\/strong>&nbsp;acompanha&nbsp;<strong><a href=\"https:\/\/www.grandepremio.com\/br\/ao-vivo\/f1\/\">AO VIVO e EM&nbsp;<\/a><a href=\"https:\/\/www.grandepremio.com\/br\/ao-vivo\/\" target=\"_blank\" rel=\"noreferrer noopener\">TEMPO REAL<\/a><\/strong>&nbsp;todas as atividades do GP do Bahrein de F\u00f3rmula 1 e transmite classifica\u00e7\u00e3o e corrida em segunda tela, em parceria com a Voz do Esporte, na&nbsp;<strong><a href=\"https:\/\/www.youtube.com\/c\/GrandePremioTV\/streams\">GPTV, o canal do GP no Youtube<\/a><\/strong>. Al\u00e9m disso, debate tudo que aconteceu na pista com o&nbsp;<strong>Briefing<\/strong>&nbsp;ap\u00f3s cada dia de atividade. Na sexta-feira, o TL3 abre o dia \u00e0s 9h30 (de Bras\u00edlia, GMT-3), com a classifica\u00e7\u00e3o a partir das 13h. A largada est\u00e1 marcada para as 12h do s\u00e1bado.<\/p>\n\n\n\n<p class=\"wp-block-paragraph\"><strong>Inscreva-se nos dois canais do GRANDE PR\u00caMIO no YouTube:&nbsp;<a href=\"https:\/\/www.youtube.com\/channel\/UC9OlHEgxoaY6QY6nWPoiqQg?sub_confirmation=1\" target=\"_blank\" rel=\"noreferrer noopener\">GP<\/a>&nbsp;|&nbsp;<a href=\"https:\/\/www.youtube.com\/channel\/UC9csiS6q_C3C0FYhyr1rnFA?sub_confirmation=1\" target=\"_blank\" rel=\"noreferrer noopener\">GP2<\/a><br>&nbsp;<a href=\"https:\/\/www.twitch.tv\/grandepremio\" target=\"_blank\" rel=\"noreferrer noopener\">Conhe\u00e7a o canal do GRANDE PR\u00caMIO na Twitch clicando aqui!<\/a><\/strong><\/p>\n\n\n\n<figure class=\"wp-block-embed is-type-video is-provider-youtube wp-block-embed-youtube wp-embed-aspect-16-9 wp-has-aspect-ratio\"><div class=\"wp-block-embed__wrapper\">\n<iframe loading=\"lazy\" title=\"ESCONDEU O JOGO? HAMILTON surpreende e puxa 1-2 da MERCEDES na F1 no BAHREIN | Briefing\" width=\"500\" height=\"281\" src=\"https:\/\/www.youtube.com\/embed\/eC0NzptBoSk?feature=oembed\" frameborder=\"0\" allow=\"accelerometer; autoplay; clipboard-write; encrypted-media; gyroscope; picture-in-picture; web-share\" referrerpolicy=\"strict-origin-when-cross-origin\" allowfullscreen><\/iframe>\n<\/div><\/figure>\n","protected":false},"excerpt":{"rendered":"<p>Consultor da Red Bull, Helmut Marko apontou a Ferrari como uma for\u00e7a em classifica\u00e7\u00e3o, mas ainda v\u00ea o time austr\u00edaco como a grande pot\u00eancia em ritmo de corrida<\/p>\n","protected":false},"author":0,"featured_media":1000782243,"comment_status":"closed","ping_status":"closed","sticky":false,"template":"","format":"standard","meta":{"42wp_featured_image_caption":"","42wp_featured_image_credits":"","42wp_featured_video":"","42wp_featured_image_hidden":false,"42wp_authors_list":[],"footnotes":""},"categories":[2],"tags":[654,20491,309,1667,546,209,5660,211,302,3230,642,176,207,38529,800,26042,1754,3746,119,117,485,547,87,25553,203,90,82,1521,2916,676,25693,204,1756,1197,3132,612,215,597],"42wp_author":[47117],"class_list":["post-86579","post","type-post","status-publish","format-standard","has-post-thumbnail","hentry","category-f1","tag-alexander-albon","tag-alpine","tag-aston-martin","tag-bahrein","tag-carlos-sainz","tag-charles-leclerc","tag-classificacao","tag-daniel-ricciardo","tag-esteban-ocon","tag-f1-2024","tag-f1-ao-vivo","tag-fernando-alonso","tag-ferrari","tag-fim-de-semana-bahrein","tag-george-russell","tag-gp-de-sakhir","tag-gp-do-bahrein","tag-guanyu-zhou","tag-haas","tag-kevin-magnussen","tag-lance-stroll","tag-lando-norris","tag-lewis-hamilton","tag-logan-sargeant","tag-max-verstappen","tag-mclaren","tag-mercedes","tag-nico-hulkenberg","tag-oscar-piastri","tag-pierre-gasly","tag-rb","tag-red-bull","tag-sakhir","tag-sauber","tag-sergio-perez","tag-valtteri-bottas","tag-williams","tag-yuki-tsunoda","42wp_author-gabriel-curty"],"_links":{"self":[{"href":"https:\/\/grandepremio.com\/br\/wp-json\/wp\/v2\/posts\/86579","targetHints":{"allow":["GET"]}}],"collection":[{"href":"https:\/\/grandepremio.com\/br\/wp-json\/wp\/v2\/posts"}],"about":[{"href":"https:\/\/grandepremio.com\/br\/wp-json\/wp\/v2\/types\/post"}],"replies":[{"embeddable":true,"href":"https:\/\/grandepremio.com\/br\/wp-json\/wp\/v2\/comments?post=86579"}],"version-history":[{"count":0,"href":"https:\/\/grandepremio.com\/br\/wp-json\/wp\/v2\/posts\/86579\/revisions"}],"wp:featuredmedia":[{"embeddable":true,"href":"https:\/\/grandepremio.com\/br\/wp-json\/wp\/v2\/media\/1000782243"}],"wp:attachment":[{"href":"https:\/\/grandepremio.com\/br\/wp-json\/wp\/v2\/media?parent=86579"}],"wp:term":[{"taxonomy":"category","embeddable":true,"href":"https:\/\/grandepremio.com\/br\/wp-json\/wp\/v2\/categories?post=86579"},{"taxonomy":"post_tag","embeddable":true,"href":"https:\/\/grandepremio.com\/br\/wp-json\/wp\/v2\/tags?post=86579"},{"taxonomy":"42wp_author","embeddable":true,"href":"https:\/\/grandepremio.com\/br\/wp-json\/wp\/v2\/42wp_author?post=86579"}],"curies":[{"name":"wp","href":"https:\/\/api.w.org\/{rel}","templated":true}]}}