{"id":8672,"date":"2026-05-21T21:10:34","date_gmt":"2026-05-22T00:10:34","guid":{"rendered":"https:\/\/grandepremio.com\/br\/noticias\/valorize-todas-como-foi-vitoria-ultima-corrida-kyle-busch-seis-dias-atras\/"},"modified":"2026-05-21T21:30:08","modified_gmt":"2026-05-22T00:30:08","slug":"valorize-todas-como-foi-vitoria-ultima-corrida-kyle-busch-seis-dias-atras","status":"publish","type":"post","link":"https:\/\/grandepremio.com\/br\/nascar\/valorize-todas-como-foi-vitoria-ultima-corrida-kyle-busch-seis-dias-atras\/","title":{"rendered":"&#8220;Valorize todas&#8221;: como foi a vit\u00f3ria na \u00faltima corrida de Kyle Busch, seis dias atr\u00e1s"},"content":{"rendered":"\n<p class=\"wp-block-paragraph\"><strong>Kyle Busch<\/strong> se despediu das pistas em grande estilo ao vencer a etapa de <strong>Dover <\/strong>da <strong>Nascar Truck Series<\/strong>, neste \u00faltimo fim de semana, e somar a 69\u00aa vit\u00f3ria da carreira na terceira divis\u00e3o da categoria. O lend\u00e1rio piloto e bicampe\u00e3o da <strong>Cup Series<\/strong> <a href=\"https:\/\/www.grandepremio.com\/br\/nascar\/noticias\/bicampeao-e-lenda-da-nascar-kyle-busch-morre-aos-41-anos\/\">morreu apenas seis dias depois<\/a>, nesta quinta-feira (21), depois de ser <a href=\"https:\/\/www.grandepremio.com\/br\/nascar\/noticias\/kyle-busch-hospitalizado-fica-fora-charlotte-600-rcr-escolhe-substituto\/\">internado por conta de uma doen\u00e7a grave<\/a>, segundo comunicado da fam\u00edlia. <\/p>\n\n\n\n<p class=\"wp-block-paragraph\">Para alcan\u00e7ar a vit\u00f3ria no \u00faltimo s\u00e1bado (15), Busch dominou as a\u00e7\u00f5es em Dover ao liderar 147 das 200 voltas da prova. O <strong>#7 <\/strong>da <strong>Spire Motorsports<\/strong> tamb\u00e9m triunfou em ambos os est\u00e1gios da corrida e venceu com uma margem de 3s para o segundo colocado, <strong>Ty Majeski<\/strong>. <\/p>\n\n\n\n<figure class=\"wp-block-embed is-type-video is-provider-youtube wp-block-embed-youtube wp-embed-aspect-16-9 wp-has-aspect-ratio\"><div class=\"wp-block-embed__wrapper\">\n<iframe loading=\"lazy\" title=\"\ud83d\udd34 URGENTE: KYLE BUSCH MORRE AOS 41 ANOS | NA F1, POR QUE QUEREM APOSENTAR HAMILTON? | WGP\" width=\"500\" height=\"281\" src=\"https:\/\/www.youtube.com\/embed\/y5sLEyNTgG8?feature=oembed\" frameborder=\"0\" allow=\"accelerometer; autoplay; clipboard-write; encrypted-media; gyroscope; picture-in-picture; web-share\" referrerpolicy=\"strict-origin-when-cross-origin\" allowfullscreen><\/iframe>\n<\/div><\/figure>\n\n\n\n<p class=\"wp-block-paragraph\">Vale lembrar tamb\u00e9m que essa prova, al\u00e9m de ter marcado a 69\u00aa vit\u00f3ria de Kyle na Truck Series, tamb\u00e9m marcou o retorno da terceira classe da Nascar a Dover, palco que ficou ausente do calend\u00e1rio por seis temporadas. <\/p>\n\n\n\n<p class=\"wp-block-paragraph\">Em pista, o \u00fanico piloto que realmente desafiou Busch foi outro nome regular da Nascar Cup Series, <strong>Ross Chastain<\/strong>, que liderou 49 voltas. Por\u00e9m, atuando em outra janela de paradas, precisou parar nos boxes nas voltas finais para reabastecer depois de uma bela batalha contra Kyle na metade da corrida.<\/p>\n\n\n\n<p class=\"wp-block-paragraph\">Majeski at\u00e9 pressionou Busch nas voltas finais, mas ficou com a segunda coloca\u00e7\u00e3o, igualando o melhor resultado na temporada. <strong>Layne Riggs<\/strong>, da <strong>Front Row<\/strong>, completou o p\u00f3dio em terceiro. <\/p>\n\n\n\n<p class=\"wp-block-paragraph\">Vencedor da etapa anterior, <strong>Kaden Honeycutt<\/strong> fez uma corrida de recupera\u00e7\u00e3o e terminou em quarto com o <strong>Toyota #11<\/strong> da <strong>Tricon Garage<\/strong>, mesmo ap\u00f3s uma puni\u00e7\u00e3o nos boxes nas primeiras voltas da corrida. J\u00e1 <strong>Christopher Bell<\/strong>, outro nome regular da <strong>Cup Series<\/strong>, fechou o top-5.<\/p>\n\n\n\n<p class=\"wp-block-paragraph\">Depois de se curvar ao p\u00fablico com a bandeira quadriculada em m\u00e3os, Busch deu uma entrevista celebrando a vit\u00f3ria que certamente ficar\u00e1 marcada no legado do piloto. <\/p>\n\n\n\n<figure class=\"wp-block-image size-full\"><img decoding=\"async\" src=\"https:\/\/www.grandepremio.com\/br\/wp-content\/uploads\/2026\/05\/NASCAR-2026-DOVER-TRUCK-SERIES-KYLE-BUSCH-2.jpg\" alt=\"\" class=\"wp-image-1089768\"\/><figcaption class=\"wp-element-caption\">\u00daltima vit\u00f3ria de Kyle Busch na Nascar foi no s\u00e1bado (15) (Foto: Nascar)<\/figcaption><\/figure>\n\n\n\n<p class=\"wp-block-paragraph\">\u201cVoc\u00ea nunca sabe quando ser\u00e1 a \u00faltima\u201d, disse Busch sobre aproveitar a vit\u00f3ria e estar j\u00e1 na parte final da carreira. \u201cInfelizmente, sei muito bem disso por causa da situa\u00e7\u00e3o na Cup Series, mas agora, com a Truck, \u00e9 incr\u00edvel fazer parte da Spire Motorsports&#8221;, seguiu. <\/p>\n\n\n\n<p class=\"wp-block-paragraph\">\u201cTenho certeza de que ficou bonito l\u00e1 na frente, liderando a corrida. N\u00e3o era s\u00f3 Kyle Larson fazendo isso. \u00c9 bom ter outro Kyle capaz de fazer o mesmo e nos colocar na ponta. Adoro correr em Dover, sempre foi um dos meus lugares favoritos&#8221;, comentou Busch. <\/p>\n\n\n\n<p class=\"wp-block-paragraph\">\u201cCom certeza houve bastante gerenciamento de combust\u00edvel e tamb\u00e9m dos pneus. Foi uma batalha estrat\u00e9gica interessante do ponto de vista do piloto. Obrigado aos f\u00e3s e a todas as pessoas por estarem aqui. No fim das contas, \u00e9 preciso ter muitas pessoas incr\u00edveis ao seu lado e trabalhando com voc\u00ea. \u00c9 divertido, e eu quero continuar fazendo isso&#8221;, finalizou o bicampe\u00e3o da Nascar. <\/p>\n\n\n\n<p class=\"wp-block-paragraph\"><strong>Leia tamb\u00e9m:\u00a0<a href=\"https:\/\/www.grandepremio.com\/br\/nascar\/noticias\/nos-te-amamos-kb-esporte-motor-reage-morte-kyle-busch-lenda-nascar\/\">\u201cN\u00f3s te amamos, KB\u201d: esporte a motor reage \u00e0 morte de Kyle Busch, lenda da Nascar<\/a><\/strong><\/p>\n","protected":false},"excerpt":{"rendered":"<p>Kyle Busch, que morreu nesta quinta-feira (21), venceu a etapa mais recente da Truck Series neste \u00faltimo fim de semana, em Dover. O piloto \u00e9 o maior vencedor da hist\u00f3ria nas tr\u00eas divis\u00f5es principais da Nascar somadas<\/p>\n","protected":false},"author":0,"featured_media":1001089752,"comment_status":"closed","ping_status":"closed","sticky":false,"template":"","format":"standard","meta":{"42wp_featured_image_caption":"","42wp_featured_image_credits":"","42wp_featured_video":"","42wp_featured_image_hidden":false,"42wp_authors_list":[],"footnotes":""},"categories":[14],"tags":[32484,32751,1491,28285,2552,2555,93,1253,411,42504,27712,45589,45598,3200,45590,25035],"42wp_author":[47162],"class_list":["post-8672","post","type-post","status-publish","format-standard","has-post-thumbnail","hentry","category-nascar","tag-calendario-nascar","tag-classificacao-nascar","tag-grande-premio","tag-grandepremio","tag-ims","tag-indianapolis-motor-speedway","tag-indy","tag-kyle-busch","tag-nascar","tag-nascar-2026","tag-nascar-cup-series","tag-nascar-cup-series-2026","tag-nascar-hoje","tag-playoffs-nascar","tag-temporada-2026-da-nascar","tag-tragedia","42wp_author-giovani-danjo"],"_links":{"self":[{"href":"https:\/\/grandepremio.com\/br\/wp-json\/wp\/v2\/posts\/8672","targetHints":{"allow":["GET"]}}],"collection":[{"href":"https:\/\/grandepremio.com\/br\/wp-json\/wp\/v2\/posts"}],"about":[{"href":"https:\/\/grandepremio.com\/br\/wp-json\/wp\/v2\/types\/post"}],"replies":[{"embeddable":true,"href":"https:\/\/grandepremio.com\/br\/wp-json\/wp\/v2\/comments?post=8672"}],"version-history":[{"count":0,"href":"https:\/\/grandepremio.com\/br\/wp-json\/wp\/v2\/posts\/8672\/revisions"}],"wp:featuredmedia":[{"embeddable":true,"href":"https:\/\/grandepremio.com\/br\/wp-json\/wp\/v2\/media\/1001089752"}],"wp:attachment":[{"href":"https:\/\/grandepremio.com\/br\/wp-json\/wp\/v2\/media?parent=8672"}],"wp:term":[{"taxonomy":"category","embeddable":true,"href":"https:\/\/grandepremio.com\/br\/wp-json\/wp\/v2\/categories?post=8672"},{"taxonomy":"post_tag","embeddable":true,"href":"https:\/\/grandepremio.com\/br\/wp-json\/wp\/v2\/tags?post=8672"},{"taxonomy":"42wp_author","embeddable":true,"href":"https:\/\/grandepremio.com\/br\/wp-json\/wp\/v2\/42wp_author?post=8672"}],"curies":[{"name":"wp","href":"https:\/\/api.w.org\/{rel}","templated":true}]}}