{"id":8673,"date":"2026-05-21T20:50:46","date_gmt":"2026-05-21T23:50:46","guid":{"rendered":"https:\/\/grandepremio.com\/br\/noticias\/todos-estao-coracao-partido-indy-ims-prestam-homenagem-kyle-busch\/"},"modified":"2026-05-21T20:57:09","modified_gmt":"2026-05-21T23:57:09","slug":"todos-estao-coracao-partido-indy-ims-prestam-homenagem-kyle-busch","status":"publish","type":"post","link":"https:\/\/grandepremio.com\/br\/nascar\/todos-estao-coracao-partido-indy-ims-prestam-homenagem-kyle-busch\/","title":{"rendered":"&#8220;Todos est\u00e3o de cora\u00e7\u00e3o partido&#8221;: Indy e IMS prestam homenagem a Kyle Busch"},"content":{"rendered":"\n<p class=\"wp-block-paragraph\">\u00c0s v\u00e9speras do fim de semana mais importante do ano, o esporte a motor dos <strong>Estados Unidos<\/strong> foi <strong><a href=\"https:\/\/www.grandepremio.com\/br\/nascar\/noticias\/kyle-busch-bicampeao-lenda-nascar-morre-41-anos\/\">abalado com a not\u00edcia da morte<\/a><\/strong> de <strong>Kyle Busch<\/strong>, lenda viva da <strong>Nascar<\/strong>, aos 41 anos de idade. A confirma\u00e7\u00e3o veio no come\u00e7o da noite desta quinta-feira (21) e precedeu uma enxurrada de homenagens. Como a do <strong>Indianapolis Motor Speedway (IMS)<\/strong> e da <strong>Indy<\/strong>, por exemplo.<\/p>\n\n\n\n<p class=\"wp-block-paragraph\"><strong>J. Douglas Boles<\/strong>, presidente tanto da categoria quanto do aut\u00f3dromo, assinou um comunicado de imprensa em que elencou a rela\u00e7\u00e3o de Busch com o Speedway, que sedia a Indy 500 neste fim de semana. Entre as mais de 200 vit\u00f3rias nas tr\u00eas classes, n\u00famero que faz dele recordista hist\u00f3rico da Nascar, Kyle venceu seis vezes em Indian\u00e1polis. Logo ap\u00f3s a not\u00edcia, o IMS estampou uma homenagem a Busch no totem posicionado na reta principal.<\/p>\n\n\n\n<figure class=\"wp-block-embed is-type-video is-provider-youtube wp-block-embed-youtube wp-embed-aspect-16-9 wp-has-aspect-ratio\"><div class=\"wp-block-embed__wrapper\">\n<iframe loading=\"lazy\" title=\"\ud83d\udd34 URGENTE: KYLE BUSCH MORRE AOS 41 ANOS | NA F1, POR QUE QUEREM APOSENTAR HAMILTON? | WGP\" width=\"500\" height=\"281\" src=\"https:\/\/www.youtube.com\/embed\/y5sLEyNTgG8?feature=oembed\" frameborder=\"0\" allow=\"accelerometer; autoplay; clipboard-write; encrypted-media; gyroscope; picture-in-picture; web-share\" referrerpolicy=\"strict-origin-when-cross-origin\" allowfullscreen><\/iframe>\n<\/div><figcaption class=\"wp-element-caption\">URGENTE: KYLE BUSCH MORRE AOS 41 ANOS | NA F1, POR QUE QUEREM APOSENTAR HAMILTON? | WGP<\/figcaption><\/figure>\n\n\n\n<p class=\"wp-block-paragraph\">\u201cTodos no Indianapolis Motor Speedway est\u00e3o de cora\u00e7\u00e3o partido com a not\u00edcia do falecimento de Kyle Busch&#8221;, declarou.<\/p>\n\n\n\n<p class=\"wp-block-paragraph\">&#8220;Kyle foi um dos pilotos mais dominantes da hist\u00f3ria do IMS, com destaque para as vit\u00f3rias consecutivas na Brickyard 400 da NASCAR Cup Series em 2015 e 2016, fazendo hist\u00f3ria ao vencer as duas corridas da Cup Series e da NASCAR O\u2019Reilly Auto Parts Series nesses anos&#8221;, continuou.<\/p>\n\n\n\n<p class=\"wp-block-paragraph\">&#8220;Ele conquistou um recorde de quatro vit\u00f3rias na O\u2019Reilly Series na Capital Mundial do Automobilismo e fez sua 700\u00aa largada na Cup Series na 30\u00aa edi\u00e7\u00e3o da Brickyard 400 em 2024 no IMS \u2013 um marco significativo em sua carreira. Era um dos favoritos dos f\u00e3s, amado por seu esp\u00edrito competitivo e paix\u00e3o. Kyle entendia o que significa correr e vencer em Indian\u00e1polis&#8221;, comentou.<\/p>\n\n\n\n<p class=\"wp-block-paragraph\">&#8220;Nossos pensamentos e mais profundas condol\u00eancias est\u00e3o com sua esposa, Samantha, seus filhos Brexton e Lennix, toda a fam\u00edlia Busch, a Richard Childress Racing e toda a fam\u00edlia NASCAR\u201d, encerrou.<\/p>\n\n\n\n<p class=\"wp-block-paragraph\">Kyle deixa a mulher, Samantha, e os filhos Brexton e Lennix.<\/p>\n\n\n\n<p class=\"wp-block-paragraph\">\u25b6\ufe0f <strong>Inscreva-se nos dois canais do GRANDE PR\u00caMIO no YouTube:\u00a0<a href=\"https:\/\/www.youtube.com\/channel\/UC9OlHEgxoaY6QY6nWPoiqQg?sub_confirmation=1\">GP<\/a>\u00a0|\u00a0<a href=\"https:\/\/www.youtube.com\/channel\/UC9csiS6q_C3C0FYhyr1rnFA?sub_confirmation=1\">GPTV<\/a><\/strong><\/p>\n\n\n\n<h2 class=\"wp-block-heading\" id=\"h-a-morte-de-kyle-busch-as-ultimas-noticias\"><strong>A morte de Kyle Busch: as \u00faltimas not\u00edcias<\/strong><\/h2>\n\n\n\n<p class=\"wp-block-paragraph\"><strong>+ <a href=\"https:\/\/www.grandepremio.com\/br\/nascar\/noticias\/joe-gibbs-racing-despede-kyle-busch-impacto-jamais-sera-esquecido\/\">Joe Gibbs Racing se despede de Kyle Busch: \u201cImpacto jamais ser\u00e1 esquecido\u201d<\/a><br>+ <a href=\"https:\/\/www.grandepremio.com\/br\/nascar\/noticias\/f1-lamenta-morte-kyle-busch-um-verdadeiro-competidor-campeao\/\">F1 lamenta morte de Kyle Busch: \u201cUm verdadeiro competidor e campe\u00e3o\u201d<\/a><br>+\u00a0<a href=\"https:\/\/www.grandepremio.com\/br\/nascar\/noticias\/nos-te-amamos-kb-esporte-motor-reage-morte-kyle-busch-lenda-nascar\/\">\u201cN\u00f3s te amamos, KB\u201d: esporte a motor reage \u00e0 morte de Kyle Busch, lenda da Nascar<\/a><br>+\u00a0<a href=\"https:\/\/www.grandepremio.com\/br\/nascar\/noticias\/nascar-lamenta-morte-kyle-busch-perdemos-gigante-cedo-demais\/\">Nascar lamenta morte de Kyle Busch: \u201cPerdemos um gigante cedo demais\u201d<\/a><br>+ <a href=\"https:\/\/www.grandepremio.com\/br\/nascar\/noticias\/kyle-busch-bicampeao-lenda-nascar-morre-41-anos\/\">Kyle Busch, bicampe\u00e3o e lenda da Nascar, morre aos 41 anos<\/a><\/strong><\/p>\n","protected":false},"excerpt":{"rendered":"<p>Um dos pilotos de curr\u00edculo mais laureado da hist\u00f3ria da Nascar, Kyle Busch morreu nesta quinta-feira (21). Indianapolis Motor Speedway e Indy prestaram tributo<\/p>\n","protected":false},"author":0,"featured_media":1001089728,"comment_status":"closed","ping_status":"closed","sticky":false,"template":"","format":"standard","meta":{"42wp_featured_image_caption":"","42wp_featured_image_credits":"","42wp_featured_video":"","42wp_featured_image_hidden":false,"42wp_authors_list":[],"footnotes":""},"categories":[14],"tags":[32484,32751,1491,28285,2552,2555,93,1253,411,42504,27712,45589,45598,3200,45590,25035],"42wp_author":[47120],"class_list":["post-8673","post","type-post","status-publish","format-standard","has-post-thumbnail","hentry","category-nascar","tag-calendario-nascar","tag-classificacao-nascar","tag-grande-premio","tag-grandepremio","tag-ims","tag-indianapolis-motor-speedway","tag-indy","tag-kyle-busch","tag-nascar","tag-nascar-2026","tag-nascar-cup-series","tag-nascar-cup-series-2026","tag-nascar-hoje","tag-playoffs-nascar","tag-temporada-2026-da-nascar","tag-tragedia","42wp_author-pedro-henrique-marum"],"_links":{"self":[{"href":"https:\/\/grandepremio.com\/br\/wp-json\/wp\/v2\/posts\/8673","targetHints":{"allow":["GET"]}}],"collection":[{"href":"https:\/\/grandepremio.com\/br\/wp-json\/wp\/v2\/posts"}],"about":[{"href":"https:\/\/grandepremio.com\/br\/wp-json\/wp\/v2\/types\/post"}],"replies":[{"embeddable":true,"href":"https:\/\/grandepremio.com\/br\/wp-json\/wp\/v2\/comments?post=8673"}],"version-history":[{"count":0,"href":"https:\/\/grandepremio.com\/br\/wp-json\/wp\/v2\/posts\/8673\/revisions"}],"wp:featuredmedia":[{"embeddable":true,"href":"https:\/\/grandepremio.com\/br\/wp-json\/wp\/v2\/media\/1001089728"}],"wp:attachment":[{"href":"https:\/\/grandepremio.com\/br\/wp-json\/wp\/v2\/media?parent=8673"}],"wp:term":[{"taxonomy":"category","embeddable":true,"href":"https:\/\/grandepremio.com\/br\/wp-json\/wp\/v2\/categories?post=8673"},{"taxonomy":"post_tag","embeddable":true,"href":"https:\/\/grandepremio.com\/br\/wp-json\/wp\/v2\/tags?post=8673"},{"taxonomy":"42wp_author","embeddable":true,"href":"https:\/\/grandepremio.com\/br\/wp-json\/wp\/v2\/42wp_author?post=8673"}],"curies":[{"name":"wp","href":"https:\/\/api.w.org\/{rel}","templated":true}]}}