{"id":8674,"date":"2026-05-21T20:05:26","date_gmt":"2026-05-21T23:05:26","guid":{"rendered":"https:\/\/grandepremio.com\/br\/noticias\/joe-gibbs-racing-despede-kyle-busch-impacto-jamais-sera-esquecido\/"},"modified":"2026-05-21T20:56:42","modified_gmt":"2026-05-21T23:56:42","slug":"joe-gibbs-racing-despede-kyle-busch-impacto-jamais-sera-esquecido","status":"publish","type":"post","link":"https:\/\/grandepremio.com\/br\/nascar\/joe-gibbs-racing-despede-kyle-busch-impacto-jamais-sera-esquecido\/","title":{"rendered":"Joe Gibbs Racing se despede de Kyle Busch: \u201cImpacto jamais ser\u00e1 esquecido\u201d"},"content":{"rendered":"\n<p class=\"wp-block-paragraph\">A <strong>Joe Gibbs Racing<\/strong> se manifestou sobre a morte de <strong>Kyle Busch<\/strong>, que <a href=\"https:\/\/www.grandepremio.com\/br\/nascar\/noticias\/bicampeao-e-lenda-da-nascar-kyle-busch-morre-aos-41-anos\/\">chocou o mundo do esporte a motor nesta quinta-feira (21)<\/a>. Equipe que o levou ao bicampeonato da <strong>Nascar<\/strong>, em 2015 e 2019, a forma\u00e7\u00e3o comandada por <strong>Joe Gibbs<\/strong> destacou tanto o legado esportivo quanto o lado humano do piloto.<\/p>\n\n\n\n<p class=\"wp-block-paragraph\">Em nota publicada nas redes sociais, a organiza\u00e7\u00e3o afirmou estar \u201cde cora\u00e7\u00e3o partido\u201d pela perda e enviou condol\u00eancias \u00e0 esposa Samantha, aos filhos Brexton e Lennix e toda a fam\u00edlia Busch. A equipe tamb\u00e9m ressaltou a import\u00e2ncia de Kyle na hist\u00f3ria recente da Nascar.<\/p>\n\n\n\n<figure class=\"wp-block-embed is-type-video is-provider-youtube wp-block-embed-youtube wp-embed-aspect-16-9 wp-has-aspect-ratio\"><div class=\"wp-block-embed__wrapper\">\n<iframe loading=\"lazy\" title=\"\ud83d\udd34 URGENTE: KYLE BUSCH MORRE AOS 41 ANOS | NA F1, POR QUE QUEREM APOSENTAR HAMILTON? | WGP\" width=\"500\" height=\"281\" src=\"https:\/\/www.youtube.com\/embed\/y5sLEyNTgG8?feature=oembed\" frameborder=\"0\" allow=\"accelerometer; autoplay; clipboard-write; encrypted-media; gyroscope; picture-in-picture; web-share\" referrerpolicy=\"strict-origin-when-cross-origin\" allowfullscreen><\/iframe>\n<\/div><\/figure>\n\n\n\n<p class=\"wp-block-paragraph\">&#8220;Estamos de cora\u00e7\u00e3o partido por Samantha, Breton, Lennix e toda a fam\u00edlia Busch. Kyle era um competidor feroz, um companheiro de equipe incr\u00edvel e, mais importante ainda, um marido, pai e filho dedicado. O impacto dele na nossa organiza\u00e7\u00e3o e no esporte da Nascar jamais ser\u00e1 esquecido&#8221;, escreveu a equipe.<\/p>\n\n\n\n<p class=\"wp-block-paragraph\">&#8220;Neste momento inimagin\u00e1vel, todos da Joe Gibbs Racing e da fam\u00edlia Gibbs est\u00e3o em ora\u00e7\u00e3o pela fam\u00edlia Busch&#8221;, finalizou.<\/p>\n\n\n\n<figure class=\"wp-block-image size-full\"><img decoding=\"async\" src=\"https:\/\/www.grandepremio.com\/br\/wp-content\/uploads\/2021\/05\/KyleBuschToyota.jpg\" alt=\"KYLE BUSCH; NASCAR; KANSAS;\" class=\"wp-image-470595\"\/><figcaption class=\"wp-element-caption\">Kyle Busch viveu o momento mais vitorioso da carreira pela Joe Gibbs Racing (Foto: Toyota)<\/figcaption><\/figure>\n\n\n\n<p class=\"wp-block-paragraph\">Kyle morreu aos 41 anos de idade. Bicampe\u00e3o da Cup Series, ele foi internado durante a semana e ficaria de fora da Charlotte 600, etapa que acontece no pr\u00f3ximo domingo (24). No in\u00edcio da noite desta quinta-feira, a Nascar e a fam\u00edlia do piloto comunicaram a morte.<\/p>\n\n\n\n<p class=\"wp-block-paragraph\">Com uma carreira de 25 anos na Nascar, Busch foi um dos pilotos mais populares dos Estados Unidos, com t\u00edtulos da Cup Series em 2015 e 2019. Com 63 vit\u00f3rias, \u00e9 o nono maior vencedor da hist\u00f3ria da classe principal da Nascar, que tamb\u00e9m o elegeu como um dos 75 maiores pilotos da hist\u00f3ria em 2023.<\/p>\n","protected":false},"excerpt":{"rendered":"<p>Equipe pela qual Kyle Busch conquistou dois t\u00edtulos na Nascar, em 2015 e 2019, Joe Gibbs Racing exaltou legado do piloto e enviou condol\u00eancias \u00e0 fam\u00edlia<\/p>\n","protected":false},"author":0,"featured_media":1001089694,"comment_status":"closed","ping_status":"closed","sticky":false,"template":"","format":"standard","meta":{"42wp_featured_image_caption":"","42wp_featured_image_credits":"","42wp_featured_video":"","42wp_featured_image_hidden":false,"42wp_authors_list":[],"footnotes":""},"categories":[14],"tags":[32484,32751,1491,28285,5219,1253,411,42504,27712,45589,45598,3200,45590,25035],"42wp_author":[47164],"class_list":["post-8674","post","type-post","status-publish","format-standard","has-post-thumbnail","hentry","category-nascar","tag-calendario-nascar","tag-classificacao-nascar","tag-grande-premio","tag-grandepremio","tag-joe-gibbs","tag-kyle-busch","tag-nascar","tag-nascar-2026","tag-nascar-cup-series","tag-nascar-cup-series-2026","tag-nascar-hoje","tag-playoffs-nascar","tag-temporada-2026-da-nascar","tag-tragedia","42wp_author-marcos-gil-ribeiro"],"_links":{"self":[{"href":"https:\/\/grandepremio.com\/br\/wp-json\/wp\/v2\/posts\/8674","targetHints":{"allow":["GET"]}}],"collection":[{"href":"https:\/\/grandepremio.com\/br\/wp-json\/wp\/v2\/posts"}],"about":[{"href":"https:\/\/grandepremio.com\/br\/wp-json\/wp\/v2\/types\/post"}],"replies":[{"embeddable":true,"href":"https:\/\/grandepremio.com\/br\/wp-json\/wp\/v2\/comments?post=8674"}],"version-history":[{"count":0,"href":"https:\/\/grandepremio.com\/br\/wp-json\/wp\/v2\/posts\/8674\/revisions"}],"wp:featuredmedia":[{"embeddable":true,"href":"https:\/\/grandepremio.com\/br\/wp-json\/wp\/v2\/media\/1001089694"}],"wp:attachment":[{"href":"https:\/\/grandepremio.com\/br\/wp-json\/wp\/v2\/media?parent=8674"}],"wp:term":[{"taxonomy":"category","embeddable":true,"href":"https:\/\/grandepremio.com\/br\/wp-json\/wp\/v2\/categories?post=8674"},{"taxonomy":"post_tag","embeddable":true,"href":"https:\/\/grandepremio.com\/br\/wp-json\/wp\/v2\/tags?post=8674"},{"taxonomy":"42wp_author","embeddable":true,"href":"https:\/\/grandepremio.com\/br\/wp-json\/wp\/v2\/42wp_author?post=8674"}],"curies":[{"name":"wp","href":"https:\/\/api.w.org\/{rel}","templated":true}]}}