{"id":8679,"date":"2026-05-21T18:48:11","date_gmt":"2026-05-21T21:48:11","guid":{"rendered":"https:\/\/grandepremio.com\/br\/noticias\/kyle-busch-bicampeao-lenda-nascar-morre-41-anos\/"},"modified":"2026-05-23T12:52:05","modified_gmt":"2026-05-23T15:52:05","slug":"kyle-busch-bicampeao-lenda-nascar-morre-41-anos","status":"publish","type":"post","link":"https:\/\/grandepremio.com\/br\/nascar\/kyle-busch-bicampeao-lenda-nascar-morre-41-anos\/","title":{"rendered":"Kyle Busch, bicampe\u00e3o e lenda da Nascar, morre aos 41 anos"},"content":{"rendered":"\n<p class=\"wp-block-paragraph\">Bicampe\u00e3o da <strong>Nascar Cup Series, Kyle Busch<\/strong> morreu, nesta quinta-feira (21), aos 41 anos de idade. A not\u00edcia da morte foi confirmada pela pr\u00f3pria categoria. O piloto tinha dado entrada no hospital por motivos desconhecidos durante a semana e acabou falecendo, ainda sem causa divulgada.<\/p>\n\n\n\n<p class=\"wp-block-paragraph\">Na \u00faltima etapa da Cup Series que disputou, em Watkins Glen, no \u00faltimo dia 10, Busch pediu por atendimento m\u00e9dico ao fim da corrida pelo r\u00e1dio. O rep\u00f3rter Mike Joy, da Fox Sports, informou durante a transmiss\u00e3o que Kyle lidava com uma gripe durante a semana da prova, e que mencionou que precisaria tomar uma inje\u00e7\u00e3o. No domingo passado (17), Kyle venceu uma etapa da Truck Series em Dover, que foi a 69\u00aa da carreira unindo as tr\u00eas classes da Nascar.<\/p>\n\n\n\n<figure class=\"wp-block-embed is-type-video is-provider-youtube wp-block-embed-youtube wp-embed-aspect-16-9 wp-has-aspect-ratio\"><div class=\"wp-block-embed__wrapper\">\n<iframe loading=\"lazy\" title=\"\ud83d\udd34 URGENTE: KYLE BUSCH MORRE AOS 41 ANOS | NA F1, POR QUE QUEREM APOSENTAR HAMILTON? | WGP\" width=\"500\" height=\"281\" src=\"https:\/\/www.youtube.com\/embed\/y5sLEyNTgG8?feature=oembed\" frameborder=\"0\" allow=\"accelerometer; autoplay; clipboard-write; encrypted-media; gyroscope; picture-in-picture; web-share\" referrerpolicy=\"strict-origin-when-cross-origin\" allowfullscreen><\/iframe>\n<\/div><\/figure>\n\n\n\n<p class=\"wp-block-paragraph\">Nesta quinta-feira, a <a href=\"https:\/\/www.grandepremio.com\/br\/nascar\/noticias\/kyle-busch-hospitalizado-fica-fora-charlotte-600-rcr-escolhe-substituto\/\">Richard Childress Racing anunciou que Busch n\u00e3o disputaria a Charlotte 600<\/a>, que acontece neste domingo (24), ap\u00f3s ser hospitalizado com uma &#8220;doen\u00e7a severa&#8221;, sem dar mais detalhes, e comunicou que Austin Hill seria o substituto no carro #8. Segundo informa\u00e7\u00e3o da Associated Press, Busch foi encontrado inconsciente ap\u00f3s fazer uma sess\u00e3o de simulador na sede da RCR.<\/p>\n\n\n\n<p class=\"wp-block-paragraph\">&#8220;Toda a fam\u00edlia da Nascar est\u00e1 de cora\u00e7\u00e3o partido com a perda de Kyle Busch&#8221;, publicou a categoria em nota oficial.<\/p>\n\n\n\n<p class=\"wp-block-paragraph\">&#8220;Futuro integrante do Hall da Fama, Kyle era um talento raro, daqueles que aparecem apenas uma vez por gera\u00e7\u00e3o. Era feroz, apaixonado, extremamente habilidoso e se importava profundamente com o esporte e com os f\u00e3s. Ao longo de uma carreira que durou mais de duas d\u00e9cadas, Kyle estabeleceu recordes de vit\u00f3rias em categorias nacionais, conquistou t\u00edtulos no mais alto n\u00edvel da Nascar e ajudou a desenvolver a pr\u00f3xima gera\u00e7\u00e3o de pilotos como propriet\u00e1rio na Truck Series. Seu humor afiado e esp\u00edrito competitivo criaram uma forte conex\u00e3o emocional com f\u00e3s de todas as idades, formando a orgulhosa e leal \u2018Rowdy Nation\u2019&#8221;, seguiu a Nascar.<\/p>\n\n\n\n<figure class=\"wp-block-image size-full\"><img decoding=\"async\" src=\"https:\/\/www.grandepremio.com\/br\/wp-content\/uploads\/2026\/05\/imagem_2026-05-21_123854811.png\" alt=\"\" class=\"wp-image-1089453\"\/><figcaption class=\"wp-element-caption\">Kyle Busch (Foto: Nascar)<\/figcaption><\/figure>\n\n\n\n<p class=\"wp-block-paragraph\">&#8220;Nossos pensamentos est\u00e3o com Samantha, Brexton e Lennix, com os pais de Kyle e Samantha, com Kurt e toda a fam\u00edlia Busch, Richard e Judy Childress, todos da Richard Childress Racing, al\u00e9m dos companheiros de equipe, amigos e f\u00e3s. A Nascar perdeu hoje um gigante do esporte, cedo demais. Durante este momento extremamente dif\u00edcil, pedimos a todos que respeitem a privacidade da fam\u00edlia e continuem mantendo-os em seus pensamentos e ora\u00e7\u00f5es. Novas atualiza\u00e7\u00f5es ser\u00e3o compartilhadas quando apropriado&#8221;, finalizou a categoria.<\/p>\n\n\n\n<p class=\"wp-block-paragraph\">A Indy tamb\u00e9m soltou uma nota com uma fala do presidente, Doug Boles.<\/p>\n\n\n\n<p class=\"wp-block-paragraph\">&#8220;Todos no Indianapolis Motor Speedway est\u00e3o de cora\u00e7\u00e3o partido com a not\u00edcia do falecimento de Kyle Busch. Kyle foi um dos pilotos mais dominantes da hist\u00f3ria do IMS, com destaque para as vit\u00f3rias consecutivas na Brickyard 400 da NASCAR Cup Series em 2015 e 2016, fazendo hist\u00f3ria ao vencer as duas corridas da Cup Series e da NASCAR O&#8217;Reilly Auto Parts Series nesses anos. Ele conquistou um recorde de quatro vit\u00f3rias na O&#8217;Reilly Series na Capital Mundial do Automobilismo e fez sua 700\u00aa largada na Cup Series na 30\u00aa edi\u00e7\u00e3o da Brickyard 400 em 2024 no IMS \u2013 um marco significativo em sua carreira. Ele era um dos favoritos dos f\u00e3s, amado por seu esp\u00edrito competitivo e paix\u00e3o. Ele entendia o que significa correr e vencer em Indian\u00e1polis. Nossos pensamentos e mais profundas condol\u00eancias est\u00e3o com sua esposa, Samantha, seus filhos Brexton e Lennix, toda a fam\u00edlia Busch, a Richard Childress Racing e toda a fam\u00edlia NASCAR.&#8221;<\/p>\n\n\n\n<figure class=\"wp-block-image size-full\"><img decoding=\"async\" src=\"https:\/\/www.grandepremio.com\/br\/wp-content\/uploads\/2023\/04\/Busch.jpg\" alt=\"\" class=\"wp-image-674716\"\/><figcaption class=\"wp-element-caption\">Kyle Busch  (Foto: Nascar)<\/figcaption><\/figure>\n\n\n\n<p class=\"wp-block-paragraph\">Kyle Thomas Busch nasceu em Las Vegas, Nevada, nos Estados Unidos no dia 2 de maio de 1985. Iniciou a carreira no kart, mas rapidamente fez a transi\u00e7\u00e3o para os carros, nos populares bullring, com 13 anos de idade. Em 2001, fez a estreia na Nascar correndo pela Truck Series com a caminhonete #99 da Roush Racing, terminando a prova do oval de Brownsburg na oitava posi\u00e7\u00e3o.<\/p>\n\n\n\n<p class=\"wp-block-paragraph\">A precocidade de Kyle na Nascar rapidamente levou a uma pol\u00eamica, quando foi impedido de participar de uma etapa da Truck Series em Fontana por conta de uma lei que proibia menores de 18 anos de idade de competir em eventos esportivos patrocinados por marca de cigarro.<\/p>\n\n\n\n<p class=\"wp-block-paragraph\">Depois de passagens pela ASA e a ARCA Series, retornou para a Nascar em 2003, fazendo participa\u00e7\u00f5es espor\u00e1dicas na Busch Series (hoje O&#8217;Reilly Series) pela Hendrick Motorsport, equipe onde venceu corridas no ano seguinte e terminou com o vice-campeonato, aos 19 anos de idade.<\/p>\n\n\n\n<p class=\"wp-block-paragraph\">No ano seguinte, ainda pela Hendrick, subiu de forma permanente para a Cup Series, onde aos 20 anos, 4 meses e 2 dias, venceu a etapa de Fontana, se tornando o mais jovem vencedor da hist\u00f3ria do campeonato. Terminando na 20\u00aa posi\u00e7\u00e3o, recebeu o t\u00edtulo de &#8216;Novato do Ano&#8217;<\/p>\n\n\n\n<p class=\"wp-block-paragraph\">Em 2006, participou do Chase pela primeira vez. E dois anos depois, surpreendeu ao anunciar sa\u00edda da equipe para se juntar a Joe Gibbs Racing, no carro #18. Por l\u00e1, foi figura frequente no Victory Lane e com participa\u00e7\u00f5es no Chase, ainda sem conquistar o t\u00edtulo na classe principal. Em 2009, levantou a ta\u00e7a na Nationwide Series.<\/p>\n\n\n\n<figure class=\"wp-block-image size-full\"><img decoding=\"async\" src=\"https:\/\/www.grandepremio.com\/br\/wp-content\/uploads\/2021\/05\/KyleBuschToyota.jpg\" alt=\"KYLE BUSCH; NASCAR; KANSAS;\" class=\"wp-image-470595\"\/><figcaption class=\"wp-element-caption\">Kyle Busch  (Foto: Toyota)<\/figcaption><\/figure>\n\n\n\n<p class=\"wp-block-paragraph\">Correndo em uma etapa da Xfinity Series em 2015, Kyle sofreu fraturas na perna, no p\u00e9 e no dedo ap\u00f3s um forte acidente, que o deixou afastado por quatro meses. Por\u00e9m, garantiu uma exce\u00e7\u00e3o m\u00e9dica da Nascar e retornou para a Cup Series, onde se classificou para o Chase com duas corridas restantes. Ele chegou na decis\u00e3o do campeonato em Homestead, na Fl\u00f3rida, onde venceu e saiu com o t\u00edtulo pela primeira vez, mesmo competindo em apenas 25 das 36 corridas do calend\u00e1rio.<\/p>\n\n\n\n<p class=\"wp-block-paragraph\">Em 2018, foi o melhor piloto da temporada regular e chegou na final pelo quarto ano seguido, mas n\u00e3o saiu com a ta\u00e7a. A reden\u00e7\u00e3o veio no ano seguinte: mais uma vez com a melhor campanha da primeira fase. E ao chegar ao Championship 4, venceu o t\u00edtulo mais uma vez.<\/p>\n\n\n\n<p class=\"wp-block-paragraph\">Nos anos seguintes, Busch seguiu vencendo corridas e alcan\u00e7ando os playoffs, mas com dificuldades na reta final para alcan\u00e7ar o Championship 4 e sonhar com o terceiro campeonato. Em setembro de 2022, anunciou a sa\u00edda da Joe Gibbs para fechar com a Richard Childress Racing, onde pilotaria o #8.<\/p>\n\n\n\n<p class=\"wp-block-paragraph\">Apesar de um pequeno sucesso no primeiro ano, com tr\u00eas vit\u00f3rias e a classifica\u00e7\u00e3o aos playoffs, Busch passou a figurar mais no pelot\u00e3o intermedi\u00e1rio, sem brigar por titulo. Um \u00faltimo brilho na Cup Series foi a pole das 500 Milhas de Daytona de 2026, que abriu a temporada, onde terminou em 15\u00ba.<\/p>\n\n\n\n<p class=\"wp-block-paragraph\">Ao total, &#8220;Rowdy&#8221; Kyle encerrou a carreira com 762 corridas disputadas na Cup Series, com 63 vit\u00f3rias, 35 poles e 395 top-10. Tamb\u00e9m venceu 102 provas na O&#8217;Reilly Series e outras 69 na Truck, se tornando o maior vencedor unificado da hist\u00f3ria da Nascar, que o elegeu como um dos 75 maiores pilotos da hist\u00f3ria em 2023.<\/p>\n\n\n\n<p class=\"wp-block-paragraph\">Ap\u00f3s conquistar a vit\u00f3ria na Truck Series em Dover, Busch foi questionado sobre quantas corridas ele gostaria de vencer antes de se aposentar. &#8220;Voc\u00ea aproveita todas as oportunidades, cara&#8221;, disse Busch. &#8220;Voc\u00ea nunca sabe quando ser\u00e1 a \u00faltima, ent\u00e3o valorize todas elas \u2014 acredite em mim&#8221;, completou.<\/p>\n\n\n\n<p class=\"wp-block-paragraph\">Kyle deixa a mulher, Samantha, e os filhos Brexton e Lennix.<\/p>\n\n\n\n<h2 class=\"wp-block-heading\" id=\"h-a-morte-de-kyle-busch-as-ultimas-noticias\"><strong>A morte de Kyle Busch: as \u00faltimas not\u00edcias<\/strong><\/h2>\n\n\n\n<p class=\"wp-block-paragraph\">+ <strong><a href=\"https:\/\/www.grandepremio.com\/br\/nascar\/noticias\/nos-te-amamos-kb-esporte-motor-reage-morte-kyle-busch-lenda-nascar\/\">\u201cN\u00f3s te amamos, KB\u201d: esporte a motor reage \u00e0 morte de Kyle Busch, lenda da Nascar<\/a><\/strong><br>+ <a href=\"https:\/\/www.grandepremio.com\/br\/nascar\/noticias\/nascar-lamenta-morte-kyle-busch-perdemos-gigante-cedo-demais\/\"><strong>Nascar lamenta morte de Kyle Busch: \u201cPerdemos um gigante cedo demais\u201d<\/strong><\/a><\/p>\n","protected":false},"excerpt":{"rendered":"<p>Bicampe\u00e3o da Cup Series e piloto com mais vit\u00f3rias somadas em todas as categorias da Nascar, Kyle Busch morreu aos 41 anos. Detalhes do falecimento n\u00e3o foram divulgados<\/p>\n","protected":false},"author":0,"featured_media":1001089692,"comment_status":"closed","ping_status":"closed","sticky":false,"template":"","format":"standard","meta":{"42wp_featured_image_caption":"","42wp_featured_image_credits":"","42wp_featured_video":"","42wp_featured_image_hidden":false,"42wp_authors_list":[],"footnotes":""},"categories":[14],"tags":[32484,32751,1491,28285,5219,1253,411,42504,27712,45589,45598,3200,45590,25035],"42wp_author":[47119],"class_list":["post-8679","post","type-post","status-publish","format-standard","has-post-thumbnail","hentry","category-nascar","tag-calendario-nascar","tag-classificacao-nascar","tag-grande-premio","tag-grandepremio","tag-joe-gibbs","tag-kyle-busch","tag-nascar","tag-nascar-2026","tag-nascar-cup-series","tag-nascar-cup-series-2026","tag-nascar-hoje","tag-playoffs-nascar","tag-temporada-2026-da-nascar","tag-tragedia","42wp_author-gabriel-carvalho"],"_links":{"self":[{"href":"https:\/\/grandepremio.com\/br\/wp-json\/wp\/v2\/posts\/8679","targetHints":{"allow":["GET"]}}],"collection":[{"href":"https:\/\/grandepremio.com\/br\/wp-json\/wp\/v2\/posts"}],"about":[{"href":"https:\/\/grandepremio.com\/br\/wp-json\/wp\/v2\/types\/post"}],"replies":[{"embeddable":true,"href":"https:\/\/grandepremio.com\/br\/wp-json\/wp\/v2\/comments?post=8679"}],"version-history":[{"count":0,"href":"https:\/\/grandepremio.com\/br\/wp-json\/wp\/v2\/posts\/8679\/revisions"}],"wp:featuredmedia":[{"embeddable":true,"href":"https:\/\/grandepremio.com\/br\/wp-json\/wp\/v2\/media\/1001089692"}],"wp:attachment":[{"href":"https:\/\/grandepremio.com\/br\/wp-json\/wp\/v2\/media?parent=8679"}],"wp:term":[{"taxonomy":"category","embeddable":true,"href":"https:\/\/grandepremio.com\/br\/wp-json\/wp\/v2\/categories?post=8679"},{"taxonomy":"post_tag","embeddable":true,"href":"https:\/\/grandepremio.com\/br\/wp-json\/wp\/v2\/tags?post=8679"},{"taxonomy":"42wp_author","embeddable":true,"href":"https:\/\/grandepremio.com\/br\/wp-json\/wp\/v2\/42wp_author?post=8679"}],"curies":[{"name":"wp","href":"https:\/\/api.w.org\/{rel}","templated":true}]}}