{"id":86834,"date":"2024-02-27T09:14:27","date_gmt":"2024-02-27T12:14:27","guid":{"rendered":"https:\/\/grandepremio.com\/br\/noticias\/mercedes-monta-programa-intensivo-teste-andrea-kimi-antonelli-w13-paralelo-f2-2024\/"},"modified":"2024-02-27T09:20:26","modified_gmt":"2024-02-27T12:20:26","slug":"mercedes-monta-programa-intensivo-teste-andrea-kimi-antonelli-w13-paralelo-f2-2024","status":"publish","type":"post","link":"https:\/\/grandepremio.com\/br\/f1\/mercedes-monta-programa-intensivo-teste-andrea-kimi-antonelli-w13-paralelo-f2-2024\/","title":{"rendered":"Mercedes monta programa intensivo de teste para Antonelli com W13 paralelo \u00e0 F2 2024"},"content":{"rendered":"\n<p class=\"wp-block-paragraph\">Que <strong>Andrea Kimi Antonelli <\/strong><a href=\"https:\/\/www.grandepremio.com\/br\/f2\/noticias\/guia-2024-andrea-kimi-antonelli-rouba-holofotes-f2-pressao-repentina-pode-atrapalhar-estreia\/\">figura como um dos candidatos<\/a> \u00e0 vaga de <strong>Lewis Hamilton <\/strong>na <strong>F\u00f3rmula 1<\/strong> em 2025, isso \u00e9 fato, por mais que haja muita cautela do lado da <strong>Mercedes <\/strong>em admitir claramente. Acontece que para subir j\u00e1 ano que vem, o italiano precisa da superlicen\u00e7a, e um dos requisitos exigidos pela <strong>Federa\u00e7\u00e3o Internacional de Automobilismo<\/strong> (<strong>FIA<\/strong>) para o passe \u00e9 uma determinada quilometragem com carro de F1 \u2014 algo que a equipe alem\u00e3 j\u00e1 se prepara para assegurar.<\/p>\n\n\n\n<p class=\"wp-block-paragraph\">De acordo com o site da revista alem\u00e3 Auto Motor und Sport, a Mercedes pretende colocar Antonelli ao volante do <strong>W13<\/strong> em sess\u00f5es privadas de testes ao longo da temporada 2024, paralelo \u00e0 disputa da F2. De acordo com o regulamento esportivo, o piloto precisa bater a marca de 300 km percorridos em no m\u00e1ximo dois dias, por\u00e9m tais sess\u00f5es particulares s\u00f3 podem ser feitas com modelos de pelo menos dois anos anteriores ao vigente.<\/p>\n\n\n\n<p class=\"wp-block-paragraph\">H\u00e1 outros pontos que ainda n\u00e3o foram preenchidos por Kimi, como a idade. O atual campe\u00e3o da <strong>FRECA<\/strong> come\u00e7a 2024 com 17 anos, e o m\u00ednimo exigido pela entidade que regula o esporte \u00e9 18. Antonelli faz anivers\u00e1rio em 25 de agosto. Vale destacar, contudo, que o piloto da <strong>Prema <\/strong>j\u00e1 possui os 40 pontos tamb\u00e9m requeridos para a superlicen\u00e7a.<\/p>\n\n\n\n<p class=\"wp-block-paragraph\">A publica\u00e7\u00e3o alem\u00e3 relata ainda que outras equipes colocar\u00e3o jovens de suas respectivas academias em a\u00e7\u00e3o com carros de 2022 este ano. A vantagem desses programas de testes \u00e9 que se tratam de modelos j\u00e1 dentro das especifica\u00e7\u00f5es t\u00e9cnicas atuais, com efeito-solo e pneus de 18 polegadas, o que trar\u00e1 uma avalia\u00e7\u00e3o mais precisa da performance dos novatos.<\/p>\n\n\n\n<figure class=\"wp-block-image size-large\"><img decoding=\"async\" src=\"https:\/\/www.grandepremio.com\/br\/wp-content\/uploads\/2024\/02\/Andrea-Kimi-Antonelli-1024x682.jpg\" alt=\"\" class=\"wp-image-781009\"\/><figcaption class=\"wp-element-caption\">Andrea Kimi Antonelli na vaga de Hamilton? Antes, precisa da superlicen\u00e7a (Foto: Prema)<\/figcaption><\/figure>\n\n\n\n<p class=\"wp-block-paragraph\"><strong>Red Bull <\/strong>e <strong>RB<\/strong>, por exemplo, realizar\u00e3o um programa mais reduzido com<strong> Liam Lawson<\/strong>, mas a ideia \u00e9 colocar o neozeland\u00eas para andar com o <strong>RB18<\/strong>. J\u00e1 a <strong>Ferrari<\/strong> far\u00e1 mais sess\u00f5es privadas com <strong>Oliver Bearman <\/strong>ao volante da <strong>F1-75 <\/strong>em Mugello e Fiorano, pelo menos. No in\u00edcio do ano, o brit\u00e2nico andou com o carro em Barcelona em teste da Pirelli.<\/p>\n\n\n\n<p class=\"wp-block-paragraph\"><strong>Aston Martin<\/strong> \u00e9 mais uma que j\u00e1 programou testes com o <strong>AMR22<\/strong>, mas a prioridade, segundo a AMuS, \u00e9 colocar <strong>Jak Crawford <\/strong>no cockpit. <strong>Felipe Drugovich<\/strong>, reserva da equipe e tamb\u00e9m integrante do Programa de Desenvolvimento de Pilotos, percorrer\u00e1 mais alguns quil\u00f4metros para n\u00e3o perder a pr\u00e1tica.<\/p>\n\n\n\n<p class=\"wp-block-paragraph\">Do lado da <strong>Alpine<\/strong>, <strong>Jack Doohan<\/strong>, <strong>Victor Martins <\/strong>e <strong>Kush Maini<\/strong> v\u00e3o se revezar com a <strong>A522<\/strong>. Quem n\u00e3o ter\u00e1 tal chance \u00e9 <strong>Mick Schumacher<\/strong>, apesar do v\u00ednculo com a marca francesa no <strong>Mundial de Endurance <\/strong>(<strong>WEC<\/strong>) por quest\u00f5es contratuais com a Mercedes.<\/p>\n\n\n\n<p class=\"wp-block-paragraph\">Por fim, a <strong>McLaren<\/strong> colocar\u00e1 o <strong>MCL36 <\/strong>\u00e0 disposi\u00e7\u00e3o de seu grupo de pilotos, que conta com <strong>Pato O&#8217;Ward<\/strong>, <strong>Rio Hirakawa<\/strong> e o brasileiro <strong>Gabriel Bortoleto<\/strong>. Nesse caso, Schumacher tamb\u00e9m seria cotado, pois o time de Woking \u00e9 cliente da Mercedes, e <strong>Zak Brown <\/strong>j\u00e1 deu sinal verde para o jovem alem\u00e3o.<\/p>\n\n\n\n<p class=\"wp-block-paragraph\">A&nbsp;<a href=\"https:\/\/www.grandepremio.com\/br\/f1\/\" target=\"_blank\" rel=\"noreferrer noopener\"><\/a><a href=\"https:\/\/www.grandepremio.com\/br\/f1\/\" target=\"_blank\" rel=\"noreferrer noopener\">F\u00f3rmula 1<\/a>&nbsp;abre a temporada 2024 no pr\u00f3ximo fim de semana, entre os dias 29 de fevereiro e 2 de mar\u00e7o, com o&nbsp;<strong>GP do Bahrein<\/strong>. O&nbsp;<strong>GRANDE PR\u00caMIO<\/strong>&nbsp;transmite classifica\u00e7\u00e3o e corrida em segunda tela, em parceria com a Voz do Esporte, na&nbsp;<strong><a href=\"https:\/\/www.youtube.com\/c\/GrandePremioTV\/streams\">GPTV, o canal do GP no Youtube<\/a><\/strong>. Al\u00e9m disso, debate tudo que aconteceu na pista com o&nbsp;<strong>Briefing<\/strong>&nbsp;ap\u00f3s cada dia de atividade.<a href=\"https:\/\/bit.ly\/CanalGPBR\"><\/a><\/p>\n\n\n\n<p class=\"wp-block-paragraph\"><strong>\u25b6\ufe0f&nbsp;Inscreva-se nos dois canais do GRANDE PR\u00caMIO no YouTube:&nbsp;<a href=\"https:\/\/www.youtube.com\/channel\/UC9OlHEgxoaY6QY6nWPoiqQg?sub_confirmation=1\" target=\"_blank\" rel=\"noreferrer noopener\">GP<\/a>&nbsp;|&nbsp;<a href=\"https:\/\/www.youtube.com\/channel\/UC9csiS6q_C3C0FYhyr1rnFA?sub_confirmation=1\" target=\"_blank\" rel=\"noreferrer noopener\">GP2<\/a><br>\u25b6\ufe0f&nbsp;<a href=\"https:\/\/www.twitch.tv\/grandepremio\" target=\"_blank\" rel=\"noreferrer noopener\">Conhe\u00e7a o canal do GRANDE PR\u00caMIO na Twitch clicando aqui!<\/a><\/strong><\/p>\n\n\n\n<figure class=\"wp-block-embed is-type-video is-provider-youtube wp-block-embed-youtube wp-embed-aspect-16-9 wp-has-aspect-ratio\"><div class=\"wp-block-embed__wrapper\">\n<iframe loading=\"lazy\" title=\"F2 2024 vira PROVA DE FOGO para ANTONELLI com sa\u00edda de HAMILTON da MERCEDES | GP \u00e0s 10\" width=\"500\" height=\"281\" src=\"https:\/\/www.youtube.com\/embed\/woYWaMsQzFQ?feature=oembed\" frameborder=\"0\" allow=\"accelerometer; autoplay; clipboard-write; encrypted-media; gyroscope; picture-in-picture; web-share\" referrerpolicy=\"strict-origin-when-cross-origin\" allowfullscreen><\/iframe>\n<\/div><\/figure>\n","protected":false},"excerpt":{"rendered":"<p>Apesar de ter os pontos necess\u00e1rios para a superlicen\u00e7a, Andrea Kimi Antonelli ainda precisa de quilometragem com carro de F\u00f3rmula 1 para ser, de fato, candidato \u00e0 vaga de Lewis Hamilton na Mercedes em 2025<\/p>\n","protected":false},"author":0,"featured_media":1000744765,"comment_status":"closed","ping_status":"closed","sticky":false,"template":"","format":"standard","meta":{"42wp_featured_image_caption":"","42wp_featured_image_credits":"","42wp_featured_video":"","42wp_featured_image_hidden":false,"42wp_authors_list":[],"footnotes":""},"categories":[2],"tags":[27861,29654,30246,111,32189,2208,35969,1491,28285,35029,87,82,35030,32190,30389],"42wp_author":[47147],"class_list":["post-86834","post","type-post","status-publish","format-standard","has-post-thumbnail","hentry","category-f1","tag-andrea-kimi-antonelli","tag-calendario-f2","tag-classificacao-f2","tag-f2","tag-f2-2024","tag-formula-2","tag-formula-2-2024","tag-grande-premio","tag-grandepremio","tag-horarios-f2","tag-lewis-hamilton","tag-mercedes","tag-onde-assistir-f2","tag-temporada-2024-f2","tag-w13","42wp_author-luana-marino"],"_links":{"self":[{"href":"https:\/\/grandepremio.com\/br\/wp-json\/wp\/v2\/posts\/86834","targetHints":{"allow":["GET"]}}],"collection":[{"href":"https:\/\/grandepremio.com\/br\/wp-json\/wp\/v2\/posts"}],"about":[{"href":"https:\/\/grandepremio.com\/br\/wp-json\/wp\/v2\/types\/post"}],"replies":[{"embeddable":true,"href":"https:\/\/grandepremio.com\/br\/wp-json\/wp\/v2\/comments?post=86834"}],"version-history":[{"count":0,"href":"https:\/\/grandepremio.com\/br\/wp-json\/wp\/v2\/posts\/86834\/revisions"}],"wp:featuredmedia":[{"embeddable":true,"href":"https:\/\/grandepremio.com\/br\/wp-json\/wp\/v2\/media\/1000744765"}],"wp:attachment":[{"href":"https:\/\/grandepremio.com\/br\/wp-json\/wp\/v2\/media?parent=86834"}],"wp:term":[{"taxonomy":"category","embeddable":true,"href":"https:\/\/grandepremio.com\/br\/wp-json\/wp\/v2\/categories?post=86834"},{"taxonomy":"post_tag","embeddable":true,"href":"https:\/\/grandepremio.com\/br\/wp-json\/wp\/v2\/tags?post=86834"},{"taxonomy":"42wp_author","embeddable":true,"href":"https:\/\/grandepremio.com\/br\/wp-json\/wp\/v2\/42wp_author?post=86834"}],"curies":[{"name":"wp","href":"https:\/\/api.w.org\/{rel}","templated":true}]}}