{"id":87099,"date":"2024-02-24T04:30:59","date_gmt":"2024-02-24T07:30:59","guid":{"rendered":"https:\/\/grandepremio.com\/br\/noticias\/formula-e-prepara-retorno-testes-attack-charge-ep-sao-paulo\/"},"modified":"2024-02-23T14:35:48","modified_gmt":"2024-02-23T17:35:48","slug":"formula-e-prepara-retorno-testes-attack-charge-ep-sao-paulo","status":"publish","type":"post","link":"https:\/\/grandepremio.com\/br\/formula-e\/formula-e-prepara-retorno-testes-attack-charge-ep-sao-paulo\/","title":{"rendered":"F\u00f3rmula E prepara retorno de testes do Attack Charge para eP de S\u00e3o Paulo"},"content":{"rendered":"\n<p class=\"wp-block-paragraph\">Os testes do <a href=\"https:\/\/www.grandepremio.com\/br\/formula-e\/noticias\/guia-formula-e-2024-attack-charge-ares-revolucao-evidente-incognita\/\"><strong>Attack Charge <\/strong>da <strong>F\u00f3rmula E<\/strong><\/a><strong> <\/strong>ser\u00e3o retomados na pr\u00f3xima etapa da categoria em <strong>2024<\/strong>, entre os dias 15 e 16 de mar\u00e7o, no eP de <strong>S\u00e3o Paulo<\/strong>. Programado para estrear no eP de <strong>Misano<\/strong>, em abril, o artif\u00edcio vem sendo sistematicamente adiado pela categoria devido a problemas t\u00e9cnicos, e n\u00e3o \u00e9 testado em uma etapa oficial pelas equipes desde a abertura do campeonato, na <strong>Cidade do M\u00e9xico<\/strong>.<\/p>\n\n\n\n<p class=\"wp-block-paragraph\">Segundo o jornalista Sam Smith, os testes ser\u00e3o realizados em <strong>S\u00e3o Paulo <\/strong>e <strong>T\u00f3quio <\/strong>como forma de decidir se \u00e9 seguro seguir a programa\u00e7\u00e3o da<strong> F\u00f3rmula E<\/strong> e implementar o Attack Charge no eP de <strong>Misano<\/strong>.<\/p>\n\n\n\n<p class=\"wp-block-paragraph\">At\u00e9 aqui, as equipes t\u00eam testado o Attack Charge em testes privados \u2014 al\u00e9m do TL1 da Cidade do M\u00e9xico \u2014, mas problemas de confiabilidade e fornecimento de pe\u00e7as impedem que as atividades aconte\u00e7am pelo per\u00edodo desejado.<\/p>\n\n\n\n<p class=\"wp-block-paragraph\">Em um desses testes, inclusive, um dos carros da <strong>Envision <\/strong>acendeu a luz vermelha e entrou no modo &#8220;sem toque&#8221; ap\u00f3s a carga, o que significa que o monoposto n\u00e3o poderia ser encostado por n\u00e3o apresentar seguran\u00e7a. Esse incidente iniciou uma investiga\u00e7\u00e3o por parte da <strong>WAE<\/strong>, fornecedora de baterias da F\u00f3rmula E, que decidiu levar o carro para a quarentena.<\/p>\n\n\n\n<figure class=\"wp-block-image size-large\"><img decoding=\"async\" src=\"https:\/\/www.grandepremio.com\/br\/wp-content\/uploads\/2024\/01\/EPS1002_170644ZALS0463-2048x2048-1-1024x683.jpg\" alt=\"\" class=\"wp-image-773252\"\/><figcaption class=\"wp-element-caption\">F\u00f3rmula E vai testar Attack Charge em S\u00e3o Paulo (Foto: F\u00f3rmula E)<\/figcaption><\/figure>\n\n\n\n<p class=\"wp-block-paragraph\"><strong>\u25b6\ufe0f\u00a0Inscreva-se nos dois canais do GRANDE PR\u00caMIO no YouTube:\u00a0<a href=\"https:\/\/www.youtube.com\/channel\/UC9OlHEgxoaY6QY6nWPoiqQg?sub_confirmation=1\" target=\"_blank\" rel=\"noreferrer noopener\">GP<\/a>\u00a0|\u00a0<a href=\"https:\/\/www.youtube.com\/channel\/UC9csiS6q_C3C0FYhyr1rnFA?sub_confirmation=1\" target=\"_blank\" rel=\"noreferrer noopener\">GP2<\/a><\/strong><br><strong>\u25b6\ufe0f\u00a0<a href=\"https:\/\/www.twitch.tv\/grandepremio\" target=\"_blank\" rel=\"noreferrer noopener\">Conhe\u00e7a o canal do GRANDE PR\u00caMIO na Twitch clicando aqui!<\/a><\/strong><\/p>\n\n\n\n<p class=\"wp-block-paragraph\">Uma decis\u00e3o final sobre se o Attack Charge ser\u00e1 utilizado em Misano vir\u00e1 ap\u00f3s as conclus\u00f5es dos testes em S\u00e3o Paulo e T\u00f3quio, mas os pilotos n\u00e3o parecem confiantes nos experimentos feitos at\u00e9 aqui. O plano da F\u00f3rmula E, caso consiga iniciar os procedimentos na etapa italiana, \u00e9 replicar o uso nas quatro \u00faltimas rodadas do campeonato, todas duplas: <strong>Berlim<\/strong>, <strong>Xangai<\/strong>, <strong>Portland <\/strong>e <strong>Londres<\/strong>.<\/p>\n\n\n\n<p class=\"wp-block-paragraph\">A\u00a0<a href=\"https:\/\/www.grandepremio.com\/br\/formula-e\/\" target=\"_blank\" rel=\"noreferrer noopener\"><\/a><a href=\"https:\/\/www.grandepremio.com\/br\/formula-e\/\" target=\"_blank\" rel=\"noreferrer noopener\">F\u00f3rmula E<\/a>\u00a0retorna agora entre os dias 15 e 16 de mar\u00e7o, com o\u00a0<strong>eP de\u00a0<a href=\"https:\/\/www.grandepremio.com\/br\/circuito\/sao-paulo\/\" target=\"_blank\" rel=\"noreferrer noopener\">S\u00e3o Paulo<\/a><\/strong>, que ter\u00e1 cobertura \u2018<strong>in loco<\/strong>\u2018 do\u00a0<strong>GRANDE PR\u00caMIO<\/strong>. O\u00a0<strong>GP<\/strong>\u00a0\u00e9 emissora oficial da\u00a0<strong><a href=\"https:\/\/www.grandepremio.com\/br\/formula-e\/\" target=\"_blank\" rel=\"noreferrer noopener\">F\u00f3rmula E<\/a><\/strong>\u00a0no Brasil e transmite todas as atividades de pista\u00a0<strong>AO VIVO e COM IMAGENS<\/strong>\u00a0no\u00a0<strong><a href=\"https:\/\/www.youtube.com\/c\/GrandePremioTV\" target=\"_blank\" rel=\"noreferrer noopener\">YouTube<\/a><\/strong>\u00a0e no\u00a0<strong><a href=\"https:\/\/m.kwai.com\/user\/@grandepremio\" target=\"_blank\" rel=\"noreferrer noopener\">Kwai<\/a><\/strong>.<\/p>\n\n\n\n<figure class=\"wp-block-embed is-type-video is-provider-youtube wp-block-embed-youtube wp-embed-aspect-16-9 wp-has-aspect-ratio\"><div class=\"wp-block-embed__wrapper\">\n<iframe loading=\"lazy\" title=\"62 corridas SEM VIT\u00d3RIA e MUITO AZAR: a sina de S\u00e9bastien Buemi na F\u00f3rmula E | GP \u00e0s 10\" width=\"500\" height=\"281\" src=\"https:\/\/www.youtube.com\/embed\/nz7_Bc9Vhd0?feature=oembed\" frameborder=\"0\" allow=\"accelerometer; autoplay; clipboard-write; encrypted-media; gyroscope; picture-in-picture; web-share\" referrerpolicy=\"strict-origin-when-cross-origin\" allowfullscreen><\/iframe>\n<\/div><\/figure>\n","protected":false},"excerpt":{"rendered":"<p>Depois de sofrer com problemas na Cidade do M\u00e9xico e cancelar os testes no eP de Diriyah, a F\u00f3rmula E voltar\u00e1 a testar o Attack Charge em S\u00e3o Paulo e T\u00f3quio. Categoria ainda busca fazer a estreia do artif\u00edcio no eP de Misano, logo ap\u00f3s a etapa japonesa<\/p>\n","protected":false},"author":0,"featured_media":1000772644,"comment_status":"closed","ping_status":"closed","sticky":false,"template":"","format":"standard","meta":{"42wp_featured_image_caption":"","42wp_featured_image_credits":"","42wp_featured_video":"","42wp_featured_image_hidden":false,"42wp_authors_list":[],"footnotes":""},"categories":[19],"tags":[28679,6853,840,35967,1491,28285,35442,36219,37653],"42wp_author":[47142],"class_list":["post-87099","post","type-post","status-publish","format-standard","has-post-thumbnail","hentry","category-formula-e","tag-calendario-formula-e","tag-classificacao-formula-e","tag-formula-e","tag-formula-e-2024","tag-grande-premio","tag-grandepremio","tag-horarios-formula-e","tag-onde-assistir-formula-e","tag-temporada-2024-da-formula-e","42wp_author-jp-nascimento"],"_links":{"self":[{"href":"https:\/\/grandepremio.com\/br\/wp-json\/wp\/v2\/posts\/87099","targetHints":{"allow":["GET"]}}],"collection":[{"href":"https:\/\/grandepremio.com\/br\/wp-json\/wp\/v2\/posts"}],"about":[{"href":"https:\/\/grandepremio.com\/br\/wp-json\/wp\/v2\/types\/post"}],"replies":[{"embeddable":true,"href":"https:\/\/grandepremio.com\/br\/wp-json\/wp\/v2\/comments?post=87099"}],"version-history":[{"count":0,"href":"https:\/\/grandepremio.com\/br\/wp-json\/wp\/v2\/posts\/87099\/revisions"}],"wp:featuredmedia":[{"embeddable":true,"href":"https:\/\/grandepremio.com\/br\/wp-json\/wp\/v2\/media\/1000772644"}],"wp:attachment":[{"href":"https:\/\/grandepremio.com\/br\/wp-json\/wp\/v2\/media?parent=87099"}],"wp:term":[{"taxonomy":"category","embeddable":true,"href":"https:\/\/grandepremio.com\/br\/wp-json\/wp\/v2\/categories?post=87099"},{"taxonomy":"post_tag","embeddable":true,"href":"https:\/\/grandepremio.com\/br\/wp-json\/wp\/v2\/tags?post=87099"},{"taxonomy":"42wp_author","embeddable":true,"href":"https:\/\/grandepremio.com\/br\/wp-json\/wp\/v2\/42wp_author?post=87099"}],"curies":[{"name":"wp","href":"https:\/\/api.w.org\/{rel}","templated":true}]}}