{"id":87175,"date":"2024-02-23T12:40:58","date_gmt":"2024-02-23T15:40:58","guid":{"rendered":"https:\/\/grandepremio.com\/br\/noticias\/gil-de-ferran-homenagem-torre-principal-sakhir-pre-temporada-f1\/"},"modified":"2024-02-23T13:13:20","modified_gmt":"2024-02-23T16:13:20","slug":"gil-de-ferran-homenagem-torre-principal-sakhir-pre-temporada-f1","status":"publish","type":"post","link":"https:\/\/grandepremio.com\/br\/f1\/gil-de-ferran-homenagem-torre-principal-sakhir-pre-temporada-f1\/","title":{"rendered":"De Ferran recebe homenagem na torre principal de Sakhir na pr\u00e9-temporada da F1"},"content":{"rendered":"\n<p class=\"wp-block-paragraph\">O ex-piloto <strong>Gil de Ferran<\/strong>, <a href=\"https:\/\/www.grandepremio.com\/br\/indy\/noticias\/gil-de-ferran-bicampeao-da-indy-sofre-parada-cardiaca-e-morre-aos-56-anos\/\" target=\"_blank\" rel=\"noreferrer noopener\">morto no dia 29 de dezembro ap\u00f3s sofrer uma parada card\u00edaca<\/a> aos 56 anos, foi homenageado no Circuito de Sakhir, no <strong>Bahrein<\/strong>, onde a <strong>F\u00f3rmula 1<\/strong> disputa seu \u00faltimo dia de pr\u00e9-temporada nesta sexta-feira (23). A torre principal do aut\u00f3dromo piscou em laranja e branco, cores da <strong>McLaren<\/strong>, e mostrou as iniciais do brasileiro.<\/p>\n\n\n\n<p class=\"wp-block-paragraph\">Al\u00e9m disso, a pr\u00f3pria McLaren decidiu homenagear De Ferran, que foi diretor-esportivo da equipe na F\u00f3rmula 1, <a href=\"https:\/\/www.grandepremio.com\/br\/f1\/noticias\/lando-norris-presta-tributo-gil-de-ferran-usa-capacete-especial-design-vitoria-indy-500\/\" target=\"_blank\" rel=\"noreferrer noopener\">com uma r\u00e9plica do capacete<\/a> que o brasileiro utilizou nas <strong>500 Milhas de Indian\u00e1polis de 2003<\/strong> \u2014 quando venceu a tradicional corrida pela <strong>Penske <\/strong>\u2014, usado por <strong>Lando Norris <\/strong>no Bahrein.<\/p>\n\n\n\n<p class=\"wp-block-paragraph\">Al\u00e9m da vit\u00f3ria na Indy 500, Gil ainda se sagrou campe\u00e3o da Indy duas vezes, nas temporadas <strong>2000 <\/strong>e <strong>2001<\/strong>, ambas tamb\u00e9m pela Penske.<\/p>\n\n\n\n<p class=\"wp-block-paragraph\">Gil sofreu uma parada card\u00edaca enquanto guiava um carro no <strong>Concours Club<\/strong>, uma pista privada localizada em Opa-locka, na Fl\u00f3rida, que fica a 25 minutos do centro de Miami. Acompanhado do filho Luke, Gil parou na entrada dos boxes e viu o apoio demorar a aparecer, j\u00e1 que n\u00e3o houve acidente.<\/p>\n\n\n\n<figure class=\"wp-block-image size-large\"><img decoding=\"async\" src=\"https:\/\/www.grandepremio.com\/br\/wp-content\/uploads\/2024\/02\/gildeferran-f1-1024x576.jpeg\" alt=\"\" class=\"wp-image-780100\"\/><figcaption class=\"wp-element-caption\">McLaren homenageou Gil de Ferran no Bahrein (Foto: Reprodu\u00e7\u00e3o)<\/figcaption><\/figure>\n\n\n\n<p class=\"wp-block-paragraph\">Anos depois de encerrar a carreira como piloto, De Ferran foi anunciado em 2018 pela McLaren como diretor-esportivo ap\u00f3s a sa\u00edda de <strong>Eric Boullier <\/strong>e permaneceu no cargo at\u00e9 2021. Desde maio de 2023, o brasileiro atuava na equipe de Woking como consultor.<\/p>\n\n\n\n<p class=\"wp-block-paragraph\">O terceiro dia de testes acontece nesta sexta-feira, a partir das 4h (de Bras\u00edlia), com\u00a0<a href=\"https:\/\/formula1aovivo.com\/\" target=\"_blank\" rel=\"noreferrer noopener\">transmiss\u00e3o<\/a>\u00a0da\u00a0<strong><a href=\"https:\/\/www.grandepremio.com\/br\/f1\/\" target=\"_blank\" rel=\"noreferrer noopener\">F1\u00a0<\/a>TV<\/strong>\u00a0e cobertura completa do\u00a0<strong>GRANDE PR\u00caMIO<\/strong>,\u00a0<a href=\"https:\/\/www.youtube.com\/c\/GrandePremioTV\/streams\">com a an\u00e1lise do<\/a>\u00a0<strong>Briefing<\/strong>\u00a0ap\u00f3s cada dia de atividade. As sess\u00f5es v\u00e3o de 4h (em Bras\u00edlia) at\u00e9 13h, com intervalo das 9h \u00e0s 10h.<\/p>\n\n\n\n<p class=\"wp-block-paragraph\"><strong>\u25b6\ufe0f\u00a0Inscreva-se nos dois canais do GRANDE PR\u00caMIO no YouTube:\u00a0<a href=\"https:\/\/www.youtube.com\/channel\/UC9OlHEgxoaY6QY6nWPoiqQg?sub_confirmation=1\" target=\"_blank\" rel=\"noreferrer noopener\">GP<\/a>\u00a0|\u00a0<a href=\"https:\/\/www.youtube.com\/channel\/UC9csiS6q_C3C0FYhyr1rnFA?sub_confirmation=1\" target=\"_blank\" rel=\"noreferrer noopener\">GP2<\/a><\/strong><br><strong>\u25b6\ufe0f\u00a0<a href=\"https:\/\/www.twitch.tv\/grandepremio\" target=\"_blank\" rel=\"noreferrer noopener\">Conhe\u00e7a o canal do GRANDE PR\u00caMIO na Twitch clicando aqui!<\/a><\/strong><\/p>\n\n\n\n<figure class=\"wp-block-video\"><video class=\"video-js vjs-big-play-centered\" data-gp-vjs=\"1\" controls src=\"https:\/\/www.grandepremio.com\/br\/wp-content\/uploads\/2024\/02\/Homenagem-McLaren-Gil-de-Ferran-F1-Bahrein.mp4\"><\/video><figcaption class=\"wp-element-caption\">Gil de Ferran recebeu homenagem no Bahrein (V\u00eddeo: F1TV)<\/figcaption><\/figure>\n\n\n\n<figure class=\"wp-block-embed is-type-video is-provider-youtube wp-block-embed-youtube wp-embed-aspect-16-9 wp-has-aspect-ratio\"><div class=\"wp-block-embed__wrapper\">\n<iframe loading=\"lazy\" title=\"Horner no Bahrein FEDE A TUBO DE ENSAIO da Red Bull para definir FUTURO na F1 | GP \u00e0s 10\" width=\"500\" height=\"281\" src=\"https:\/\/www.youtube.com\/embed\/ZHqcGXXzH2M?feature=oembed\" frameborder=\"0\" allow=\"accelerometer; autoplay; clipboard-write; encrypted-media; gyroscope; picture-in-picture; web-share\" referrerpolicy=\"strict-origin-when-cross-origin\" allowfullscreen><\/iframe>\n<\/div><\/figure>\n","protected":false},"excerpt":{"rendered":"<p>O ex-piloto brasileiro Gil de Ferran recebeu uma homenagem no Circuito de Sakhir nesta sexta-feira (23), com suas iniciais na torre principal da pista no Bahrein<\/p>\n","protected":false},"author":0,"featured_media":1000780099,"comment_status":"closed","ping_status":"closed","sticky":false,"template":"","format":"standard","meta":{"42wp_featured_image_caption":"","42wp_featured_image_credits":"","42wp_featured_video":"","42wp_featured_image_hidden":false,"42wp_authors_list":[],"footnotes":""},"categories":[2],"tags":[1667,3230,642,98,1491,32667,547,90,27452,1756],"42wp_author":[47142],"class_list":["post-87175","post","type-post","status-publish","format-standard","has-post-thumbnail","hentry","category-f1","tag-bahrein","tag-f1-2024","tag-f1-ao-vivo","tag-gil-de-ferran","tag-grande-premio","tag-grandepremio-f1","tag-lando-norris","tag-mclaren","tag-pre-temporada-f1","tag-sakhir","42wp_author-jp-nascimento"],"_links":{"self":[{"href":"https:\/\/grandepremio.com\/br\/wp-json\/wp\/v2\/posts\/87175","targetHints":{"allow":["GET"]}}],"collection":[{"href":"https:\/\/grandepremio.com\/br\/wp-json\/wp\/v2\/posts"}],"about":[{"href":"https:\/\/grandepremio.com\/br\/wp-json\/wp\/v2\/types\/post"}],"replies":[{"embeddable":true,"href":"https:\/\/grandepremio.com\/br\/wp-json\/wp\/v2\/comments?post=87175"}],"version-history":[{"count":0,"href":"https:\/\/grandepremio.com\/br\/wp-json\/wp\/v2\/posts\/87175\/revisions"}],"wp:featuredmedia":[{"embeddable":true,"href":"https:\/\/grandepremio.com\/br\/wp-json\/wp\/v2\/media\/1000780099"}],"wp:attachment":[{"href":"https:\/\/grandepremio.com\/br\/wp-json\/wp\/v2\/media?parent=87175"}],"wp:term":[{"taxonomy":"category","embeddable":true,"href":"https:\/\/grandepremio.com\/br\/wp-json\/wp\/v2\/categories?post=87175"},{"taxonomy":"post_tag","embeddable":true,"href":"https:\/\/grandepremio.com\/br\/wp-json\/wp\/v2\/tags?post=87175"},{"taxonomy":"42wp_author","embeddable":true,"href":"https:\/\/grandepremio.com\/br\/wp-json\/wp\/v2\/42wp_author?post=87175"}],"curies":[{"name":"wp","href":"https:\/\/api.w.org\/{rel}","templated":true}]}}