{"id":87179,"date":"2024-02-23T12:22:42","date_gmt":"2024-02-23T15:22:42","guid":{"rendered":"https:\/\/grandepremio.com\/br\/noticias\/carlos-sainz-comemora-otimo-3o-dia-testes-afirma-gostei-cada-volta\/"},"modified":"2024-02-23T12:24:30","modified_gmt":"2024-02-23T15:24:30","slug":"carlos-sainz-comemora-otimo-3o-dia-testes-afirma-gostei-cada-volta","status":"publish","type":"post","link":"https:\/\/grandepremio.com\/br\/f1\/carlos-sainz-comemora-otimo-3o-dia-testes-afirma-gostei-cada-volta\/","title":{"rendered":"Sainz comemora &#8220;\u00f3timo&#8221; 3\u00ba dia de testes e afirma: &#8220;Gostei de cada volta&#8221;"},"content":{"rendered":"\n<p class=\"wp-block-paragraph\"><strong>Carlos Sainz<\/strong> foi o primeiro a ir \u00e0 pista pela <strong>Ferrari<\/strong> no terceiro e \u00faltimo dia dos testes de pr\u00e9-temporada da <strong>F\u00f3rmula 1<\/strong>, no <strong>Bahrein<\/strong>. Em mais uma <a href=\"https:\/\/www.grandepremio.com\/br\/f1\/noticias\/formula-1-volta-interromper-teste-tampa-bueiro-solta-mesma-curva-bahrein\/\">manh\u00e3 afetada por tampa de bueiro solta<\/a> na curva 11 da pista de <strong>Sakhir<\/strong>, o espanhol marcou o tempo de <strong>1min31s247<\/strong> e <a href=\"https:\/\/www.grandepremio.com\/br\/f1\/noticias\/carlos-sainz-volta-ponta-lidera-manha-ultimo-dia-testes-formula-1-bahrein\/\">liderou a sess\u00e3o durante a primeira parte<\/a> da manh\u00e3. Devido \u00e0 necessidade de reparos no bueiro, a sess\u00e3o ficou paralisada cerca de 1h e, por isso, a categoria <a href=\"https:\/\/www.grandepremio.com\/br\/f1\/noticias\/formula-1-cancela-hora-almoco-apos-novo-problema-faz-3-dia-bahrein-virar-turno-unico\/\">acabou com a pausa do almo\u00e7o e fez um &#8216;superturno&#8217; de nove horas<\/a>, em vez de dividir o dia em duas sess\u00f5es.<\/p>\n\n\n\n<p class=\"wp-block-paragraph\"><strong>Charles Leclerc<\/strong> assumiu o volante da <strong>SF-24<\/strong> para os momentos que ainda restavam de atividades nesta sexta-feira (23). Sainz, por sua vez, completou o programa estipulado pelo time de <strong>Fr\u00e9d\u00e9ric Vasseur<\/strong> e comentou as \u00faltimas impress\u00f5es que teve do b\u00f3lido antes da primeira etapa do Mundial.<\/p>\n\n\n\n<p class=\"wp-block-paragraph\">&#8220;\u00daltimo dia de testes e as \u00faltimas voltas no carro antes de irmos para a primeira corrida&#8221;, come\u00e7ou o dono do <strong>#55<\/strong>. &#8220;Novamente, tivemos um bom dia&#8221;, avaliou.<\/p>\n\n\n\n<p class=\"wp-block-paragraph\">&#8220;Uma pena que a bandeira vermelha interrompeu um pouco o nosso programa, mas, honestamente, eu gostei de cada volta que fiz hoje. Testei muitas configura\u00e7\u00f5es diferentes no carro para coletar o m\u00e1ximo de informa\u00e7\u00f5es poss\u00edvel&#8221;, acrescentou o espanhol.<\/p>\n\n\n\n<figure class=\"wp-block-image size-large\"><img decoding=\"async\" src=\"https:\/\/www.grandepremio.com\/br\/wp-content\/uploads\/2024\/02\/foto-f1-ferrari-dia3-f1testing2024-1024x682.jpg\" alt=\"\" class=\"wp-image-779891\"\/><figcaption class=\"wp-element-caption\">Carlos Sainz liderou a manh\u00e3 de testes da sexta-feira (Foto: F1)<\/figcaption><\/figure>\n\n\n\n<p class=\"wp-block-paragraph\">Na pr\u00f3xima semana, entre <strong>29 de fevereiro e 02 de mar\u00e7o<\/strong>, a <strong>F1<\/strong> permanece no Bahrein para a primeira etapa da temporada 2024. O madrilenho comemorou o fato de a Ferrari ter conseguido completar o programa inicialmente previsto. <\/p>\n\n\n\n<p class=\"wp-block-paragraph\">&#8220;Acho que conclu\u00edmos o que estava programado para a primeira corrida, e agora o carro est\u00e1 funcionando bem. Estou muito feliz e orgulhoso com toda a equipe por termos feito um \u00f3timo dia de testes&#8221;, finalizou Sainz.<\/p>\n\n\n\n<p class=\"wp-block-paragraph\">O terceiro dia de testes, nesta sexta-feira, conta com&nbsp;<a href=\"https:\/\/formula1aovivo.com\/\" target=\"_blank\" rel=\"noreferrer noopener\">transmiss\u00e3o<\/a>&nbsp;da&nbsp;<strong><a href=\"https:\/\/www.grandepremio.com\/br\/f1\/\" target=\"_blank\" rel=\"noreferrer noopener\">F1&nbsp;<\/a>TV<\/strong>&nbsp;e cobertura completa do&nbsp;<strong>GRANDE PR\u00caMIO<\/strong>,&nbsp;<a href=\"https:\/\/www.youtube.com\/c\/GrandePremioTV\/streams\">com a an\u00e1lise do<\/a>&nbsp;<strong>Briefing<\/strong>&nbsp;ap\u00f3s cada dia de atividade. As sess\u00f5es v\u00e3o de 4h (em Bras\u00edlia) at\u00e9 13h, com intervalo das 9h \u00e0s 10h.<\/p>\n\n\n\n<p class=\"wp-block-paragraph\"><strong><img decoding=\"async\" src=\"https:\/\/a.slack-edge.com\/production-standard-emoji-assets\/14.0\/google-medium\/25b6-fe0f.png\" alt=\":seta_para_frente:\">&nbsp;Inscreva-se nos dois canais do GRANDE PR\u00caMIO no YouTube:&nbsp;<a href=\"https:\/\/www.youtube.com\/channel\/UC9OlHEgxoaY6QY6nWPoiqQg?sub_confirmation=1\" target=\"_blank\" rel=\"noreferrer noopener\">GP<\/a>&nbsp;|&nbsp;<a href=\"https:\/\/www.youtube.com\/channel\/UC9csiS6q_C3C0FYhyr1rnFA?sub_confirmation=1\" target=\"_blank\" rel=\"noreferrer noopener\">GP2<\/a><\/strong><br><strong><img decoding=\"async\" src=\"https:\/\/a.slack-edge.com\/production-standard-emoji-assets\/14.0\/google-medium\/25b6-fe0f.png\" alt=\":seta_para_frente:\"><a href=\"https:\/\/www.twitch.tv\/grandepremio\" target=\"_blank\" rel=\"noreferrer noopener\">Conhe\u00e7a o canal do GRANDE PR\u00caMIO na Twitch clicando aqui!<\/a><\/strong><\/p>\n\n\n\n<figure class=\"wp-block-embed is-type-video is-provider-youtube wp-block-embed-youtube wp-embed-aspect-16-9 wp-has-aspect-ratio\"><div class=\"wp-block-embed__wrapper\">\n<iframe loading=\"lazy\" title=\"LECLERC fica \u00e0 frente de VERSTAPPEN no \u00faltimo dia dos TESTES da F1 2024 no Bahrein | Briefing\" width=\"500\" height=\"281\" src=\"https:\/\/www.youtube.com\/embed\/Nlx1e5m1QOQ?feature=oembed\" frameborder=\"0\" allow=\"accelerometer; autoplay; clipboard-write; encrypted-media; gyroscope; picture-in-picture; web-share\" referrerpolicy=\"strict-origin-when-cross-origin\" allowfullscreen><\/iframe>\n<\/div><\/figure>\n","protected":false},"excerpt":{"rendered":"<p>Carlos Sainz liderou as primeiras horas do \u00faltimo dia dos testes de pr\u00e9-temporada da F1 e comemorou &#8220;\u00f3timo dia&#8221; da Ferrari<\/p>\n","protected":false},"author":0,"featured_media":1000779216,"comment_status":"closed","ping_status":"closed","sticky":false,"template":"","format":"standard","meta":{"42wp_featured_image_caption":"","42wp_featured_image_credits":"","42wp_featured_video":"","42wp_featured_image_hidden":false,"42wp_authors_list":[],"footnotes":""},"categories":[2],"tags":[1667,26271,546,209,5273,147,3230,207,180,30909,1491,28285,30840,35129,2717,27452,1756,33301,30658,1979],"42wp_author":[47160],"class_list":["post-87179","post","type-post","status-publish","format-standard","has-post-thumbnail","hentry","category-f1","tag-bahrein","tag-calendario-f1","tag-carlos-sainz","tag-charles-leclerc","tag-classificacao-f1","tag-f1","tag-f1-2024","tag-ferrari","tag-formula-1","tag-formula-1-2024","tag-grande-premio","tag-grandepremio","tag-horarios-f1","tag-onde-assistir-f1","tag-pre-temporada","tag-pre-temporada-f1","tag-sakhir","tag-temporada-2024-f1","tag-testes-bahrein","tag-testes-f1","42wp_author-vicente-soella"],"_links":{"self":[{"href":"https:\/\/grandepremio.com\/br\/wp-json\/wp\/v2\/posts\/87179","targetHints":{"allow":["GET"]}}],"collection":[{"href":"https:\/\/grandepremio.com\/br\/wp-json\/wp\/v2\/posts"}],"about":[{"href":"https:\/\/grandepremio.com\/br\/wp-json\/wp\/v2\/types\/post"}],"replies":[{"embeddable":true,"href":"https:\/\/grandepremio.com\/br\/wp-json\/wp\/v2\/comments?post=87179"}],"version-history":[{"count":0,"href":"https:\/\/grandepremio.com\/br\/wp-json\/wp\/v2\/posts\/87179\/revisions"}],"wp:featuredmedia":[{"embeddable":true,"href":"https:\/\/grandepremio.com\/br\/wp-json\/wp\/v2\/media\/1000779216"}],"wp:attachment":[{"href":"https:\/\/grandepremio.com\/br\/wp-json\/wp\/v2\/media?parent=87179"}],"wp:term":[{"taxonomy":"category","embeddable":true,"href":"https:\/\/grandepremio.com\/br\/wp-json\/wp\/v2\/categories?post=87179"},{"taxonomy":"post_tag","embeddable":true,"href":"https:\/\/grandepremio.com\/br\/wp-json\/wp\/v2\/tags?post=87179"},{"taxonomy":"42wp_author","embeddable":true,"href":"https:\/\/grandepremio.com\/br\/wp-json\/wp\/v2\/42wp_author?post=87179"}],"curies":[{"name":"wp","href":"https:\/\/api.w.org\/{rel}","templated":true}]}}