{"id":87280,"date":"2024-02-22T19:03:44","date_gmt":"2024-02-22T22:03:44","guid":{"rendered":"https:\/\/grandepremio.com\/br\/noticias\/formula-e-programa-treino-livre-exclusivo-para-novatos-no-ep-de-misano\/"},"modified":"2024-02-23T00:27:37","modified_gmt":"2024-02-23T03:27:37","slug":"formula-e-programa-treino-livre-exclusivo-para-novatos-no-ep-de-misano","status":"publish","type":"post","link":"https:\/\/grandepremio.com\/br\/formula-e\/formula-e-programa-treino-livre-exclusivo-para-novatos-no-ep-de-misano\/","title":{"rendered":"F\u00f3rmula E programa treino livre exclusivo para novatos no eP de Misano"},"content":{"rendered":"\n<p class=\"wp-block-paragraph\">Buscando dar oportunidades a novatos em um grid recheado de veteranos, a <strong>F\u00f3rmula E<\/strong> ter\u00e1 uma sess\u00e3o extra de treino livre no <strong>eP de Misano<\/strong>, programado para abril, apenas para pilotos que n\u00e3o tenham participado de uma corrida na categoria. <\/p>\n\n\n\n<p class=\"wp-block-paragraph\">Al\u00e9m disso, um m\u00eas depois, <strong>Berlim <\/strong>receber\u00e1 um dia completo de testes, assim como no ano passado \u2014 que terminou com lideran\u00e7a de <strong>Felipe Drugovich<\/strong>, pela <strong>Maserati<\/strong>. A informa\u00e7\u00e3o \u00e9 do jornalista Sam Smith.<\/p>\n\n\n\n<p class=\"wp-block-paragraph\">Nos moldes do treino livre feito em <strong>Roma<\/strong>, a sess\u00e3o de Misano ser\u00e1 realizada na sexta-feira, dia 12 de abril, e cada equipe vai participar com um carro durante 30 minutos de atividade. Assim, 11 novatos ter\u00e3o a oportunidade de testar os monopostos el\u00e9tricos em um fim de semana que n\u00e3o sofre choque de datas com outras categorias \u2014 possibilitando presen\u00e7as de pilotos da <strong>F\u00f3rmula 2<\/strong> e <strong>F\u00f3rmula 3<\/strong>, por exemplo.<\/p>\n\n\n\n<p class=\"wp-block-paragraph\">A F\u00f3rmula E recebeu cr\u00edticas de algumas equipes ao decidir fazer uma atividade para novatos no dif\u00edcil circuito urbano de Roma, no ano passado \u2014 que tamb\u00e9m terminou com lideran\u00e7a de Drugovich. Este ano, Misano substituiu a pista da capital italiana por problemas relacionados \u00e0 seguran\u00e7a, depois da assustadora batida de Sam Bird em 2023, e \u00e9 considerado um circuito com menos propens\u00e3o a acidentes por ser permanente, com \u00e1reas de escape.<\/p>\n\n\n\n<figure class=\"wp-block-image size-large\"><img decoding=\"async\" src=\"https:\/\/www.grandepremio.com\/br\/wp-content\/uploads\/2023\/09\/MotoGP-2023-San-Marini-Misano-Sexta-Ducati-Francesco-Bagnaia2-1024x682.jpg\" alt=\"\" class=\"wp-image-727343\"\/><figcaption class=\"wp-element-caption\">Misano j\u00e1 recebe a MotoGP e agora tamb\u00e9m a F\u00f3rmula E (Foto: Ducati)<\/figcaption><\/figure>\n\n\n\n<p class=\"wp-block-paragraph\"><strong>&nbsp;Inscreva-se nos dois canais do GRANDE PR\u00caMIO no YouTube:&nbsp;<a href=\"https:\/\/www.youtube.com\/channel\/UC9OlHEgxoaY6QY6nWPoiqQg?sub_confirmation=1\" target=\"_blank\" rel=\"noreferrer noopener\">GP<\/a>&nbsp;|&nbsp;<a href=\"https:\/\/www.youtube.com\/channel\/UC9csiS6q_C3C0FYhyr1rnFA?sub_confirmation=1\" target=\"_blank\" rel=\"noreferrer noopener\">GP2<\/a><\/strong><br><strong>&nbsp;<a href=\"https:\/\/www.twitch.tv\/grandepremio\" target=\"_blank\" rel=\"noreferrer noopener\">Conhe\u00e7a o canal do GRANDE PR\u00caMIO na Twitch clicando aqui!<\/a><\/strong><\/p>\n\n\n\n<p class=\"wp-block-paragraph\"><strong>Zane Maloney<\/strong>, <strong>Tim Tramnitz<\/strong>, <strong>Kush Maini<\/strong> e <strong>Caio Collet<\/strong> s\u00e3o alguns dos novatos cotados para participarem dos testes, respectivamente por <strong>Andretti<\/strong>, <strong>Abt Cupra<\/strong>, <strong>Mahindra <\/strong>e <strong>Nissan<\/strong>. O brasileiro, que foi anunciado como reserva do time japon\u00eas no <strong>eP da Cidade do M\u00e9xico<\/strong>, abertura do campeonato, pode ter sua primeira participa\u00e7\u00e3o em uma sess\u00e3o da F\u00f3rmula E.<\/p>\n\n\n\n<p class=\"wp-block-paragraph\">A&nbsp;<a href=\"https:\/\/www.grandepremio.com\/br\/formula-e\/\" target=\"_blank\" rel=\"noreferrer noopener\"><\/a><a href=\"https:\/\/www.grandepremio.com\/br\/formula-e\/\" target=\"_blank\" rel=\"noreferrer noopener\">F\u00f3rmula E<\/a>&nbsp;retorna agora entre os dias 15 e 16 de mar\u00e7o, com o&nbsp;<strong>eP de&nbsp;<a href=\"https:\/\/www.grandepremio.com\/br\/circuito\/sao-paulo\/\" target=\"_blank\" rel=\"noreferrer noopener\">S\u00e3o Paulo<\/a><\/strong>, que ter\u00e1 cobertura \u2018<strong>in loco<\/strong>\u2018 do&nbsp;<strong>GRANDE PR\u00caMIO<\/strong>. O&nbsp;<strong>GP<\/strong>&nbsp;\u00e9 emissora oficial da&nbsp;<strong><a href=\"https:\/\/www.grandepremio.com\/br\/formula-e\/\" target=\"_blank\" rel=\"noreferrer noopener\">F\u00f3rmula E<\/a><\/strong>&nbsp;no Brasil e transmite todas as atividades de pista&nbsp;<strong>AO VIVO e COM IMAGENS<\/strong>&nbsp;no&nbsp;<strong><a href=\"https:\/\/www.youtube.com\/c\/GrandePremioTV\" target=\"_blank\" rel=\"noreferrer noopener\">YouTube<\/a><\/strong>&nbsp;e no&nbsp;<strong><a href=\"https:\/\/m.kwai.com\/user\/@grandepremio\" target=\"_blank\" rel=\"noreferrer noopener\">Kwai<\/a><\/strong>.<\/p>\n\n\n\n<p class=\"wp-block-paragraph\"><strong><a href=\"https:\/\/bit.ly\/epSP2024GP\" target=\"_blank\" rel=\"noreferrer noopener\">Compre aqui os ingressos do eP de S\u00e3o Paulo 2024 da&nbsp;<\/a><a href=\"https:\/\/www.grandepremio.com\/br\/formula-e\/\" target=\"_blank\" rel=\"noreferrer noopener\">F\u00f3rmula E<\/a>&nbsp;com o cupom GRANDEPREMIO10<\/strong>.<\/p>\n\n\n\n<figure class=\"wp-block-embed is-type-video is-provider-youtube wp-block-embed-youtube wp-embed-aspect-16-9 wp-has-aspect-ratio\"><div class=\"wp-block-embed__wrapper\">\n<iframe loading=\"lazy\" title=\"62 corridas SEM VIT\u00d3RIA e MUITO AZAR: a sina de S\u00e9bastien Buemi na F\u00f3rmula E | GP \u00e0s 10\" width=\"500\" height=\"281\" src=\"https:\/\/www.youtube.com\/embed\/nz7_Bc9Vhd0?feature=oembed\" frameborder=\"0\" allow=\"accelerometer; autoplay; clipboard-write; encrypted-media; gyroscope; picture-in-picture; web-share\" referrerpolicy=\"strict-origin-when-cross-origin\" allowfullscreen><\/iframe>\n<\/div><\/figure>\n","protected":false},"excerpt":{"rendered":"<p>Nos moldes do que foi feito em Roma, a F\u00f3rmula E ter\u00e1 mais um treino livre exclusivo para pilotos novatos no eP de Misano, programado para acontecer entre os dias 12 e 14 de abril<\/p>\n","protected":false},"author":0,"featured_media":1000766769,"comment_status":"closed","ping_status":"closed","sticky":false,"template":"","format":"standard","meta":{"42wp_featured_image_caption":"","42wp_featured_image_credits":"","42wp_featured_video":"","42wp_featured_image_hidden":false,"42wp_authors_list":[],"footnotes":""},"categories":[19],"tags":[28679,6853,840,35967,1491,28285,35442,3464,36219,37653],"42wp_author":[47142],"class_list":["post-87280","post","type-post","status-publish","format-standard","has-post-thumbnail","hentry","category-formula-e","tag-calendario-formula-e","tag-classificacao-formula-e","tag-formula-e","tag-formula-e-2024","tag-grande-premio","tag-grandepremio","tag-horarios-formula-e","tag-misano","tag-onde-assistir-formula-e","tag-temporada-2024-da-formula-e","42wp_author-jp-nascimento"],"_links":{"self":[{"href":"https:\/\/grandepremio.com\/br\/wp-json\/wp\/v2\/posts\/87280","targetHints":{"allow":["GET"]}}],"collection":[{"href":"https:\/\/grandepremio.com\/br\/wp-json\/wp\/v2\/posts"}],"about":[{"href":"https:\/\/grandepremio.com\/br\/wp-json\/wp\/v2\/types\/post"}],"replies":[{"embeddable":true,"href":"https:\/\/grandepremio.com\/br\/wp-json\/wp\/v2\/comments?post=87280"}],"version-history":[{"count":0,"href":"https:\/\/grandepremio.com\/br\/wp-json\/wp\/v2\/posts\/87280\/revisions"}],"wp:featuredmedia":[{"embeddable":true,"href":"https:\/\/grandepremio.com\/br\/wp-json\/wp\/v2\/media\/1000766769"}],"wp:attachment":[{"href":"https:\/\/grandepremio.com\/br\/wp-json\/wp\/v2\/media?parent=87280"}],"wp:term":[{"taxonomy":"category","embeddable":true,"href":"https:\/\/grandepremio.com\/br\/wp-json\/wp\/v2\/categories?post=87280"},{"taxonomy":"post_tag","embeddable":true,"href":"https:\/\/grandepremio.com\/br\/wp-json\/wp\/v2\/tags?post=87280"},{"taxonomy":"42wp_author","embeddable":true,"href":"https:\/\/grandepremio.com\/br\/wp-json\/wp\/v2\/42wp_author?post=87280"}],"curies":[{"name":"wp","href":"https:\/\/api.w.org\/{rel}","templated":true}]}}