{"id":87352,"date":"2024-02-22T09:06:00","date_gmt":"2024-02-22T12:06:00","guid":{"rendered":"https:\/\/grandepremio.com\/br\/noticias\/fernando-alonso-volta-reclamar-formula-1-por-falta-testes-esbraveja-ridiculo\/"},"modified":"2024-02-22T23:24:55","modified_gmt":"2024-02-23T02:24:55","slug":"fernando-alonso-volta-reclamar-formula-1-por-falta-testes-esbraveja-ridiculo","status":"publish","type":"post","link":"https:\/\/grandepremio.com\/br\/f1\/fernando-alonso-volta-reclamar-formula-1-por-falta-testes-esbraveja-ridiculo\/","title":{"rendered":"Alonso volta a reclamar da F\u00f3rmula 1 por falta de testes e esbraveja: &#8220;\u00c9 rid\u00edculo&#8221;"},"content":{"rendered":"\n<p class=\"wp-block-paragraph\">Durante coletiva de imprensa que aconteceu no intervalo entre a primeira e segunda sess\u00f5es de treinos coletivos, nesta quinta-feira (22), no <strong>Bahrein<\/strong>, <strong>Fernando Alonso<\/strong> comentou <a href=\"https:\/\/www.grandepremio.com\/br\/f1\/noticias\/aston-martin-apresenta-amr24-busca-entrar-de-vez-entre-equipes-grandes-formula-1\/\">sobre o desenvolvimento visto no<\/a> <strong>AMR24<\/strong> da <strong>Aston Martin<\/strong> e voltou a criticar o formato da pr\u00e9-temporada. Para Alonso, o per\u00edodo de testes \u00e9 muito curto. <\/p>\n\n\n\n<p class=\"wp-block-paragraph\">O <a href=\"https:\/\/www.grandepremio.com\/br\/f1\/noticias\/5-coisas-que-aprendemos-no-segundo-dia-da-pre-temporada-da-f1-2024-no-bahrein\/\">espanhol levou a Aston Martin para a pista do circuito de<\/a> <strong>Sakhir<\/strong> durante o turno da manh\u00e3, mas s\u00f3 conseguiu completar <strong>31 voltas<\/strong> devido \u00e0 bandeira vermelha que encurtou em 1h a primeira sess\u00e3o por um problema com um dos bueiros da pista. No fim, o bicampe\u00e3o mundial fechou o dia na 12\u00aa posi\u00e7\u00e3o, com <strong>1min33s053<\/strong> em seu melhor giro.<\/p>\n\n\n\n<p class=\"wp-block-paragraph\">Assim como fez no in\u00edcio da semana, <a href=\"https:\/\/www.grandepremio.com\/br\/f1\/noticias\/fernando-alonso-prega-mais-tempo-testes-formula-1-injusto-apenas-um-dia-meio\/\">o asturiano voltou a criticar a falta de tempo<\/a> para as equipes acertarem melhor os carros durante a pr\u00e9-temporada. &#8220;Nosso programa est\u00e1 sempre em constante mudan\u00e7a, dependendo do tempo dispon\u00edvel. Com estes regulamentos, \u00e9 dif\u00edcil entender como podemos ter um dia e meio para cada piloto se preparar para o campeonato&#8221;, argumentou.<\/p>\n\n\n\n<p class=\"wp-block-paragraph\">Para defender seu ponto, Alonso usou outros esportes como exemplo. &#8220;\u00c9 como se no futebol ou no t\u00eanis, voc\u00ea trocasse a raquete ou as bolas antes de um torneio ou antes de uma temporada e fizesse os jogadores testarem um dia antes do Grand Slam&#8221;, <a href=\"https:\/\/www.grandepremio.com\/br\/f1\/noticias\/lance-stroll-admite-fernando-alonso-mais-rapido-fisicamente-mais-forte-f1-2024\/\">explicou o companheiro de<\/a> <strong>Lance Stroll<\/strong>.<\/p>\n\n\n\n<figure class=\"wp-block-image size-large\"><img decoding=\"async\" src=\"https:\/\/www.grandepremio.com\/br\/wp-content\/uploads\/2024\/02\/fernand-alonso-aston-martin-amr24-2024-f1-testing-2-1024x682.jpg\" alt=\"\" class=\"wp-image-779193\"\/><figcaption class=\"wp-element-caption\">Fernando Alonso elogiou desempenho do AMR24 (Foto: Aston Martin)<\/figcaption><\/figure>\n\n\n\n<p class=\"wp-block-paragraph\">&#8220;Estamos em um esporte mais sofisticado, com um or\u00e7amento de US$ 200 milh\u00f5es [na verdade, s\u00e3o US$ 135 milh\u00f5es] por equipe por ano e coisas assim. \u00c9 rid\u00edculo&#8221;, disparou.<\/p>\n\n\n\n<p class=\"wp-block-paragraph\">Ainda durante a coletiva, Alonso foi questionado se o novo carro do time de <strong>Silverstone<\/strong> conseguiu dar um passo \u00e0 frente em rela\u00e7\u00e3o ao seu antecessor, o <strong>AMR23<\/strong>. &#8220;\u00c9 dif\u00edcil dizer, s\u00e3o apenas testes e n\u00e3o temos ideia do que os outros est\u00e3o fazendo&#8221;, respondeu.<\/p>\n\n\n\n<p class=\"wp-block-paragraph\">Entrando em sua segunda temporada com a Aston Martin em 2024, Alonso demonstrou anima\u00e7\u00e3o pela temporada que se aproxima e comentou sobre o tratamento que recebe da equipe ap\u00f3s um in\u00edcio de sucesso em 2023.<\/p>\n\n\n\n<p class=\"wp-block-paragraph\">&#8220;\u00c9 diferente, mas ainda amo o que fa\u00e7o&#8221;, revelou. &#8220;De certa forma, uma nova temporada sempre traz emo\u00e7\u00f5es e novas opini\u00f5es. Voc\u00ea quer descobrir como o carro se comporta e o qu\u00e3o competitivo ser\u00e1&#8221;, assegurou.<\/p>\n\n\n\n<p class=\"wp-block-paragraph\">Em rela\u00e7\u00e3o ao amplo dom\u00ednio da <strong>Red Bull<\/strong> visto no primeiro dia dos testes, Fernando admitiu que ser\u00e1 complicado superar os austr\u00edacos depois de um per\u00edodo t\u00e3o dominante em 2023. &#8220;\u00c9 dif\u00edcil superar um d\u00e9ficit na F1, e n\u00e3o \u00e9 muito dif\u00edcil manter uma vantagem se voc\u00ea come\u00e7ar com o p\u00e9 direito&#8221;, finalizou.<\/p>\n\n\n\n<p class=\"wp-block-paragraph\">O terceiro dia de testes ser\u00e1 nesta sexta-feira, \u00e0s 4h (de Bras\u00edlia), com transmiss\u00e3o da <strong>F1 TV<\/strong> e cobertura completa do <strong>GRANDE PR\u00caMIO<\/strong>, <a href=\"https:\/\/www.youtube.com\/c\/GrandePremioTV\/streams\">com a an\u00e1lise do<\/a> <strong>Briefing<\/strong> ap\u00f3s cada dia de atividade. As sess\u00f5es v\u00e3o de 4h (em Bras\u00edlia) at\u00e9 13h, com intervalo das 9h \u00e0s 10h.<\/p>\n\n\n\n<p class=\"wp-block-paragraph\"><strong><img decoding=\"async\" src=\"https:\/\/a.slack-edge.com\/production-standard-emoji-assets\/14.0\/google-medium\/25b6-fe0f.png\" alt=\":seta_para_frente:\">&nbsp;Inscreva-se nos dois canais do GRANDE PR\u00caMIO no YouTube:&nbsp;<a href=\"https:\/\/www.youtube.com\/channel\/UC9OlHEgxoaY6QY6nWPoiqQg?sub_confirmation=1\" target=\"_blank\" rel=\"noreferrer noopener\">GP<\/a>&nbsp;|&nbsp;<a href=\"https:\/\/www.youtube.com\/channel\/UC9csiS6q_C3C0FYhyr1rnFA?sub_confirmation=1\" target=\"_blank\" rel=\"noreferrer noopener\">GP2<\/a><\/strong><br><strong><img decoding=\"async\" src=\"https:\/\/a.slack-edge.com\/production-standard-emoji-assets\/14.0\/google-medium\/25b6-fe0f.png\" alt=\":seta_para_frente:\"><a href=\"https:\/\/www.twitch.tv\/grandepremio\" target=\"_blank\" rel=\"noreferrer noopener\">Conhe\u00e7a o canal do GRANDE PR\u00caMIO na Twitch clicando aqui!<\/a><\/strong><\/p>\n\n\n\n<figure class=\"wp-block-embed is-type-video is-provider-youtube wp-block-embed-youtube wp-embed-aspect-16-9 wp-has-aspect-ratio\"><div class=\"wp-block-embed__wrapper\">\n<iframe loading=\"lazy\" title=\"SAINZ FAZ MELHOR TEMPO DOS TESTES E INJETA \u00c2NIMO NA F1 2024 | Briefing\" width=\"500\" height=\"281\" src=\"https:\/\/www.youtube.com\/embed\/oCUYGXbPHj8?feature=oembed\" frameborder=\"0\" allow=\"accelerometer; autoplay; clipboard-write; encrypted-media; gyroscope; picture-in-picture; web-share\" referrerpolicy=\"strict-origin-when-cross-origin\" allowfullscreen><\/iframe>\n<\/div><\/figure>\n","protected":false},"excerpt":{"rendered":"<p>Durante coletiva de imprensa no segundo dia de testes da F1 no Bahrein, Fernando Alonso voltou a criticar o formato da pr\u00e9-temporada e disse que ser\u00e1 &#8220;muito dif\u00edcil&#8221; superar a Red Bull em 2024<\/p>\n","protected":false},"author":0,"featured_media":1000779499,"comment_status":"closed","ping_status":"closed","sticky":false,"template":"","format":"standard","meta":{"42wp_featured_image_caption":"","42wp_featured_image_credits":"","42wp_featured_video":"","42wp_featured_image_hidden":false,"42wp_authors_list":[],"footnotes":""},"categories":[2],"tags":[309,1667,5660,969,147,3230,642,160,176,180,30909,1491,30103,28285,2717,305],"42wp_author":[47160],"class_list":["post-87352","post","type-post","status-publish","format-standard","has-post-thumbnail","hentry","category-f1","tag-aston-martin","tag-bahrein","tag-classificacao","tag-corrida","tag-f1","tag-f1-2024","tag-f1-ao-vivo","tag-f1-tv","tag-fernando-alonso","tag-formula-1","tag-formula-1-2024","tag-grande-premio","tag-grande-premio-f1","tag-grandepremio","tag-pre-temporada","tag-testes","42wp_author-vicente-soella"],"_links":{"self":[{"href":"https:\/\/grandepremio.com\/br\/wp-json\/wp\/v2\/posts\/87352","targetHints":{"allow":["GET"]}}],"collection":[{"href":"https:\/\/grandepremio.com\/br\/wp-json\/wp\/v2\/posts"}],"about":[{"href":"https:\/\/grandepremio.com\/br\/wp-json\/wp\/v2\/types\/post"}],"replies":[{"embeddable":true,"href":"https:\/\/grandepremio.com\/br\/wp-json\/wp\/v2\/comments?post=87352"}],"version-history":[{"count":0,"href":"https:\/\/grandepremio.com\/br\/wp-json\/wp\/v2\/posts\/87352\/revisions"}],"wp:featuredmedia":[{"embeddable":true,"href":"https:\/\/grandepremio.com\/br\/wp-json\/wp\/v2\/media\/1000779499"}],"wp:attachment":[{"href":"https:\/\/grandepremio.com\/br\/wp-json\/wp\/v2\/media?parent=87352"}],"wp:term":[{"taxonomy":"category","embeddable":true,"href":"https:\/\/grandepremio.com\/br\/wp-json\/wp\/v2\/categories?post=87352"},{"taxonomy":"post_tag","embeddable":true,"href":"https:\/\/grandepremio.com\/br\/wp-json\/wp\/v2\/tags?post=87352"},{"taxonomy":"42wp_author","embeddable":true,"href":"https:\/\/grandepremio.com\/br\/wp-json\/wp\/v2\/42wp_author?post=87352"}],"curies":[{"name":"wp","href":"https:\/\/api.w.org\/{rel}","templated":true}]}}