{"id":87371,"date":"2024-02-21T19:31:53","date_gmt":"2024-02-21T22:31:53","guid":{"rendered":"https:\/\/grandepremio.com\/br\/noticias\/daniel-ricciardo-prega-cautela-espera-rb-parte-de-cima-f1-2024\/"},"modified":"2024-02-21T19:32:34","modified_gmt":"2024-02-21T22:32:34","slug":"daniel-ricciardo-prega-cautela-espera-rb-parte-de-cima-f1-2024","status":"publish","type":"post","link":"https:\/\/grandepremio.com\/br\/f1\/daniel-ricciardo-prega-cautela-espera-rb-parte-de-cima-f1-2024\/","title":{"rendered":"Ricciardo prega cautela, mas espera RB na &#8220;parte de cima&#8221; na F1 2024"},"content":{"rendered":"\n<p class=\"wp-block-paragraph\">Ap\u00f3s dois anos, <strong>Daniel Ricciardo<\/strong> <a href=\"https:\/\/www.grandepremio.com\/br\/f1\/noticias\/rb-escalacao-pre-temporada-alterna-yuki-tsunoda-daniel-ricciardo-bahrein\/\">voltou a participar dos testes de pr\u00e9-temporada<\/a> da <strong>F\u00f3rmula 1<\/strong>. O australiano vai come\u00e7ar o primeiro ano completo na categoria desde a sa\u00edda da <strong>McLaren<\/strong>, no fim de 2022. Vestindo as novas cores da <strong>RB<\/strong> \u2014 ou <strong>Visa Cash App RB<\/strong> \u2014, o companheiro de <strong>Yuki Tsunoda<\/strong> completou um total de <strong>51 voltas<\/strong> nesta quarta-feira (21), cravou o tempo de <strong>1min32s599<\/strong> e terminou as atividades na quarta posi\u00e7\u00e3o.<\/p>\n\n\n\n<p class=\"wp-block-paragraph\">No in\u00edcio de janeiro, a RB iniciou um <a href=\"https:\/\/www.grandepremio.com\/br\/f1\/noticias\/alphatauri-deixa-centro-aerodinamico-bicester-passa-operar-milton-keynes\/\">processo de transi\u00e7\u00e3o nas instala\u00e7\u00f5es<\/a>. O time vai deixar de usar o t\u00fanel de vento de<strong>&nbsp;Bicester<\/strong>, na <strong>Inglaterra<\/strong>, e passar\u00e1 a operar em&nbsp;<strong>Milton Keynes<\/strong>, muito pr\u00f3ximo da sede da equipe irm\u00e3&nbsp;<strong>Red Bull<\/strong>. Desta forma, espera-se que a escuderia comandada por <strong>Laurent Mekies<\/strong> tenha <a href=\"https:\/\/www.grandepremio.com\/br\/f1\/noticias\/rb-apresenta-vcarb-01-mescla-esquema-cores-red-bull-detalhes-brancos\/#:~:text=A%20RB%2C%20ou%20Visa%20Cash,1%2C%20batizado%20de%20VCARB%2001.\">vantagens no desenvolvimento da<\/a> <strong>VCARB01<\/strong>, carro da temporada.<\/p>\n\n\n\n<p class=\"wp-block-paragraph\">Apesar das melhorias vistas no <strong>Bahrein<\/strong>, Ricciardo moderou as expectativas. &#8220;Precisamos ser um pouco cautelosos. Acho que o objetivo no decorrer da temporada \u00e9 a parte de cima do pelot\u00e3o intermedi\u00e1rio&#8221;, disse ele.<\/p>\n\n\n\n<p class=\"wp-block-paragraph\">&#8220;Mas diria que, agora, onde estamos, \u00e9 provavelmente mais no meio do grid&#8221;, apostou o <strong>#3<\/strong>. &#8220;Ainda n\u00e3o tenho certeza se estamos na frente [do pelot\u00e3o intermedi\u00e1rio], mas esse certamente \u00e9 o nosso alvo&#8221;, acrescentou.<\/p>\n\n\n\n<figure class=\"wp-block-image size-large\"><img decoding=\"async\" src=\"https:\/\/www.grandepremio.com\/br\/wp-content\/uploads\/2024\/02\/ricciardo-pre-season-test-day1-1024x683.jpg\" alt=\"\" class=\"wp-image-779442\"\/><figcaption class=\"wp-element-caption\">Daniel Ricciardo prega cautela ap\u00f3s 1\u00ba dia de testes no Bahrein (Foto: Pirelli)<\/figcaption><\/figure>\n\n\n\n<p class=\"wp-block-paragraph\">No ano passado, a RB \u2014 ainda nomeada <strong>AlphaTauri<\/strong> \u2014 terminou o <strong>Mundial de Construtores<\/strong> na oitava coloca\u00e7\u00e3o, apenas 3 pontos atr\u00e1s da <strong>Williams<\/strong>, a s\u00e9tima. O antigo modelo, a <strong>AT04<\/strong>, apresentou uma melhora vis\u00edvel nas \u00faltimas etapas do campeonato, e o bom desenvolvimento parece ter continuado para 2024. Ricciardo, no entanto, preferiu manter os p\u00e9s no ch\u00e3o.<\/p>\n\n\n\n<p class=\"wp-block-paragraph\">&#8220;Sei que algumas pessoas est\u00e3o bastante entusiasmadas com a nossa entrada na temporada, mas quero ser um pouco cauteloso. Temos um carro decente, mas ainda h\u00e1 muito trabalho a fazer&#8221;, admitiu.<\/p>\n\n\n\n<p class=\"wp-block-paragraph\">Em 2022, ap\u00f3s dois anos com um desempenho abaixo das expectativas, a McLaren <a href=\"https:\/\/www.grandepremio.com\/br\/f1\/noticias\/daniel-ricciardo-vitoria-monza-mclaren-despedida-sem-arrependimentos\/\">decidiu rescindir o contrato de Riccardo<\/a>. O australiano ficou sem vaga no grid at\u00e9 meados do ano passado, quando, em julho, a AlphaTauri <a href=\"https:\/\/www.grandepremio.com\/br\/f1\/noticias\/red-bull-confirma-demissao-nyck-de-vries-alphatauri-resgata-daniel-ricciardo-f1-2023\/\">decidiu se desfazer de<\/a> <strong>Nyck De Vries<\/strong> e colocar o piloto de <strong>Perth<\/strong> em seu lugar.<\/p>\n\n\n\n<p class=\"wp-block-paragraph\">&#8220;Gostei da pr\u00e9-temporada do ano passado&#8221;, brincou o <strong>#3<\/strong>, que n\u00e3o estava na F1 em fevereiro. &#8220;Gostei de ter uma folga. Mas, um ano depois, estou muito feliz por estar aqui nos testes&#8221;, finalizou.<\/p>\n\n\n\n<p class=\"wp-block-paragraph\">O segundo dia de testes come\u00e7a nesta quinta-feira, \u00e0s 4h (de Bras\u00edlia). Todas as sess\u00f5es s\u00e3o transmitidas pela&nbsp;<strong><a href=\"https:\/\/www.grandepremio.com\/br\/f1\/\" target=\"_blank\" rel=\"noreferrer noopener\">F1&nbsp;<\/a>TV<\/strong>&nbsp;e recebem cobertura total do&nbsp;<strong>GRANDE PR\u00caMIO<\/strong>,&nbsp;<a href=\"https:\/\/www.youtube.com\/c\/GrandePremioTV\/streams\">com a an\u00e1lise do<\/a>&nbsp;<strong>Briefing&nbsp;<\/strong>ap\u00f3s cada dia de atividade.<\/p>\n\n\n\n<p class=\"wp-block-paragraph\"><strong><img decoding=\"async\" src=\"https:\/\/a.slack-edge.com\/production-standard-emoji-assets\/14.0\/google-medium\/25b6-fe0f.png\" alt=\":seta_para_frente:\">&nbsp;Inscreva-se nos dois canais do GRANDE PR\u00caMIO no YouTube:&nbsp;<a href=\"https:\/\/www.youtube.com\/channel\/UC9OlHEgxoaY6QY6nWPoiqQg?sub_confirmation=1\" target=\"_blank\" rel=\"noreferrer noopener\">GP<\/a>&nbsp;|&nbsp;<a href=\"https:\/\/www.youtube.com\/channel\/UC9csiS6q_C3C0FYhyr1rnFA?sub_confirmation=1\" target=\"_blank\" rel=\"noreferrer noopener\">GP2<\/a><\/strong><br><strong><img decoding=\"async\" src=\"https:\/\/a.slack-edge.com\/production-standard-emoji-assets\/14.0\/google-medium\/25b6-fe0f.png\" alt=\":seta_para_frente:\"><a href=\"https:\/\/www.twitch.tv\/grandepremio\" target=\"_blank\" rel=\"noreferrer noopener\">Conhe\u00e7a o canal do GRANDE PR\u00caMIO na Twitch clicando aqui!<\/a><\/strong><\/p>\n\n\n\n<figure class=\"wp-block-embed is-type-video is-provider-youtube wp-block-embed-youtube wp-embed-aspect-16-9 wp-has-aspect-ratio\"><div class=\"wp-block-embed__wrapper\">\n<iframe loading=\"lazy\" title=\"QUE \u00c9 ISSO, VERSTAPPEN?? Mais de 1 SEGUNDO no 1\u00ba dia de testes da F1 2024 no Bahrein | Briefing\" width=\"500\" height=\"281\" src=\"https:\/\/www.youtube.com\/embed\/mSvqHWjQF3E?feature=oembed\" frameborder=\"0\" allow=\"accelerometer; autoplay; clipboard-write; encrypted-media; gyroscope; picture-in-picture; web-share\" referrerpolicy=\"strict-origin-when-cross-origin\" allowfullscreen><\/iframe>\n<\/div><\/figure>\n","protected":false},"excerpt":{"rendered":"<p>Daniel Ricciardo foi o quarto piloto mais r\u00e1pido no primeiro dia dos testes de pr\u00e9-temporada no Bahrein. No entanto, piloto da RB pregou cautela e admitiu que h\u00e1 &#8220;muito trabalho a fazer&#8221;<\/p>\n","protected":false},"author":0,"featured_media":1000779441,"comment_status":"closed","ping_status":"closed","sticky":false,"template":"","format":"standard","meta":{"42wp_featured_image_caption":"","42wp_featured_image_credits":"","42wp_featured_video":"","42wp_featured_image_hidden":false,"42wp_authors_list":[],"footnotes":""},"categories":[2],"tags":[654,20491,309,1667,546,209,5660,211,302,3230,642,176,207,800,3746,119,117,485,547,87,25553,203,90,82,1521,2916,676,25693,204,1756,1197,3132,30658,1881,1979,30952,612,215,597],"42wp_author":[47160],"class_list":["post-87371","post","type-post","status-publish","format-standard","has-post-thumbnail","hentry","category-f1","tag-alexander-albon","tag-alpine","tag-aston-martin","tag-bahrein","tag-carlos-sainz","tag-charles-leclerc","tag-classificacao","tag-daniel-ricciardo","tag-esteban-ocon","tag-f1-2024","tag-f1-ao-vivo","tag-fernando-alonso","tag-ferrari","tag-george-russell","tag-guanyu-zhou","tag-haas","tag-kevin-magnussen","tag-lance-stroll","tag-lando-norris","tag-lewis-hamilton","tag-logan-sargeant","tag-max-verstappen","tag-mclaren","tag-mercedes","tag-nico-hulkenberg","tag-oscar-piastri","tag-pierre-gasly","tag-rb","tag-red-bull","tag-sakhir","tag-sauber","tag-sergio-perez","tag-testes-bahrein","tag-testes-coletivos","tag-testes-f1","tag-testes-formula-1","tag-valtteri-bottas","tag-williams","tag-yuki-tsunoda","42wp_author-vicente-soella"],"_links":{"self":[{"href":"https:\/\/grandepremio.com\/br\/wp-json\/wp\/v2\/posts\/87371","targetHints":{"allow":["GET"]}}],"collection":[{"href":"https:\/\/grandepremio.com\/br\/wp-json\/wp\/v2\/posts"}],"about":[{"href":"https:\/\/grandepremio.com\/br\/wp-json\/wp\/v2\/types\/post"}],"replies":[{"embeddable":true,"href":"https:\/\/grandepremio.com\/br\/wp-json\/wp\/v2\/comments?post=87371"}],"version-history":[{"count":0,"href":"https:\/\/grandepremio.com\/br\/wp-json\/wp\/v2\/posts\/87371\/revisions"}],"wp:featuredmedia":[{"embeddable":true,"href":"https:\/\/grandepremio.com\/br\/wp-json\/wp\/v2\/media\/1000779441"}],"wp:attachment":[{"href":"https:\/\/grandepremio.com\/br\/wp-json\/wp\/v2\/media?parent=87371"}],"wp:term":[{"taxonomy":"category","embeddable":true,"href":"https:\/\/grandepremio.com\/br\/wp-json\/wp\/v2\/categories?post=87371"},{"taxonomy":"post_tag","embeddable":true,"href":"https:\/\/grandepremio.com\/br\/wp-json\/wp\/v2\/tags?post=87371"},{"taxonomy":"42wp_author","embeddable":true,"href":"https:\/\/grandepremio.com\/br\/wp-json\/wp\/v2\/42wp_author?post=87371"}],"curies":[{"name":"wp","href":"https:\/\/api.w.org\/{rel}","templated":true}]}}