{"id":87399,"date":"2024-02-21T15:45:57","date_gmt":"2024-02-21T18:45:57","guid":{"rendered":"https:\/\/grandepremio.com\/br\/noticias\/max-verstappen-espanta-rb20-apos-1o-dia-bahrein-rapido-comparado-outros\/"},"modified":"2024-02-21T15:46:11","modified_gmt":"2024-02-21T18:46:11","slug":"max-verstappen-espanta-rb20-apos-1o-dia-bahrein-rapido-comparado-outros","status":"publish","type":"post","link":"https:\/\/grandepremio.com\/br\/f1\/max-verstappen-espanta-rb20-apos-1o-dia-bahrein-rapido-comparado-outros\/","title":{"rendered":"Verstappen se espanta com RB20 ap\u00f3s 1\u00ba dia no Bahrein: &#8220;R\u00e1pido comparado aos outros&#8221;"},"content":{"rendered":"\n<p class=\"wp-block-paragraph\">Chegou ao fim o primeiro dia dos <a href=\"https:\/\/www.grandepremio.com\/br\/f1\/noticias\/f1-2024-abre-pre-temporada-muito-mostrar-modo-todos-contra-red-bull\/\">testes coletivos de pr\u00e9-temporada da<\/a> <strong>F\u00f3rmula 1<\/strong>, que est\u00e3o acontecendo no <strong>Bahrein<\/strong>, palco da primeira corrida do ano. Nesta quarta-feira (21), <strong>Max Verstappen<\/strong> assumiu o volante do <strong>RB20<\/strong> e <a href=\"https:\/\/www.grandepremio.com\/br\/f1\/noticias\/max-verstappen-brinca-pique-pega-lidera-1-dia-testes-formula-1-bahrein\/\">cravou o tempo mais r\u00e1pido<\/a>, com <strong>1min31s344<\/strong>. O neerland\u00eas ficou <strong>1s1<\/strong> \u00e0 frente do segundo colocado, <strong>Lando Norris<\/strong>, da <strong>McLaren<\/strong>. O tricampe\u00e3o admitiu surpresa com a ampla vantagem em rela\u00e7\u00e3o \u00e0s advers\u00e1rias.<\/p>\n\n\n\n<p class=\"wp-block-paragraph\">O companheiro de <strong>Sergio P\u00e9rez<\/strong> foi o \u00fanico piloto da <strong>Red Bull<\/strong> a ir \u00e0 pista no primeiro dia de atividades. <a href=\"https:\/\/www.grandepremio.com\/br\/f1\/noticias\/red-bull-abre-max-verstappen-fecha-sergio-perez-pre-temporada-f1-2024\/\">O mexicano, por sua vez, est\u00e1 escalado para assumir o b\u00f3lido dos taurinos<\/a> na quinta-feira (22), pela manh\u00e3, e nas duas sess\u00f5es de sexta-feira (23). Verstappen completou <strong>143 voltas<\/strong> no total, ficando atr\u00e1s somente dos pilotos da <strong>Haas<\/strong>, <strong>Nico H\u00fclkenberg<\/strong> e <strong>Kevin Magnussen<\/strong>, que completaram juntos <strong>148 giros<\/strong>.<\/p>\n\n\n\n<p class=\"wp-block-paragraph\">Falando ap\u00f3s o primeiro dia, o tricampe\u00e3o pincelou sobre como foram as sess\u00f5es e as primeiras impress\u00f5es. &#8220;\u00c9 bom estar de volta. Acho que tivemos um bom dia&#8221;, disse. &#8220;Conseguimos fazer muitas voltas e, com rela\u00e7\u00e3o ao carro, pudemos testar muitas coisas, ent\u00e3o estou muito feliz no geral&#8221;, acrescentou.<\/p>\n\n\n\n<p class=\"wp-block-paragraph\">Depois de vencer <strong>19 das 22<\/strong> corridas disputadas em 2023, Verstappen j\u00e1 esperava que sua equipe come\u00e7asse o ano um passo \u00e0 frente das advers\u00e1rias. No entanto, a vantagem vista no primeiro dia de testes surpreendeu at\u00e9 mesmo o neerland\u00eas, que viu o <strong>RB20<\/strong> atropelar as rivais.<\/p>\n\n\n\n<figure class=\"wp-block-image size-large\"><img decoding=\"async\" src=\"https:\/\/www.grandepremio.com\/br\/wp-content\/uploads\/2024\/02\/max-verstappen-rb20-redbull-2024-f1-testing-2-1024x682.jpg\" alt=\"\" class=\"wp-image-779285\"\/><figcaption class=\"wp-element-caption\">Max Verstappen liderou com folga o 1\u00ba dia no Bahrein (Foto: Red Bull Racing)<\/figcaption><\/figure>\n\n\n\n<p class=\"wp-block-paragraph\">&#8220;Nas primeiras voltas, fiquei surpreso com o qu\u00e3o r\u00e1pido o RB20 \u00e9 comparado a todos os outros&#8221;, revelou. &#8220;E, sim, me diverti muito hoje. Fiquei muito feliz com a maneira como o carro reagiu, o equil\u00edbrio estava muito bom. \u00c9 apenas um teste, mas tivemos um bom dia&#8221;, finalizou.<\/p>\n\n\n\n<p class=\"wp-block-paragraph\">O segundo dia de testes come\u00e7a nesta quinta-feira, \u00e0s 4h (de Bras\u00edlia). Todas as sess\u00f5es s\u00e3o transmitidas pela <strong>F1 TV<\/strong> e recebem cobertura total do <strong>GRANDE PR\u00caMIO<\/strong>, <a href=\"https:\/\/www.youtube.com\/c\/GrandePremioTV\/streams\">com a an\u00e1lise do<\/a>&nbsp;<strong>Briefing&nbsp;<\/strong>ap\u00f3s cada dia de atividade.<\/p>\n\n\n\n<p class=\"wp-block-paragraph\"><strong><img decoding=\"async\" src=\"https:\/\/a.slack-edge.com\/production-standard-emoji-assets\/14.0\/google-medium\/25b6-fe0f.png\" alt=\":seta_para_frente:\">&nbsp;Inscreva-se nos dois canais do GRANDE PR\u00caMIO no YouTube:&nbsp;<a href=\"https:\/\/www.youtube.com\/channel\/UC9OlHEgxoaY6QY6nWPoiqQg?sub_confirmation=1\" target=\"_blank\" rel=\"noreferrer noopener\">GP<\/a>&nbsp;|&nbsp;<a href=\"https:\/\/www.youtube.com\/channel\/UC9csiS6q_C3C0FYhyr1rnFA?sub_confirmation=1\" target=\"_blank\" rel=\"noreferrer noopener\">GP2<\/a><\/strong><br><strong><img decoding=\"async\" src=\"https:\/\/a.slack-edge.com\/production-standard-emoji-assets\/14.0\/google-medium\/25b6-fe0f.png\" alt=\":seta_para_frente:\"><a href=\"https:\/\/www.twitch.tv\/grandepremio\" target=\"_blank\" rel=\"noreferrer noopener\">Conhe\u00e7a o canal do GRANDE PR\u00caMIO na Twitch clicando aqui!<\/a><\/strong><\/p>\n\n\n\n<figure class=\"wp-block-embed is-type-video is-provider-youtube wp-block-embed-youtube wp-embed-aspect-16-9 wp-has-aspect-ratio\"><div class=\"wp-block-embed__wrapper\">\n<iframe loading=\"lazy\" title=\"QUE \u00c9 ISSO, VERSTAPPEN?? Mais de 1 SEGUNDO no 1\u00ba dia de testes da F1 2024 no Bahrein | Briefing\" width=\"500\" height=\"281\" src=\"https:\/\/www.youtube.com\/embed\/mSvqHWjQF3E?feature=oembed\" frameborder=\"0\" allow=\"accelerometer; autoplay; clipboard-write; encrypted-media; gyroscope; picture-in-picture; web-share\" referrerpolicy=\"strict-origin-when-cross-origin\" allowfullscreen><\/iframe>\n<\/div><\/figure>\n","protected":false},"excerpt":{"rendered":"<p>Max Verstappen foi o mais r\u00e1pido durante o primeiro dia dos testes de pr\u00e9-temporada da F\u00f3rmula 1. Piloto da Red Bull revelou surpresa com ampla vantagem em rela\u00e7\u00e3o \u00e0s rivais<\/p>\n","protected":false},"author":0,"featured_media":1000779202,"comment_status":"closed","ping_status":"closed","sticky":false,"template":"","format":"standard","meta":{"42wp_featured_image_caption":"","42wp_featured_image_credits":"","42wp_featured_video":"","42wp_featured_image_hidden":false,"42wp_authors_list":[],"footnotes":""},"categories":[2],"tags":[1667,26271,5273,147,3230,180,30909,1491,28285,30840,203,35129,2717,27452,37756,204,1756,33301,30658,1979],"42wp_author":[47160],"class_list":["post-87399","post","type-post","status-publish","format-standard","has-post-thumbnail","hentry","category-f1","tag-bahrein","tag-calendario-f1","tag-classificacao-f1","tag-f1","tag-f1-2024","tag-formula-1","tag-formula-1-2024","tag-grande-premio","tag-grandepremio","tag-horarios-f1","tag-max-verstappen","tag-onde-assistir-f1","tag-pre-temporada","tag-pre-temporada-f1","tag-rb20","tag-red-bull","tag-sakhir","tag-temporada-2024-f1","tag-testes-bahrein","tag-testes-f1","42wp_author-vicente-soella"],"_links":{"self":[{"href":"https:\/\/grandepremio.com\/br\/wp-json\/wp\/v2\/posts\/87399","targetHints":{"allow":["GET"]}}],"collection":[{"href":"https:\/\/grandepremio.com\/br\/wp-json\/wp\/v2\/posts"}],"about":[{"href":"https:\/\/grandepremio.com\/br\/wp-json\/wp\/v2\/types\/post"}],"replies":[{"embeddable":true,"href":"https:\/\/grandepremio.com\/br\/wp-json\/wp\/v2\/comments?post=87399"}],"version-history":[{"count":0,"href":"https:\/\/grandepremio.com\/br\/wp-json\/wp\/v2\/posts\/87399\/revisions"}],"wp:featuredmedia":[{"embeddable":true,"href":"https:\/\/grandepremio.com\/br\/wp-json\/wp\/v2\/media\/1000779202"}],"wp:attachment":[{"href":"https:\/\/grandepremio.com\/br\/wp-json\/wp\/v2\/media?parent=87399"}],"wp:term":[{"taxonomy":"category","embeddable":true,"href":"https:\/\/grandepremio.com\/br\/wp-json\/wp\/v2\/categories?post=87399"},{"taxonomy":"post_tag","embeddable":true,"href":"https:\/\/grandepremio.com\/br\/wp-json\/wp\/v2\/tags?post=87399"},{"taxonomy":"42wp_author","embeddable":true,"href":"https:\/\/grandepremio.com\/br\/wp-json\/wp\/v2\/42wp_author?post=87399"}],"curies":[{"name":"wp","href":"https:\/\/api.w.org\/{rel}","templated":true}]}}