{"id":87500,"date":"2024-02-20T13:27:00","date_gmt":"2024-02-20T16:27:00","guid":{"rendered":"https:\/\/grandepremio.com\/br\/noticias\/chefe-jaguar-jean-eric-vergne-passou-do-ponto-mitch-evans-levou-vantagem\/"},"modified":"2024-02-20T13:38:01","modified_gmt":"2024-02-20T16:38:01","slug":"chefe-jaguar-jean-eric-vergne-passou-do-ponto-mitch-evans-levou-vantagem","status":"publish","type":"post","link":"https:\/\/grandepremio.com\/br\/formula-e\/chefe-jaguar-jean-eric-vergne-passou-do-ponto-mitch-evans-levou-vantagem\/","title":{"rendered":"Chefe da Jaguar diz que Vergne &#8220;passou do ponto&#8221; ao tocar em Evans: &#8220;Levou vantagem&#8221;"},"content":{"rendered":"\n<p class=\"wp-block-paragraph\"><strong>Mitch Evans <\/strong>e <strong>Jean-\u00c8ric Vergne<\/strong> se envolveram em dois incidentes controversos durante a <a href=\"https:\/\/www.youtube.com\/watch?v=_jNgALMfYFc\" target=\"_blank\" rel=\"noreferrer noopener\">corrida 1<\/a> da <strong>F\u00f3rmula E<\/strong> no <strong>eP de Diriyah<\/strong>, primeira rodada dupla da temporada, e o <strong>GRANDE PR\u00caMIO <\/strong>buscou saber a opini\u00e3o da <strong>Jaguar <\/strong>sobre um dos movimentos feitos pelo franc\u00eas da <strong>DS Penske<\/strong>. Antes da pol\u00eamica na \u00faltima volta, quando se mexeu na zona de frenagem, Vergne espremeu Evans no muro ainda durante a volta 4, em um movimento incomum na categoria atualmente.<\/p>\n\n\n\n<p class=\"wp-block-paragraph\">Na ocasi\u00e3o, Evans voltava ao tra\u00e7ado da pista ap\u00f3s ativar o modo ataque, e Vergne ignorou a presen\u00e7a do carro da Jaguar, mantendo a linha natural de corrida. Assim, os dois carros se tocaram, o que fez com que o neozeland\u00eas tamb\u00e9m atingisse o muro. A quest\u00e3o \u00e9 que uma das recomenda\u00e7\u00f5es aos pilotos \u00e9 de justamente darem espa\u00e7o para aqueles que voltam do tra\u00e7ado externo, o que o franc\u00eas n\u00e3o fez. E o chefe da Jaguar, <strong>James Barclay<\/strong>, admitiu que o movimento &#8220;passou do ponto&#8221;.<\/p>\n\n\n\n<p class=\"wp-block-paragraph\">&#8220;Diria que est\u00e1 no passado, mas, naquele momento, achei que passou do ponto&#8221;, admitiu Barclay ao ser questionado pelo <strong>GP<\/strong>. &#8220;As indica\u00e7\u00f5es para os pilotos no briefing s\u00e3o de que voc\u00ea precisa dar espa\u00e7o ao piloto que est\u00e1 retornando \u00e0 pista depois de ativar o modo ataque, e acho que quando Vergne fez contato com Mitch [Evans] e o espremeu no muro, n\u00e3o seguiu essas dire\u00e7\u00f5es&#8221;, disse.<\/p>\n\n\n\n<p class=\"wp-block-paragraph\">&#8220;N\u00f3s respeitamos os comiss\u00e1rios, eles decidiram n\u00e3o punir&#8221;, destacou. &#8220;Naquele momento, minha perspectiva foi de que passou do ponto, mas est\u00e1 no passado e precisamos olhar para a frente&#8221;, afirmou.<\/p>\n\n\n\n<figure class=\"wp-block-image size-full\"><img decoding=\"async\" src=\"https:\/\/www.grandepremio.com\/br\/wp-content\/uploads\/2024\/01\/GPF2-4.jpg\" alt=\"\" class=\"wp-image-772587\"\/><figcaption class=\"wp-element-caption\">Evans n\u00e3o teve espa\u00e7o ao sair do modo ataque e raspou o muro (Foto: F\u00f3rmula E)<\/figcaption><\/figure>\n\n\n\n<p class=\"wp-block-paragraph\">Assim como fez <strong>Nick Cassidy <\/strong><a href=\"https:\/\/www.grandepremio.com\/br\/formula-e\/noticias\/nick-cassidy-critica-manobra-jean-eric-vergne-mitch-evans-diriyah-limite-do-justo\/\" target=\"_blank\" rel=\"noreferrer noopener\">ao comentar o lance<\/a>, Barclay pregou a import\u00e2ncia de manter a consist\u00eancia nas decis\u00f5es da dire\u00e7\u00e3o de prova. Como os comiss\u00e1rios decidiram n\u00e3o interferir no incidente entre os dois, o chefe da Jaguar espera que as mesmas resolu\u00e7\u00f5es sejam feitas caso algo do tipo aconte\u00e7a novamente no futuro.<\/p>\n\n\n\n<p class=\"wp-block-paragraph\">&#8220;Respeitamos o Vergne, \u00e9 um piloto muito r\u00e1pido, conseguiu grandes resultados e est\u00e1 claro que \u00e9 um piloto duro de disputar. N\u00e3o podemos mudar nada agora, acho que o mais importante \u00e9 que as regras sejam aplicadas de forma consistente. Desde que essa consist\u00eancia seja mantida ao longo do ano, \u00e9 o que mais importa&#8221;, ressaltou.<\/p>\n\n\n\n<p class=\"wp-block-paragraph\">Barclay disse que a &#8216;espremida&#8217; de Vergne em Evans custou at\u00e9 uma poss\u00edvel vit\u00f3ria, j\u00e1 que a corrida ainda se encontrava no in\u00edcio e <strong>Jake Dennis <\/strong>\u2014 o vencedor \u2014 n\u00e3o havia disparado ainda.<\/p>\n\n\n\n<figure class=\"wp-block-image aligncenter size-full\"><img decoding=\"async\" src=\"https:\/\/www.grandepremio.com\/br\/wp-content\/uploads\/2024\/01\/vergne2.jpeg\" alt=\"\" class=\"wp-image-772342\"\/><figcaption class=\"wp-element-caption\">No fim, Vergne conseguiu garantir o segundo lugar na corrida 1 de Diriyah (Foto: DS Penske)<\/figcaption><\/figure>\n\n\n\n<p class=\"wp-block-paragraph\">Realista, entretanto, o sul-africano pontuou que o ritmo do brit\u00e2nico era muito forte, mas o segundo lugar poderia ter sido assegurado a partir daquele momento. Segundo ele, Vergne \u2014 que manteve o segundo posto \u2014 acabou levando vantagem ao espremer Evans no muro.<\/p>\n\n\n\n<p class=\"wp-block-paragraph\">&#8220;Eu estaria mentindo se dissesse que n\u00e3o achei al\u00e9m do ponto naquele momento, porque aquilo custou a Mitch [Evans] a chance de desafiar Jake [Dennis] pela vit\u00f3ria na corrida 1. Para ser honesto, n\u00e3o sei se ele conseguiria vencer Jake naquele dia, porque ele tinha um ritmo muito r\u00e1pido e um carro bem configurado&#8221;, avaliou.<\/p>\n\n\n\n<p class=\"wp-block-paragraph\">&#8220;Mas, mesmo que n\u00e3o fosse pela vit\u00f3ria, estar\u00edamos em posi\u00e7\u00e3o de conseguir um segundo lugar tranquilo. Mas o que Vergne fez nos colocou de volta na briga com os carros de tr\u00e1s. No fim, ele levou vantagem com aquele toque, o que n\u00e3o \u00e9 exatamente o que est\u00e1 na regra. As coisas foram dessa forma, e vamos olhar para a frente&#8221;, finalizou.<\/p>\n\n\n\n<figure class=\"wp-block-video\"><video class=\"video-js vjs-big-play-centered\" data-gp-vjs=\"1\" controls src=\"https:\/\/www.grandepremio.com\/br\/wp-content\/uploads\/2024\/01\/VOLTA-FINAL.mp4\"><\/video><figcaption class=\"wp-element-caption\">Na \u00faltima volta do eP de Diriyah 1, Evans arriscou tudo em ultrapassagem e perdeu o p\u00f3dio (V\u00eddeo: F\u00f3rmula E\/GRANDE PR\u00caMIO)<\/figcaption><\/figure>\n\n\n\n<p class=\"wp-block-paragraph\">Na \u00faltima volta da prova, Evans ainda partiu para cima de Vergne para buscar o segundo lugar, e o franc\u00eas se moveu j\u00e1 na zona de frenagem. O movimento fez Mitch balan\u00e7ar o carro e perder a tang\u00eancia da curva, o que o derrubou de <strong>terceiro <\/strong>para <strong>quinto<\/strong>. Ap\u00f3s a disputa, o neozeland\u00eas <a href=\"https:\/\/www.grandepremio.com\/br\/formula-e\/noticias\/mitch-evans-critica-falta-punicao-jean-eric-vergne-defesa-posicao-diriyah-ridiculo\/\" target=\"_blank\" rel=\"noreferrer noopener\">disparou contra a falta de puni\u00e7\u00e3o ao rival<\/a>.<\/p>\n\n\n\n<p class=\"wp-block-paragraph\">A&nbsp;<a href=\"https:\/\/www.grandepremio.com\/br\/formula-e\/\" target=\"_blank\" rel=\"noreferrer noopener\"><\/a><a href=\"https:\/\/www.grandepremio.com\/br\/formula-e\/\" target=\"_blank\" rel=\"noreferrer noopener\">F\u00f3rmula E<\/a>&nbsp;retorna agora entre os dias 15 e 16 de mar\u00e7o, com o&nbsp;<strong>eP de&nbsp;<a href=\"https:\/\/www.grandepremio.com\/br\/circuito\/sao-paulo\/\" target=\"_blank\" rel=\"noreferrer noopener\">S\u00e3o Paulo<\/a><\/strong>, que ter\u00e1 cobertura \u2018<strong>in loco<\/strong>\u2018 do&nbsp;<strong>GRANDE PR\u00caMIO<\/strong>. O&nbsp;<strong>GP<\/strong>&nbsp;\u00e9 emissora oficial da&nbsp;<strong><a href=\"https:\/\/www.grandepremio.com\/br\/formula-e\/\" target=\"_blank\" rel=\"noreferrer noopener\">F\u00f3rmula E<\/a><\/strong>&nbsp;no Brasil e transmite todas as atividades de pista&nbsp;<strong>AO VIVO e COM IMAGENS<\/strong>&nbsp;no&nbsp;<strong><a href=\"https:\/\/www.youtube.com\/c\/GrandePremioTV\" target=\"_blank\" rel=\"noreferrer noopener\">YouTube<\/a><\/strong>&nbsp;e no&nbsp;<strong><a href=\"https:\/\/m.kwai.com\/user\/@grandepremio\" target=\"_blank\" rel=\"noreferrer noopener\">Kwai<\/a><\/strong>.<\/p>\n\n\n\n<p class=\"wp-block-paragraph\"><strong><a href=\"https:\/\/bit.ly\/epSP2024GP\" target=\"_blank\" rel=\"noreferrer noopener\">Compre aqui os ingressos do eP de S\u00e3o Paulo 2024 da&nbsp;<\/a><a href=\"https:\/\/www.grandepremio.com\/br\/formula-e\/\" target=\"_blank\" rel=\"noreferrer noopener\">F\u00f3rmula E<\/a>&nbsp;com o cupom GRANDEPREMIO10<\/strong>.<\/p>\n\n\n\n<p class=\"wp-block-paragraph\"><strong>\u25b6\ufe0f\u00a0Inscreva-se nos dois canais do GRANDE PR\u00caMIO no YouTube:\u00a0<a href=\"https:\/\/www.youtube.com\/channel\/UC9OlHEgxoaY6QY6nWPoiqQg?sub_confirmation=1\" target=\"_blank\" rel=\"noreferrer noopener\">GP<\/a>\u00a0|\u00a0<a href=\"https:\/\/www.youtube.com\/channel\/UC9csiS6q_C3C0FYhyr1rnFA?sub_confirmation=1\" target=\"_blank\" rel=\"noreferrer noopener\">GP2<\/a><\/strong><br><strong>\u25b6\ufe0f\u00a0<a href=\"https:\/\/www.twitch.tv\/grandepremio\" target=\"_blank\" rel=\"noreferrer noopener\">Conhe\u00e7a o canal do GRANDE PR\u00caMIO na Twitch clicando aqui!<\/a><\/strong><\/p>\n\n\n\n<figure class=\"wp-block-embed is-type-video is-provider-youtube wp-block-embed-youtube wp-embed-aspect-16-9 wp-has-aspect-ratio\"><div class=\"wp-block-embed__wrapper\">\n<iframe loading=\"lazy\" title=\"F\u00f3rmula E flerta com o CAOS ao N\u00c3O PUNIR Jean-\u00c8ric Vergne por MANOBRA PERIGOSA | GP \u00e0s 10\" width=\"500\" height=\"281\" src=\"https:\/\/www.youtube.com\/embed\/BgokDgNXmoA?feature=oembed\" frameborder=\"0\" allow=\"accelerometer; autoplay; clipboard-write; encrypted-media; gyroscope; picture-in-picture; web-share\" referrerpolicy=\"strict-origin-when-cross-origin\" allowfullscreen><\/iframe>\n<\/div><\/figure>\n\n\n\n<h2 class=\"wp-block-heading\" id=\"h-assista-a-corrida-completa-do-ep-de-diriyah-1\">Assista \u00e0 corrida completa do eP de Diriyah 1<\/h2>\n\n\n\n<figure class=\"wp-block-embed is-type-video is-provider-youtube wp-block-embed-youtube wp-embed-aspect-16-9 wp-has-aspect-ratio\"><div class=\"wp-block-embed__wrapper\">\n<iframe loading=\"lazy\" title=\"F\u00d3RMULA E 2024 - eP de Diriyah | 2\u00aa etapa | Corrida 1\" width=\"500\" height=\"281\" src=\"https:\/\/www.youtube.com\/embed\/_jNgALMfYFc?feature=oembed\" frameborder=\"0\" allow=\"accelerometer; autoplay; clipboard-write; encrypted-media; gyroscope; picture-in-picture; web-share\" referrerpolicy=\"strict-origin-when-cross-origin\" allowfullscreen><\/iframe>\n<\/div><\/figure>\n","protected":false},"excerpt":{"rendered":"<p>James Barclay, chefe da Jaguar na F\u00f3rmula E, admitiu ao GRANDE PR\u00caMIO ter visto o toque de Jean-\u00c8ric Vergne em Mitch Evans como algo al\u00e9m das regras e disse que o franc\u00eas, que terminou em segundo no eP de Diriyah 1, acabou levando vantagem no incidente<\/p>\n","protected":false},"author":0,"featured_media":1000772644,"comment_status":"closed","ping_status":"closed","sticky":false,"template":"","format":"standard","meta":{"42wp_featured_image_caption":"","42wp_featured_image_credits":"","42wp_featured_video":"","42wp_featured_image_hidden":false,"42wp_authors_list":[],"footnotes":""},"categories":[19],"tags":[33214,28679,6853,31465,27360,379,36881,840,35967,1601,1491,30103,28285,910,3315,851,909,36219],"42wp_author":[47142],"class_list":["post-87500","post","type-post","status-publish","format-standard","has-post-thumbnail","hentry","category-formula-e","tag-calendario-fe","tag-calendario-formula-e","tag-classificacao-formula-e","tag-ds-penske","tag-ep-de-diriyah","tag-fe","tag-fe-2024","tag-formula-e","tag-formula-e-2024","tag-gen3","tag-grande-premio","tag-grande-premio-f1","tag-grandepremio","tag-jaguar","tag-james-barclay","tag-jean-eric-vergne","tag-mitch-evans","tag-onde-assistir-formula-e","42wp_author-jp-nascimento"],"_links":{"self":[{"href":"https:\/\/grandepremio.com\/br\/wp-json\/wp\/v2\/posts\/87500","targetHints":{"allow":["GET"]}}],"collection":[{"href":"https:\/\/grandepremio.com\/br\/wp-json\/wp\/v2\/posts"}],"about":[{"href":"https:\/\/grandepremio.com\/br\/wp-json\/wp\/v2\/types\/post"}],"replies":[{"embeddable":true,"href":"https:\/\/grandepremio.com\/br\/wp-json\/wp\/v2\/comments?post=87500"}],"version-history":[{"count":0,"href":"https:\/\/grandepremio.com\/br\/wp-json\/wp\/v2\/posts\/87500\/revisions"}],"wp:featuredmedia":[{"embeddable":true,"href":"https:\/\/grandepremio.com\/br\/wp-json\/wp\/v2\/media\/1000772644"}],"wp:attachment":[{"href":"https:\/\/grandepremio.com\/br\/wp-json\/wp\/v2\/media?parent=87500"}],"wp:term":[{"taxonomy":"category","embeddable":true,"href":"https:\/\/grandepremio.com\/br\/wp-json\/wp\/v2\/categories?post=87500"},{"taxonomy":"post_tag","embeddable":true,"href":"https:\/\/grandepremio.com\/br\/wp-json\/wp\/v2\/tags?post=87500"},{"taxonomy":"42wp_author","embeddable":true,"href":"https:\/\/grandepremio.com\/br\/wp-json\/wp\/v2\/42wp_author?post=87500"}],"curies":[{"name":"wp","href":"https:\/\/api.w.org\/{rel}","templated":true}]}}