{"id":87653,"date":"2024-02-19T04:30:00","date_gmt":"2024-02-19T07:30:00","guid":{"rendered":"https:\/\/grandepremio.com\/br\/noticias\/alexander-albon-defende-limites-de-pista-excedidos-2023-carro-sensivel-vento\/"},"modified":"2024-02-19T08:36:58","modified_gmt":"2024-02-19T11:36:58","slug":"alexander-albon-defende-limites-de-pista-excedidos-2023-carro-sensivel-vento","status":"publish","type":"post","link":"https:\/\/grandepremio.com\/br\/f1\/alexander-albon-defende-limites-de-pista-excedidos-2023-carro-sensivel-vento\/","title":{"rendered":"Albon se defende por limites de pista excedidos em 2023: &#8220;Carro sens\u00edvel ao vento&#8221;"},"content":{"rendered":"\n<p class=\"wp-block-paragraph\">Uma das maiores reclama\u00e7\u00f5es por parte de pilotos e equipes em 2023 foi a quest\u00e3o dos <strong>limites de pista<\/strong>. <strong>Alexander Albon<\/strong> foi quem mais violou tal regra, colecionando um total de <strong>60 infra\u00e7\u00f5es<\/strong>. O tailand\u00eas, no entanto, explicou que o <strong>FW45 <\/strong>da <strong>Williams <\/strong>era muito &#8220;sens\u00edvel ao vento&#8221;, o que lhe prejudicou. O <strong>#23<\/strong> garantiu que n\u00e3o espera ter o mesmo problema com o <strong>FW46<\/strong> para a temporada 2024.<\/p>\n\n\n\n<p class=\"wp-block-paragraph\">S\u00f3 no <strong>GP da \u00c1ustria<\/strong> do ano passado, por exemplo, mais de 1.200 supostas infra\u00e7\u00f5es foram cometidas ao longo de todo o fim de semana no <strong>Red Bull Ring<\/strong>. Um problema que, pelo menos por enquanto, a <strong>F\u00f3rmula 1<\/strong> parece n\u00e3o estar preocupada em resolver. Ou seja, a tend\u00eancia \u00e9 que os pilotos sigam cruzando a temida linha branca em determinadas etapas.<\/p>\n\n\n\n<p class=\"wp-block-paragraph\">Albon, por sua vez, minimizou o fato de ter sido o grande recordista \u2014 negativamente \u2014 no ano passado. &#8220;Nenhuma das infra\u00e7\u00f5es nos custou posi\u00e7\u00f5es \u2013 se voc\u00ea quiser colocar dessa forma&#8221;, disse o piloto de 27 anos. &#8220;Portanto, por mais que os limites de pista possam ser vistos como uma coisa m\u00e1 e um tipo de comportamento de &#8216;bad boy&#8217;, \u00e9 apenas parte do jogo, \u00e9 levar o carro ao limite&#8221;, explicou.<\/p>\n\n\n\n<p class=\"wp-block-paragraph\">A Williams <a href=\"https:\/\/www.grandepremio.com\/br\/f1\/noticias\/williams-apresenta-fw46-esquema-cores-mantido-tons-azul-mais-escuros\/\">apresentou, no \u00faltimo dia 5, o FW46<\/a>, carro com o qual espera dar um passo \u00e0 frente e alcan\u00e7ar mais do que o s\u00e9timo lugar no <strong>Mundial de Construtores<\/strong>. Alex culpou o modelo da temporada passada pelas infra\u00e7\u00f5es, mas afirmou que novo b\u00f3lido \u00e9 mais est\u00e1vel.<\/p>\n\n\n\n<figure class=\"wp-block-image size-full\"><img decoding=\"async\" src=\"https:\/\/www.grandepremio.com\/br\/wp-content\/uploads\/2024\/02\/albon-2023-04-austria-137.jpg\" alt=\"\" class=\"wp-image-778236\"\/><figcaption class=\"wp-element-caption\">Albon foi recordista em infra\u00e7\u00f5es relacionadas aos limites de pista em 2023 (Foto: Reprodu\u00e7\u00e3o\/Autosport)<\/figcaption><\/figure>\n\n\n\n<p class=\"wp-block-paragraph\">&#8220;Nosso carro era muito sens\u00edvel ao vento. Esse foi um dos maiores problemas, eu diria, que meio que desencadeou tudo&#8221;, sublinhou o companheiro de <strong>Logan Sargeant<\/strong>. &#8220;Rajadas de vento e pequenos estalos aqui e ali s\u00f3 dificultaram, principalmente em pistas como <strong>Austin<\/strong>, por exemplo&#8221;, acrescentou.<\/p>\n\n\n\n<p class=\"wp-block-paragraph\">Mesmo que n\u00e3o esteja preocupado com os limites de pista, Albon reconheceu que os mesmos ser\u00e3o importantes em 2024, quando a equipe espera lutar mais regularmente por pontos. Desta forma, qualquer puni\u00e7\u00e3o pode significar muito.<\/p>\n\n\n\n<p class=\"wp-block-paragraph\">&#8220;N\u00e3o \u00e9 algo que esteja no topo da minha lista para focar neste ano&#8221;, reconheceu, antes de finalizar: &#8220;Mas, ao mesmo tempo, \u00e9 claro, espero que estejamos em mais corridas onde os limites de pista ser\u00e3o importantes, porque estaremos brigando por pontos nessas corridas.&#8221;<\/p>\n\n\n\n<p class=\"wp-block-paragraph\">A F\u00f3rmula 1 retorna \u00e0s pistas de <strong>21 a 23 de fevereiro<\/strong>, com os testes coletivos de pr\u00e9-temporada no <strong>Bahrein<\/strong>, no circuito de <strong>Sakhir<\/strong>.<\/p>\n\n\n\n<p class=\"wp-block-paragraph\"><strong><img decoding=\"async\" src=\"https:\/\/a.slack-edge.com\/production-standard-emoji-assets\/14.0\/google-medium\/25b6-fe0f.png\" alt=\":seta_para_frente:\">&nbsp;Inscreva-se nos dois canais do GRANDE PR\u00caMIO no YouTube:&nbsp;<a href=\"https:\/\/www.youtube.com\/channel\/UC9OlHEgxoaY6QY6nWPoiqQg?sub_confirmation=1\" target=\"_blank\" rel=\"noreferrer noopener\">GP<\/a>&nbsp;|&nbsp;<a href=\"https:\/\/www.youtube.com\/channel\/UC9csiS6q_C3C0FYhyr1rnFA?sub_confirmation=1\" target=\"_blank\" rel=\"noreferrer noopener\">GP2<\/a><\/strong><br><strong><img decoding=\"async\" src=\"https:\/\/a.slack-edge.com\/production-standard-emoji-assets\/14.0\/google-medium\/25b6-fe0f.png\" alt=\":seta_para_frente:\"><a href=\"https:\/\/www.twitch.tv\/grandepremio\" target=\"_blank\" rel=\"noreferrer noopener\">Conhe\u00e7a o canal do GRANDE PR\u00caMIO na Twitch clicando aqui!<\/a><\/strong><\/p>\n\n\n\n<figure class=\"wp-block-embed is-type-video is-provider-youtube wp-block-embed-youtube wp-embed-aspect-16-9 wp-has-aspect-ratio\"><div class=\"wp-block-embed__wrapper\">\n<iframe loading=\"lazy\" title=\"P\u00e9rez est\u00e1 CERTO! \u00c9 PRECISO focar na pr\u00f3pria pilotagem para se MANTER VIVO na Red Bull | GP \u00e0s 10\" width=\"500\" height=\"281\" src=\"https:\/\/www.youtube.com\/embed\/OW31pG5E5PY?feature=oembed\" frameborder=\"0\" allow=\"accelerometer; autoplay; clipboard-write; encrypted-media; gyroscope; picture-in-picture; web-share\" referrerpolicy=\"strict-origin-when-cross-origin\" allowfullscreen><\/iframe>\n<\/div><\/figure>\n","protected":false},"excerpt":{"rendered":"<p>Piloto que mais infringiu os limites de pista em 2023, Alexander Albon culpou o antigo carro da Williams por ser muito &#8220;sens\u00edvel ao vento&#8221; e n\u00e3o espera que problema se repita com FW46<\/p>\n","protected":false},"author":0,"featured_media":1000774592,"comment_status":"closed","ping_status":"closed","sticky":false,"template":"","format":"standard","meta":{"42wp_featured_image_caption":"","42wp_featured_image_credits":"","42wp_featured_video":"","42wp_featured_image_hidden":false,"42wp_authors_list":[],"footnotes":""},"categories":[2],"tags":[654,26271,5273,147,3230,180,30909,1491,28285,30840,4283,35129,33301,215],"42wp_author":[47160],"class_list":["post-87653","post","type-post","status-publish","format-standard","has-post-thumbnail","hentry","category-f1","tag-alexander-albon","tag-calendario-f1","tag-classificacao-f1","tag-f1","tag-f1-2024","tag-formula-1","tag-formula-1-2024","tag-grande-premio","tag-grandepremio","tag-horarios-f1","tag-limites-de-pista","tag-onde-assistir-f1","tag-temporada-2024-f1","tag-williams","42wp_author-vicente-soella"],"_links":{"self":[{"href":"https:\/\/grandepremio.com\/br\/wp-json\/wp\/v2\/posts\/87653","targetHints":{"allow":["GET"]}}],"collection":[{"href":"https:\/\/grandepremio.com\/br\/wp-json\/wp\/v2\/posts"}],"about":[{"href":"https:\/\/grandepremio.com\/br\/wp-json\/wp\/v2\/types\/post"}],"replies":[{"embeddable":true,"href":"https:\/\/grandepremio.com\/br\/wp-json\/wp\/v2\/comments?post=87653"}],"version-history":[{"count":0,"href":"https:\/\/grandepremio.com\/br\/wp-json\/wp\/v2\/posts\/87653\/revisions"}],"wp:featuredmedia":[{"embeddable":true,"href":"https:\/\/grandepremio.com\/br\/wp-json\/wp\/v2\/media\/1000774592"}],"wp:attachment":[{"href":"https:\/\/grandepremio.com\/br\/wp-json\/wp\/v2\/media?parent=87653"}],"wp:term":[{"taxonomy":"category","embeddable":true,"href":"https:\/\/grandepremio.com\/br\/wp-json\/wp\/v2\/categories?post=87653"},{"taxonomy":"post_tag","embeddable":true,"href":"https:\/\/grandepremio.com\/br\/wp-json\/wp\/v2\/tags?post=87653"},{"taxonomy":"42wp_author","embeddable":true,"href":"https:\/\/grandepremio.com\/br\/wp-json\/wp\/v2\/42wp_author?post=87653"}],"curies":[{"name":"wp","href":"https:\/\/api.w.org\/{rel}","templated":true}]}}