{"id":8772,"date":"2026-05-19T09:50:44","date_gmt":"2026-05-19T12:50:44","guid":{"rendered":"https:\/\/grandepremio.com\/br\/noticias\/gabriel-bortoleto-gp-do-canada-limpo-problemas-miami-licao-2025\/"},"modified":"2026-05-19T14:08:45","modified_gmt":"2026-05-19T17:08:45","slug":"gabriel-bortoleto-gp-do-canada-limpo-problemas-miami-licao-2025","status":"publish","type":"post","link":"https:\/\/grandepremio.com\/br\/f1\/gabriel-bortoleto-gp-do-canada-limpo-problemas-miami-licao-2025\/","title":{"rendered":"Bortoleto pede GP do Canad\u00e1 &#8220;mais limpo&#8221; ap\u00f3s problemas em Miami e cita li\u00e7\u00e3o de 2025"},"content":{"rendered":"\n<p class=\"wp-block-paragraph\">Ap\u00f3s um <strong>GP de Miami<\/strong> marcado por problemas na <strong>Audi<\/strong>, <strong>Gabriel Bortoleto<\/strong> espera um fim de semana mais limpo e com mais tempo de pista no <strong>Canad\u00e1<\/strong>. Com outra corrida sprint pela frente, o brasileiro ressaltou a import\u00e2ncia de se entender com o carro desde o in\u00edcio para fazer as coisas funcionarem no <strong>Circuito Gilles Villeneuve<\/strong>. Para isso, por\u00e9m, a equipe alem\u00e3 precisa conseguir um bom n\u00famero de voltas no \u00fanico treino livre.<\/p>\n\n\n\n<p class=\"wp-block-paragraph\">&#8220;Estou ansioso para voltar ao Canad\u00e1. Montreal tende a entregar boas corridas, e a atmosfera, tanto na pista quanto na cidade, sempre torna o fim de semana especial para pilotos e f\u00e3s&#8221;, disse Bortoleto. &#8220;Ap\u00f3s correr aqui ano passado, sei o qu\u00e3o importante \u00e9 estar confort\u00e1vel com o carro desde o primeiro momento, especialmente em uma etapa de corrida sprint&#8221;, alertou.<\/p>\n\n\n\n<figure class=\"wp-block-embed is-type-video is-provider-youtube wp-block-embed-youtube wp-embed-aspect-16-9 wp-has-aspect-ratio\"><div class=\"wp-block-embed__wrapper\">\n<iframe loading=\"lazy\" title=\"VERSTAPPEN NAS 24 HORAS DE N\u00dcRBURGRING: QUE LI\u00c7\u00d5ES A F1 APRENDE? | Paddock GP\" width=\"500\" height=\"281\" src=\"https:\/\/www.youtube.com\/embed\/soGccG-v5RQ?feature=oembed\" frameborder=\"0\" allow=\"accelerometer; autoplay; clipboard-write; encrypted-media; gyroscope; picture-in-picture; web-share\" referrerpolicy=\"strict-origin-when-cross-origin\" allowfullscreen><\/iframe>\n<\/div><\/figure>\n\n\n\n<p class=\"wp-block-paragraph\">Bortoleto ressaltou que o foco da equipe \u00e9 justamente evitar os problemas que assolaram o fim de semana em Miami. O brasileiro teve ritmo forte nos <strong>Estados Unidos<\/strong> e indicou condi\u00e7\u00f5es de brigar por pontos, mas acabou atrapalhado por novas quest\u00f5es de confiabilidade e saiu zerado.<\/p>\n\n\n\n<p class=\"wp-block-paragraph\">&#8220;Nosso objetivo \u00e9 conseguir unir tudo de maneira mais limpa do que fizemos na \u00faltima etapa e maximizar o tempo que temos de pista desde o in\u00edcio do fim de semana&#8221;, finalizou Bortoleto.<\/p>\n\n\n\n<p class=\"wp-block-paragraph\">At\u00e9 aqui, a Audi somou <strong>dois <\/strong>pontos na F\u00f3rmula 1, conquistados por Bortoleto na estreia da temporada, na <strong>Austr\u00e1lia<\/strong>. O brasileiro \u00e9 o <strong>15\u00ba <\/strong>colocado no <strong>Mundial de Pilotos<\/strong>; <strong>Nico H\u00fclkenberg<\/strong>, <strong>zerado<\/strong>, \u00e9 o <strong>18\u00ba<\/strong>. Ainda assim, o time est\u00e1 \u00e0 frente de <strong>Cadillac <\/strong>e <strong>Aston Martin<\/strong> no <strong>Mundial de Construtores<\/strong>, j\u00e1 que as advers\u00e1rias seguem sem pontos.<\/p>\n\n\n\n<p class=\"wp-block-paragraph\">A F\u00f3rmula 1 volta neste fim de semana, de\u00a0<strong>22 a 24 de maio<\/strong>, com o\u00a0<strong>GP do Canad\u00e1<\/strong>, quinta etapa da temporada 2026. O\u00a0<strong>GRANDE PR\u00caMIO<\/strong>\u00a0acompanha todas as atividades\u00a0<a href=\"https:\/\/www.grandepremio.com\/br\/ao-vivo\/f1\/\"><strong>AO VIVO E EM\u00a0<\/strong><\/a><strong><a href=\"https:\/\/www.grandepremio.com\/br\/ao-vivo\/\" target=\"_blank\" rel=\"noreferrer noopener\">TEMPO REAL<\/a><\/strong>,\u00a0<a href=\"https:\/\/www.youtube.com\/@GrandePremio1\/streams\">al\u00e9m de classifica\u00e7\u00f5es e corridas em\u00a0<strong>SEGUNDA TELA\u00a0<\/strong>no YouTube<\/a>, em parceria com a\u00a0<strong>Voz do Esporte<\/strong>. O\u00a0<strong>Briefing\u00a0<\/strong>chega para analisar ap\u00f3s o fim de cada dia de atividades nas redes sociais e na\u00a0<strong>GPTV<\/strong>.<\/p>\n\n\n\n<h2 class=\"wp-block-heading\" id=\"h-gp-do-canada-de-f1-veja-os-horarios-em-brasil-cabo-verde-portugal-angola-e-mocambique\">GP do Canad\u00e1 de F1: veja os hor\u00e1rios em Brasil, Cabo Verde, Portugal, Angola e Mo\u00e7ambique:<\/h2>\n\n\n\n<figure class=\"wp-block-table\"><table class=\"has-fixed-layout\"><tbody><tr><td class=\"has-text-align-left\" data-align=\"left\"><strong>Sess\u00e3o<\/strong><\/td><td class=\"has-text-align-left\" data-align=\"left\"><strong>BRA*<\/strong><\/td><td class=\"has-text-align-left\" data-align=\"left\"><strong>CBV<\/strong><\/td><td class=\"has-text-align-left\" data-align=\"left\"><strong>POR<\/strong><br><strong>ANG<\/strong><\/td><td class=\"has-text-align-left\" data-align=\"left\"><strong>MOZ<\/strong><\/td><\/tr><tr><td class=\"has-text-align-left\" data-align=\"left\">Treino livre 1<\/td><td class=\"has-text-align-left\" data-align=\"left\">13:30<\/td><td class=\"has-text-align-left\" data-align=\"left\">15:30<\/td><td class=\"has-text-align-left\" data-align=\"left\">17:30<\/td><td class=\"has-text-align-left\" data-align=\"left\">18:30<\/td><\/tr><tr><td class=\"has-text-align-left\" data-align=\"left\">Classifica\u00e7\u00e3o Sprint<\/td><td class=\"has-text-align-left\" data-align=\"left\">17:30<\/td><td class=\"has-text-align-left\" data-align=\"left\">19:30<\/td><td class=\"has-text-align-left\" data-align=\"left\">21:30<\/td><td class=\"has-text-align-left\" data-align=\"left\">22:30<\/td><\/tr><tr><td class=\"has-text-align-left\" data-align=\"left\">Corrida Sprint<\/td><td class=\"has-text-align-left\" data-align=\"left\">13:00<\/td><td class=\"has-text-align-left\" data-align=\"left\">15:00<\/td><td class=\"has-text-align-left\" data-align=\"left\">17:00<\/td><td class=\"has-text-align-left\" data-align=\"left\">18:00<\/td><\/tr><tr><td class=\"has-text-align-left\" data-align=\"left\">Classifica\u00e7\u00e3o<\/td><td class=\"has-text-align-left\" data-align=\"left\">17:00<\/td><td class=\"has-text-align-left\" data-align=\"left\">19:00<\/td><td class=\"has-text-align-left\" data-align=\"left\">21:00<\/td><td class=\"has-text-align-left\" data-align=\"left\">22:00<\/td><\/tr><tr><td class=\"has-text-align-left\" data-align=\"left\">Corrida<\/td><td class=\"has-text-align-left\" data-align=\"left\">17:00<\/td><td class=\"has-text-align-left\" data-align=\"left\">19:00<\/td><td class=\"has-text-align-left\" data-align=\"left\">21:00<\/td><td class=\"has-text-align-left\" data-align=\"left\">22:00<\/td><\/tr><\/tbody><\/table><\/figure>\n\n\n\n<p class=\"wp-block-paragraph\">*Hor\u00e1rios<\/p>\n\n\n\n<p class=\"wp-block-paragraph\"><strong>\u25b6\ufe0f<\/strong> <strong>Inscreva-se nos dois canais do GRANDE PR\u00caMIO no YouTube:&nbsp;<a href=\"https:\/\/www.youtube.com\/channel\/UC9OlHEgxoaY6QY6nWPoiqQg?sub_confirmation=1\">GP<\/a>&nbsp;|&nbsp;<a href=\"https:\/\/www.youtube.com\/channel\/UC9csiS6q_C3C0FYhyr1rnFA?sub_confirmation=1\">GPTV<\/a><\/strong><\/p>\n\n\n\n<h2 class=\"wp-block-heading\" id=\"h-f1-hoje-saiba-aqui-as-noticias-mais-importantes-do-dia-da-formula-1\"><strong>F1 hoje: saiba aqui as not\u00edcias mais importantes do dia da F\u00f3rmula 1<\/strong><\/h2>\n\n\n\n<p class=\"wp-block-paragraph\">A reda\u00e7\u00e3o do&nbsp;<strong>GRANDE PR\u00caMIO<\/strong>&nbsp;selecionou as not\u00edcias mais importantes das \u00faltimas horas para voc\u00ea ficar por dentro de tudo que acontece na F1.<\/p>\n\n\n\n<p class=\"wp-block-paragraph\"><strong>\u25b6\ufe0f<\/strong> <strong>F<a href=\"https:\/\/www.grandepremio.com\/br\/f1\/noticias\/ferrari-fala-injustica-ajuste-sistema-de-largada-f1-mudaram-no-ultimo-minuto\/\">errari fala em injusti\u00e7a com ajuste em sistema de largada na F1: \u201cMudaram no \u00faltimo minuto\u201d<\/a><br>\u25b6\ufe0f <a href=\"https:\/\/www.grandepremio.com\/br\/f1\/noticias\/red-bull-acerta-bussola-encontra-norte-interessante-f1-melhorias-miami\/\">Red Bull acerta b\u00fassola e encontra Norte interessante na F1 com melhorias em Miami<\/a><br>\u25b6\ufe0f <a href=\"https:\/\/www.grandepremio.com\/br\/f1\/noticias\/associacao-strippers-montreal-planeja-greve-durante-gp-canada-f1\/\">Associa\u00e7\u00e3o de strippers de Montreal planeja greve durante GP do Canad\u00e1 de F1<\/a><\/strong><\/p>\n","protected":false},"excerpt":{"rendered":"<p>Gabriel Bortoleto refor\u00e7ou que a Audi entra no GP do Canad\u00e1 com a preocupa\u00e7\u00e3o de evitar os problemas que a azucrinaram em Miami. Brasileiro ainda citou li\u00e7\u00e3o tirada no ano passado<\/p>\n","protected":false},"author":0,"featured_media":1001072244,"comment_status":"closed","ping_status":"closed","sticky":false,"template":"","format":"standard","meta":{"42wp_featured_image_caption":"","42wp_featured_image_credits":"","42wp_featured_video":"","42wp_featured_image_hidden":false,"42wp_authors_list":[],"footnotes":""},"categories":[2],"tags":[970,26271,5273,147,29516,29148,180,31425,28995,350,14357,1491,28285,30840,35129,31470],"42wp_author":[47142],"class_list":["post-8772","post","type-post","status-publish","format-standard","has-post-thumbnail","hentry","category-f1","tag-audi","tag-calendario-f1","tag-classificacao-f1","tag-f1","tag-f1-2026","tag-f1-hoje","tag-formula-1","tag-formula-1-2026","tag-formula-1-hoje","tag-gabriel-bortoleto","tag-gp-do-canada","tag-grande-premio","tag-grandepremio","tag-horarios-f1","tag-onde-assistir-f1","tag-temporada-2026-f1","42wp_author-jp-nascimento"],"_links":{"self":[{"href":"https:\/\/grandepremio.com\/br\/wp-json\/wp\/v2\/posts\/8772","targetHints":{"allow":["GET"]}}],"collection":[{"href":"https:\/\/grandepremio.com\/br\/wp-json\/wp\/v2\/posts"}],"about":[{"href":"https:\/\/grandepremio.com\/br\/wp-json\/wp\/v2\/types\/post"}],"replies":[{"embeddable":true,"href":"https:\/\/grandepremio.com\/br\/wp-json\/wp\/v2\/comments?post=8772"}],"version-history":[{"count":0,"href":"https:\/\/grandepremio.com\/br\/wp-json\/wp\/v2\/posts\/8772\/revisions"}],"wp:featuredmedia":[{"embeddable":true,"href":"https:\/\/grandepremio.com\/br\/wp-json\/wp\/v2\/media\/1001072244"}],"wp:attachment":[{"href":"https:\/\/grandepremio.com\/br\/wp-json\/wp\/v2\/media?parent=8772"}],"wp:term":[{"taxonomy":"category","embeddable":true,"href":"https:\/\/grandepremio.com\/br\/wp-json\/wp\/v2\/categories?post=8772"},{"taxonomy":"post_tag","embeddable":true,"href":"https:\/\/grandepremio.com\/br\/wp-json\/wp\/v2\/tags?post=8772"},{"taxonomy":"42wp_author","embeddable":true,"href":"https:\/\/grandepremio.com\/br\/wp-json\/wp\/v2\/42wp_author?post=8772"}],"curies":[{"name":"wp","href":"https:\/\/api.w.org\/{rel}","templated":true}]}}