{"id":8775,"date":"2026-05-19T08:52:22","date_gmt":"2026-05-19T11:52:22","guid":{"rendered":"https:\/\/grandepremio.com\/br\/noticias\/byd-avalia-entrada-grid-formula-1-equipe-propria-lideranca-christian-horner\/"},"modified":"2026-05-19T08:58:37","modified_gmt":"2026-05-19T11:58:37","slug":"byd-avalia-entrada-grid-formula-1-equipe-propria-lideranca-christian-horner","status":"publish","type":"post","link":"https:\/\/grandepremio.com\/br\/f1\/byd-avalia-entrada-grid-formula-1-equipe-propria-lideranca-christian-horner\/","title":{"rendered":"BYD avalia entrada no grid da F\u00f3rmula 1 com equipe pr\u00f3pria e lideran\u00e7a de Horner"},"content":{"rendered":"\n<p class=\"wp-block-paragraph\">A BYD, grande montadora do segmento de carros el\u00e9tricos, j\u00e1<a href=\"https:\/\/www.grandepremio.com\/br\/f1\/noticias\/byd-admite-interesse-vaga-f1-revela-dialogo-estamos-sempre-proximos\/\"> manifestou interesse em integrar o grid da F\u00f3rmula 1<\/a> no futuro e se movimenta para entrar na categoria como a 12\u00aa equipe. Embora o projeto ainda esteja em fase inicial, a empresa chinesa j\u00e1 atua nos bastidores para ter<strong> Christian Horner<\/strong>, ex-chefe da <strong>Red Bull<\/strong>, como l\u00edder da iniciativa.<\/p>\n\n\n\n<p class=\"wp-block-paragraph\">A informa\u00e7\u00e3o foi divulgada pelo portal <strong>PlanetF1 <\/strong>nesta ter\u00e7a-feira (19). De acordo com a publica\u00e7\u00e3o, a <strong>BYD <\/strong>chegou a entrar na disputa pela aquisi\u00e7\u00e3o de 24% das a\u00e7\u00f5es da <strong>Alpine <\/strong>pertencentes \u00e0 <strong>Otro Capital<\/strong>. Por\u00e9m, a marca chinesa entende que o melhor caminho n\u00e3o \u00e9 ter uma participa\u00e7\u00e3o minorit\u00e1ria e, por isso, avalia a possibilidade de criar uma equipe completamente nova \u2014 seguindo um caminho semelhante ao da <strong>Cadillac<\/strong>, que estreou na categoria em 2026.<\/p>\n\n\n\n<figure class=\"wp-block-embed is-type-video is-provider-youtube wp-block-embed-youtube wp-embed-aspect-16-9 wp-has-aspect-ratio\"><div class=\"wp-block-embed__wrapper\">\n<iframe loading=\"lazy\" title=\"VERSTAPPEN NAS 24 HORAS DE N\u00dcRBURGRING: QUE LI\u00c7\u00d5ES A F1 APRENDE? | Paddock GP\" width=\"500\" height=\"281\" src=\"https:\/\/www.youtube.com\/embed\/soGccG-v5RQ?feature=oembed\" frameborder=\"0\" allow=\"accelerometer; autoplay; clipboard-write; encrypted-media; gyroscope; picture-in-picture; web-share\" referrerpolicy=\"strict-origin-when-cross-origin\" allowfullscreen><\/iframe>\n<\/div><\/figure>\n\n\n\n<p class=\"wp-block-paragraph\">Por isso, <strong>Horner <\/strong>foi a <strong>Cannes<\/strong>, na <strong>Fran\u00e7a<\/strong>, para se encontrar com <strong>Stella Li,<\/strong> vice-presidente da <strong>BYD<\/strong>. Os dois se reuniram diversas vezes, e <strong>Li <\/strong>demonstrou \u201cmuito entusiasmo\u201d com a possibilidade de entrar na <strong>F\u00f3rmula 1.<\/strong> A executiva, inclusive, j\u00e1 havia demonstrado interesse em participar da principal categoria do automobilismo e confirmou uma reuni\u00e3o com <strong>Stefano Domenicali<\/strong>, CEO da <strong>F1<\/strong>.<\/p>\n\n\n\n<p class=\"wp-block-paragraph\">\u201cEstamos sempre em contato pr\u00f3ximo. Gosto da <strong>F\u00f3rmula 1 <\/strong>porque tem a ver com paix\u00e3o e cultura, e as pessoas sonham em estar l\u00e1\u201d, disse <strong>Li<\/strong>, que tamb\u00e9m afirmou que a participa\u00e7\u00e3o na categoria seria uma forma de \u201ccolocar a tecnologia da <strong>BYD <\/strong>\u00e0 prova\u201d.<\/p>\n\n\n\n<p class=\"wp-block-paragraph\">Ainda de acordo com a publica\u00e7\u00e3o, ap\u00f3s ser demitido da <strong>Red Bull <\/strong>em 2025, <strong>Horner <\/strong>realizou diversas reuni\u00f5es com <strong>Domenicali <\/strong>e com o presidente da <strong>FIA<\/strong>, <strong>Mohammed Ben Sulayem<\/strong>. Entre os temas abordados, estava a possibilidade de formar uma 12\u00aa equipe. A entrada da <strong>BYD <\/strong>pode ocorrer por meio da marca de luxo e alto desempenho <strong>Yangwang<\/strong>.<\/p>\n\n\n\n<p class=\"wp-block-paragraph\">Apesar de a <strong>F\u00f3rmula 1 <\/strong>ter apresentado grande resist\u00eancia \u00e0 entrada de uma 11\u00aa equipe no grid quando a <strong>Andretti <\/strong>manifestou interesse, o cen\u00e1rio parece diferente no caso de a <strong>BYD <\/strong>chegar como a 12\u00aa equipe. No ano passado, <strong>Sulayem <\/strong>afirmou que, caso surgisse a \u201cequipe certa\u201d para ocupar uma poss\u00edvel vaga, a <strong>FIA <\/strong>e a <strong>FOM <\/strong>n\u00e3o se oporiam.<\/p>\n\n\n\n<figure class=\"wp-block-image size-large\"><img decoding=\"async\" src=\"https:\/\/www.grandepremio.com\/br\/wp-content\/uploads\/2025\/06\/SI202506140263-1200x801.jpg\" alt=\"\" class=\"wp-image-985047\"\/><figcaption class=\"wp-element-caption\">Christian Horner foi demitido da Red Bull em 2025 (Foto: Red Bull Content Pool)<\/figcaption><\/figure>\n\n\n\n<p class=\"wp-block-paragraph\">\u201cSe houver uma proposta chinesa, e falarei em nome deles [FOM], eles concordar\u00e3o com isso, porque se trata de manter o neg\u00f3cio. Se houver uma equipe da China, digamos, e a FOM aprovar, e tenho 100% de certeza de que aprovar\u00e3o, n\u00e3o seria mais lucrativo com a entrada da China? Acredito que sim. Precisamos preencher [o grid] com uma 12\u00aa equipe s\u00f3 para preencher o grid? N\u00e3o. Precisa ser a equipe certa\u201d, disse <strong>Sulayem<\/strong>.<\/p>\n\n\n\n<p class=\"wp-block-paragraph\">\u201cGostaria de manter vivo o esp\u00edrito do esporte. Para n\u00f3s, a 12\u00aa equipe tem de agregar valor \u00e0 sustentabilidade do neg\u00f3cio da F\u00f3rmula 1, e o neg\u00f3cio da F\u00f3rmula 1 n\u00e3o se resume \u00e0 receita, mas sim \u00e0 longevidade do pr\u00f3prio campeonato\u201d, completou <strong>Sulayem<\/strong>.&nbsp;<\/p>\n\n\n\n<p class=\"wp-block-paragraph\">A F\u00f3rmula 1 volta neste fim de semana, de&nbsp;<strong>22 a 24 de maio<\/strong>&nbsp;com o&nbsp;<strong>GP do Canad\u00e1<\/strong>, quinta etapa da temporada 2026. O&nbsp;<strong>GRANDE PR\u00caMIO<\/strong>&nbsp;acompanha todas as atividades&nbsp;<a href=\"https:\/\/www.grandepremio.com\/br\/ao-vivo\/f1\/\"><strong>AO VIVO E EM&nbsp;<\/strong><\/a><strong><a href=\"https:\/\/www.grandepremio.com\/br\/ao-vivo\/\" target=\"_blank\" rel=\"noreferrer noopener\">TEMPO REAL<\/a><\/strong>,&nbsp;<a href=\"https:\/\/www.youtube.com\/@GrandePremio1\/streams\">al\u00e9m de classifica\u00e7\u00f5es e corridas em&nbsp;<strong>SEGUNDA TELA&nbsp;<\/strong>no YouTube<\/a>, em parceria com a&nbsp;<strong>Voz do Esporte<\/strong>. O&nbsp;<strong>Briefing&nbsp;<\/strong>chega para analisar ap\u00f3s o fim de cada dia de atividades nas redes sociais e na&nbsp;<strong>GPTV<\/strong>.<\/p>\n\n\n\n<h2 class=\"wp-block-heading\" id=\"h-gp-do-canada-de-f1-veja-os-horarios-em-brasil-cabo-verde-portugal-angola-e-mocambique\">GP do Canad\u00e1 de F1: veja os hor\u00e1rios em Brasil, Cabo Verde, Portugal, Angola e Mo\u00e7ambique:<\/h2>\n\n\n\n<figure class=\"wp-block-table\"><table class=\"has-fixed-layout\"><tbody><tr><td class=\"has-text-align-left\" data-align=\"left\"><strong>Sess\u00e3o<\/strong><\/td><td class=\"has-text-align-left\" data-align=\"left\"><strong>BRA*<\/strong><\/td><td class=\"has-text-align-left\" data-align=\"left\"><strong>CBV<\/strong><\/td><td class=\"has-text-align-left\" data-align=\"left\"><strong>POR<\/strong><br><strong>ANG<\/strong><\/td><td class=\"has-text-align-left\" data-align=\"left\"><strong>MOZ<\/strong><\/td><\/tr><tr><td class=\"has-text-align-left\" data-align=\"left\">Treino livre 1<\/td><td class=\"has-text-align-left\" data-align=\"left\">13:30<\/td><td class=\"has-text-align-left\" data-align=\"left\">15:30<\/td><td class=\"has-text-align-left\" data-align=\"left\">17:30<\/td><td class=\"has-text-align-left\" data-align=\"left\">18:30<\/td><\/tr><tr><td class=\"has-text-align-left\" data-align=\"left\">Classifica\u00e7\u00e3o Sprint<\/td><td class=\"has-text-align-left\" data-align=\"left\">17:30<\/td><td class=\"has-text-align-left\" data-align=\"left\">19:30<\/td><td class=\"has-text-align-left\" data-align=\"left\">21:30<\/td><td class=\"has-text-align-left\" data-align=\"left\">22:30<\/td><\/tr><tr><td class=\"has-text-align-left\" data-align=\"left\">Corrida Sprint<\/td><td class=\"has-text-align-left\" data-align=\"left\">13:00<\/td><td class=\"has-text-align-left\" data-align=\"left\">15:00<\/td><td class=\"has-text-align-left\" data-align=\"left\">17:00<\/td><td class=\"has-text-align-left\" data-align=\"left\">18:00<\/td><\/tr><tr><td class=\"has-text-align-left\" data-align=\"left\">Classifica\u00e7\u00e3o<\/td><td class=\"has-text-align-left\" data-align=\"left\">17:00<\/td><td class=\"has-text-align-left\" data-align=\"left\">19:00<\/td><td class=\"has-text-align-left\" data-align=\"left\">21:00<\/td><td class=\"has-text-align-left\" data-align=\"left\">22:00<\/td><\/tr><tr><td class=\"has-text-align-left\" data-align=\"left\">Corrida<\/td><td class=\"has-text-align-left\" data-align=\"left\">17:00<\/td><td class=\"has-text-align-left\" data-align=\"left\">19:00<\/td><td class=\"has-text-align-left\" data-align=\"left\">21:00<\/td><td class=\"has-text-align-left\" data-align=\"left\">22:00<\/td><\/tr><\/tbody><\/table><\/figure>\n\n\n\n<p class=\"wp-block-paragraph\">*Hor\u00e1rios de Bras\u00edlia (GMT-3)<\/p>\n\n\n\n<p class=\"wp-block-paragraph\">\u00a0\u25b6\ufe0f<strong>Inscreva-se nos dois canais do GRANDE PR\u00caMIO no YouTube:\u00a0<a href=\"https:\/\/www.youtube.com\/channel\/UC9OlHEgxoaY6QY6nWPoiqQg?sub_confirmation=1\">GP<\/a>\u00a0|\u00a0<a href=\"https:\/\/www.youtube.com\/channel\/UC9csiS6q_C3C0FYhyr1rnFA?sub_confirmation=1\">GPTV<\/a><\/strong><\/p>\n\n\n\n<h2 class=\"wp-block-heading\" id=\"h-f1-hoje-saiba-aqui-as-noticias-mais-importantes-do-dia-da-formula-1\"><strong>F1 hoje: saiba aqui as not\u00edcias mais importantes do dia da F\u00f3rmula 1<\/strong><\/h2>\n\n\n\n<p class=\"wp-block-paragraph\">A reda\u00e7\u00e3o do&nbsp;<strong>GRANDE PR\u00caMIO<\/strong>&nbsp;selecionou as not\u00edcias mais importantes das \u00faltimas horas para voc\u00ea ficar por dentro de tudo que acontece na F1.<\/p>\n\n\n\n<p class=\"wp-block-paragraph\">\u00a0<strong><a href=\"https:\/\/www.grandepremio.com\/br\/f1\/noticias\/ferrari-fala-injustica-ajuste-sistema-de-largada-f1-mudaram-no-ultimo-minuto\/\">\u25b6\ufe0fFerrari fala em injusti\u00e7a com ajuste em sistema de largada na F1: \u201cMudaram no \u00faltimo minuto\u201d<\/a><br>\u00a0\u25b6\ufe0f<a href=\"https:\/\/www.grandepremio.com\/br\/f1\/noticias\/red-bull-acerta-bussola-encontra-norte-interessante-f1-melhorias-miami\/\">Red Bull acerta b\u00fassola e encontra Norte interessante na F1 com melhorias em Miami<\/a><br>\u00a0\u25b6\ufe0f<a href=\"https:\/\/www.grandepremio.com\/br\/f1\/noticias\/associacao-strippers-montreal-planeja-greve-durante-gp-canada-f1\/\">Associa\u00e7\u00e3o de strippers de Montreal planeja greve durante GP do Canad\u00e1 de F1<\/a><\/strong><\/p>\n","protected":false},"excerpt":{"rendered":"<p>A BYD planeja fazer parte do grid da F\u00f3rmula 1 como 12\u00aa equipe e teve reuni\u00f5es para que Christian Horner, ex-chefe da Red Bull, lidere o projeto<\/p>\n","protected":false},"author":0,"featured_media":1001088965,"comment_status":"closed","ping_status":"closed","sticky":false,"template":"","format":"standard","meta":{"42wp_featured_image_caption":"","42wp_featured_image_credits":"","42wp_featured_video":"","42wp_featured_image_hidden":false,"42wp_authors_list":[],"footnotes":""},"categories":[2],"tags":[655,147,29516,25893,103,1491,28285,13887],"42wp_author":[47149],"class_list":["post-8775","post","type-post","status-publish","format-standard","has-post-thumbnail","hentry","category-f1","tag-christian-horner","tag-f1","tag-f1-2026","tag-federacao-internacional-de-automobilismo","tag-fia","tag-grande-premio","tag-grandepremio","tag-horner","42wp_author-bernardo-castro"],"_links":{"self":[{"href":"https:\/\/grandepremio.com\/br\/wp-json\/wp\/v2\/posts\/8775","targetHints":{"allow":["GET"]}}],"collection":[{"href":"https:\/\/grandepremio.com\/br\/wp-json\/wp\/v2\/posts"}],"about":[{"href":"https:\/\/grandepremio.com\/br\/wp-json\/wp\/v2\/types\/post"}],"replies":[{"embeddable":true,"href":"https:\/\/grandepremio.com\/br\/wp-json\/wp\/v2\/comments?post=8775"}],"version-history":[{"count":0,"href":"https:\/\/grandepremio.com\/br\/wp-json\/wp\/v2\/posts\/8775\/revisions"}],"wp:featuredmedia":[{"embeddable":true,"href":"https:\/\/grandepremio.com\/br\/wp-json\/wp\/v2\/media\/1001088965"}],"wp:attachment":[{"href":"https:\/\/grandepremio.com\/br\/wp-json\/wp\/v2\/media?parent=8775"}],"wp:term":[{"taxonomy":"category","embeddable":true,"href":"https:\/\/grandepremio.com\/br\/wp-json\/wp\/v2\/categories?post=8775"},{"taxonomy":"post_tag","embeddable":true,"href":"https:\/\/grandepremio.com\/br\/wp-json\/wp\/v2\/tags?post=8775"},{"taxonomy":"42wp_author","embeddable":true,"href":"https:\/\/grandepremio.com\/br\/wp-json\/wp\/v2\/42wp_author?post=8775"}],"curies":[{"name":"wp","href":"https:\/\/api.w.org\/{rel}","templated":true}]}}