{"id":88019,"date":"2024-02-14T08:56:20","date_gmt":"2024-02-14T11:56:20","guid":{"rendered":"https:\/\/grandepremio.com\/br\/noticias\/george-russell-mercedes-nao-navega-mar-calmo-espera-ter-dado-passo-com-w15\/"},"modified":"2024-02-14T14:13:01","modified_gmt":"2024-02-14T17:13:01","slug":"george-russell-mercedes-nao-navega-mar-calmo-espera-ter-dado-passo-com-w15","status":"publish","type":"post","link":"https:\/\/grandepremio.com\/br\/f1\/george-russell-mercedes-nao-navega-mar-calmo-espera-ter-dado-passo-com-w15\/","title":{"rendered":"Russell diz que Mercedes &#8220;n\u00e3o navega em mar calmo&#8221;, mas espera &#8220;ter dado passo&#8221; com W15"},"content":{"rendered":"\n<p class=\"wp-block-paragraph\">O mundo j\u00e1 conhece o <strong>W15<\/strong>, carro com que a <strong>Mercedes<\/strong> disputa a temporada 2024 da <strong><a href=\"https:\/\/www.grandepremio.com\/br\/f1\/\">F\u00f3rmula 1<\/a><\/strong>. A <strong><a href=\"https:\/\/www.grandepremio.com\/br\/f1\/noticias\/mercedes-apresenta-w15-prepara-ultima-temporada-lewis-hamilton-formula-1\/\">apresenta\u00e7\u00e3o oficial aconteceu na manh\u00e3 desta quarta-feira (14)<\/a><\/strong>, direto da f\u00e1brica na Inglaterra. <strong>George Russell<\/strong> aproveitou para encorajar a equipe e reiterou que acredita num fortalecimento da Mercedes ap\u00f3s anos dif\u00edceis.<\/p>\n\n\n\n<p class=\"wp-block-paragraph\">O que chama a aten\u00e7\u00e3o pelos lados da Mercedes \u00e9 que a equipe n\u00e3o mostra grande otimismo. O pr\u00f3prio Russell afirmou que o time tem navegado somente em mares bravios. Mesmo assim, a expectativa \u00e9 de melhora.<\/p>\n\n\n\n<p class=\"wp-block-paragraph\">\u201cAprendemos e crescemos como equipe nas \u00faltimas duas temporadas\u201d, avaliou Russell. \u201cN\u00e3o navegamos em mar calmo, mas eu acredito verdadeiramente que a jornada em que estamos vai nos tornar mais fortes a longo prazo. Toda a equipe trabalhou incrivelmente duro e esperamos ter dado um passo com o W15\u201d, seguiu.<\/p>\n\n\n\n<p class=\"wp-block-paragraph\">\u201cFizemos progresso com algumas das piores caracter\u00edsticas do W14 ao longo do ano passado. Mas ainda t\u00ednhamos uma estreita janela de opera\u00e7\u00e3o e, uma vez que sa\u00edamos disso, o carro era dif\u00edcil de guiar&#8221;, recordou. <\/p>\n\n\n\n<figure class=\"wp-block-image size-large\"><img decoding=\"async\" src=\"https:\/\/www.grandepremio.com\/br\/wp-content\/uploads\/2024\/02\/M410729-1024x682.jpg\" alt=\"\" class=\"wp-image-777113\"\/><figcaption class=\"wp-element-caption\">James Allison, Lewis Hamilton, Toto Wolff, George Russell e Hywel Thomas apresentaram o W15 (Foto: Mercedes)<\/figcaption><\/figure>\n\n\n\n<p class=\"wp-block-paragraph\">&#8220;Se pudermos seguir ampliando essa janela do carro, isso nos dar\u00e1 confian\u00e7a como pilotos, e, a partir da\u00ed, os tempos de volta ser\u00e3o mais f\u00e1ceis de achar\u201d.<\/p>\n\n\n\n<p class=\"wp-block-paragraph\">\u201cA F1 \u00e9 um esporte incrivelmente dif\u00edcil. \u00c9 muito dif\u00edcil de vencer. E \u00e9 por isso que n\u00f3s amamos. Cada mulher e homem em Brackley e Brixworth est\u00e3o muito focados em voltar ao topo. Seguimos com esse foco e dedica\u00e7\u00e3o em 2024 e estou empolgado em ver onde isso vai nos levar, encerrou\u201d.<\/p>\n\n\n\n<p class=\"wp-block-paragraph\">A\u00a0<a href=\"https:\/\/www.grandepremio.com\/formula-1\/\" target=\"_blank\" rel=\"noreferrer noopener\"><\/a><a href=\"https:\/\/www.grandepremio.com\/formula-1\/\" target=\"_blank\" rel=\"noreferrer noopener\">F\u00f3rmula 1<\/a>\u00a0retorna \u00e0s pistas de\u00a0<strong>21 a 23 de fevereiro<\/strong>, com os testes coletivos da pr\u00e9-temporada no\u00a0<strong>Bahrein<\/strong>, no circuito de\u00a0<strong><a href=\"https:\/\/www.grandepremio.com\/br\/circuito\/sakhir\/\" target=\"_blank\" rel=\"noreferrer noopener\">Sakhir<\/a><\/strong>.<\/p>\n\n\n\n<p class=\"wp-block-paragraph\"><strong>\u25b6\ufe0f\u00a0Inscreva-se nos dois canais do GRANDE PR\u00caMIO no YouTube:\u00a0<a href=\"https:\/\/www.youtube.com\/channel\/UC9OlHEgxoaY6QY6nWPoiqQg?sub_confirmation=1\" target=\"_blank\" rel=\"noreferrer noopener\">GP<\/a>\u00a0|\u00a0<a href=\"https:\/\/www.youtube.com\/channel\/UC9csiS6q_C3C0FYhyr1rnFA?sub_confirmation=1\" target=\"_blank\" rel=\"noreferrer noopener\">GP2<\/a><\/strong><br><strong>\u25b6\ufe0f\u00a0<a href=\"https:\/\/www.twitch.tv\/grandepremio\" target=\"_blank\" rel=\"noreferrer noopener\">Conhe\u00e7a o canal do GRANDE PR\u00caMIO na Twitch clicando aqui!<\/a><\/strong><\/p>\n\n\n\n<figure class=\"wp-block-embed is-type-video is-provider-youtube wp-block-embed-youtube wp-embed-aspect-16-9 wp-has-aspect-ratio\"><div class=\"wp-block-embed__wrapper\">\n<iframe loading=\"lazy\" title=\"MERCEDES APRESENTA W15, CARRO PARA A F1 2024 | React\" width=\"500\" height=\"281\" src=\"https:\/\/www.youtube.com\/embed\/5_4LetjN-Gs?feature=oembed\" frameborder=\"0\" allow=\"accelerometer; autoplay; clipboard-write; encrypted-media; gyroscope; picture-in-picture; web-share\" referrerpolicy=\"strict-origin-when-cross-origin\" allowfullscreen><\/iframe>\n<\/div><figcaption class=\"wp-element-caption\">\ud83d\udd34AO VIVO! MERCEDES APRESENTA W15, CARRO PARA A F1 2024 | React<\/figcaption><\/figure>\n","protected":false},"excerpt":{"rendered":"<p>George Russell fez exalta\u00e7\u00e3o \u00e0 Mercedes e disse que equipe espera ter avan\u00e7ado com novo carro na F1. Mas sem dar certeza<\/p>\n","protected":false},"author":0,"featured_media":1000777117,"comment_status":"closed","ping_status":"closed","sticky":false,"template":"","format":"standard","meta":{"42wp_featured_image_caption":"","42wp_featured_image_credits":"","42wp_featured_video":"","42wp_featured_image_hidden":false,"42wp_authors_list":[],"footnotes":""},"categories":[2],"tags":[5660,3230,642,800,87,82,29220,37313],"42wp_author":[47120],"class_list":["post-88019","post","type-post","status-publish","format-standard","has-post-thumbnail","hentry","category-f1","tag-classificacao","tag-f1-2024","tag-f1-ao-vivo","tag-george-russell","tag-lewis-hamilton","tag-mercedes","tag-russell-mercedes","tag-w15","42wp_author-pedro-henrique-marum"],"_links":{"self":[{"href":"https:\/\/grandepremio.com\/br\/wp-json\/wp\/v2\/posts\/88019","targetHints":{"allow":["GET"]}}],"collection":[{"href":"https:\/\/grandepremio.com\/br\/wp-json\/wp\/v2\/posts"}],"about":[{"href":"https:\/\/grandepremio.com\/br\/wp-json\/wp\/v2\/types\/post"}],"replies":[{"embeddable":true,"href":"https:\/\/grandepremio.com\/br\/wp-json\/wp\/v2\/comments?post=88019"}],"version-history":[{"count":0,"href":"https:\/\/grandepremio.com\/br\/wp-json\/wp\/v2\/posts\/88019\/revisions"}],"wp:featuredmedia":[{"embeddable":true,"href":"https:\/\/grandepremio.com\/br\/wp-json\/wp\/v2\/media\/1000777117"}],"wp:attachment":[{"href":"https:\/\/grandepremio.com\/br\/wp-json\/wp\/v2\/media?parent=88019"}],"wp:term":[{"taxonomy":"category","embeddable":true,"href":"https:\/\/grandepremio.com\/br\/wp-json\/wp\/v2\/categories?post=88019"},{"taxonomy":"post_tag","embeddable":true,"href":"https:\/\/grandepremio.com\/br\/wp-json\/wp\/v2\/tags?post=88019"},{"taxonomy":"42wp_author","embeddable":true,"href":"https:\/\/grandepremio.com\/br\/wp-json\/wp\/v2\/42wp_author?post=88019"}],"curies":[{"name":"wp","href":"https:\/\/api.w.org\/{rel}","templated":true}]}}