{"id":88038,"date":"2024-02-14T06:07:00","date_gmt":"2024-02-14T09:07:00","guid":{"rendered":"https:\/\/grandepremio.com\/br\/noticias\/mclaren-conclui-apresentacao-mcl38-mostra-carro-verdade-1-mes-apos-pintura\/"},"modified":"2024-02-14T10:51:24","modified_gmt":"2024-02-14T13:51:24","slug":"mclaren-conclui-apresentacao-mcl38-mostra-carro-verdade-1-mes-apos-pintura","status":"publish","type":"post","link":"https:\/\/grandepremio.com\/br\/f1\/mclaren-conclui-apresentacao-mcl38-mostra-carro-verdade-1-mes-apos-pintura\/","title":{"rendered":"McLaren conclui apresenta\u00e7\u00e3o do MCL38 e mostra carro de verdade 1 m\u00eas ap\u00f3s pintura"},"content":{"rendered":"\n<p class=\"wp-block-paragraph\">A <strong>McLaren<\/strong> mostrou ao mundo o <strong>MCL38<\/strong> com todos os seus contornos nesta quarta-feira (14). A equipe brit\u00e2nica j\u00e1 havia feito algo nada usual e <a href=\"https:\/\/www.grandepremio.com\/br\/f1\/noticias\/mclaren-antecipa-lancamento-oficial-divulga-pintura-carro-formula-1-2024\/\">revelado a pintura do carro <\/a>para a temporada de 2024 da <strong>F\u00f3rmula 1<\/strong> no \u00faltimo m\u00eas, com listras laranjas e pretas e o abandono do azul, <a href=\"https:\/\/www.grandepremio.com\/br\/f1\/noticias\/mclaren-adianta-mais-uma-vez-divulga-macacao-pilotos-f1-2024\/\">al\u00e9m dos macac\u00f5es que ser\u00e3o utilizados por <strong>Lando Norris<\/strong> e <strong>Oscar Piastri<\/strong><\/a>.<\/p>\n\n\n\n<p class=\"wp-block-paragraph\">At\u00e9 por j\u00e1 ter apresentado a pintura, a grande expectativa por tr\u00e1s do lan\u00e7amento do MCL38 era a de ver os detalhes t\u00e9cnicos do carro. Mas o que chamou a aten\u00e7\u00e3o em primeiro lugar foi o susto do hor\u00e1rio: com apresenta\u00e7\u00e3o marcada para a tarde, no hor\u00e1rio brasileiro, a equipe soltou o carro antes mesmo das 6h (de Bras\u00edlia, GMT-3).<\/p>\n\n\n\n<p class=\"wp-block-paragraph\">Em compara\u00e7\u00e3o ao carro do ano passado, \u00e9 poss\u00edvel notar uma asa traseira em formato mais quadrado, de caixote, e a op\u00e7\u00e3o pelo uso das barbatanas, coisa que a Alpine, por exemplo, decidiu se livrar. A entrada de ar tamb\u00e9m se aproxima ao formato do RB19 da Red Bull: \u00e9 mais alta no desenho do carro e mais reta, sem a boca alongada. Faz com que a asa dianteira tamb\u00e9m levante um pouco mais, enquanto o bico est\u00e1 mais arredondado, mas n\u00e3o tanto quanto na maioria dos outros carros apresentados. <\/p>\n\n\n\n<p class=\"wp-block-paragraph\">Al\u00e9m das primeiras imagens reais do novo carro, a McLaren ainda avisou que vai aproveitar o dia para estrear o b\u00f3lido na pista, com um shakedown\/dia de filmagem em Silverstone. Tanto Norris quanto Piastri ter\u00e3o algum tempo atr\u00e1s do volante. <\/p>\n\n\n\n<figure class=\"wp-block-image size-large\"><img decoding=\"async\" src=\"https:\/\/www.grandepremio.com\/br\/wp-content\/uploads\/2024\/02\/MCL38-FRONT-1024x683.jpg\" alt=\"\" class=\"wp-image-777063\"\/><figcaption class=\"wp-element-caption\">A frente do MCL 38 da McLaren (Foto: McLaren)<\/figcaption><\/figure>\n\n\n\n<p class=\"wp-block-paragraph\">\u201c\u00c9 incr\u00edvel poder lan\u00e7ar nosso desafiante de 2024, o MCL38, em Silverstone hoje\u201d, disse <strong>Zak Brown, CEO da companhia inglesa<\/strong>. \u201c\u00c9 \u00f3timo ver nosso novo carro com a pintura dele na pista e ver o trabalho duro e a dedica\u00e7\u00e3o da equipe reunidos\u201d, seguiu.<\/p>\n\n\n\n<p class=\"wp-block-paragraph\">\u201cO que \u00e9 fant\u00e1stico sobre este esporte \u00e9 o qu\u00e3o competitivo ele \u00e9 e, portanto, devemos seguir realistas, j\u00e1 que todas as equipes fizeram progresso na pausa da temporada\u201d, alertou. \u201cO verdadeiro teste para vermos se caminhamos na dire\u00e7\u00e3o correta ser\u00e1 na classifica\u00e7\u00e3o do Bahrein. Estamos todos empolgados em voltar a correr, mas sabemos que temos uma longa temporada pela frente e muito trabalho ainda a fazer para garantir que constru\u00edmos em cima do progresso que fizemos ao longo de 2023\u201d, completou.<\/p>\n\n\n\n<p class=\"wp-block-paragraph\"><strong>Andrea Stella, chefe do time<\/strong>, tamb\u00e9m se manifestou e mostrou anima\u00e7\u00e3o. \u201cA equipe est\u00e1 empolgada em apresentar o MCL38 hoje e v\u00ea-lo na pista pela primeira vez. &#8220;Para este ano, buscamos construir em cima do alicerce estabelecido na temporada passada, mas somos realistas e sabemos que todas as equipes fizeram progresso e encontraram competitividade para os carros de 2024. Agora temos tudo no lugar: estrutura, pessoas e perspectiva de cultura, ent\u00e3o podemos seguir empurrando adiante e construir sobre o trabalho feito para voltarmos \u00e0 ponta do grid\u201d, seguiu.<\/p>\n\n\n\n<p class=\"wp-block-paragraph\">\u201cAntes de irmos para a pista para a temporada, temos muito trabalho a fazer, inclusive colocar o MCL38 no ritmo durante o teste de pr\u00e9-temporada no Bahrein. A equipe fez um bom trabalho ao longo do inverno e estamos confiantes de que podemos chegar bem, mas sabemos que temos tarefas importantes pela frente antes do in\u00edcio da temporada\u201d, avaliou. \u201cH\u00e1 muitas inova\u00e7\u00f5es no carro, mas nem todas as \u00e1reas que queremos trabalhar foram conclu\u00eddas antes do lan\u00e7amento. Estas \u00e1reas agora se tornam o foco do nosso desenvolvimento durante a temporada, que j\u00e1 est\u00e1 em curso\u201d, anunciou.<\/p>\n\n\n\n<figure class=\"wp-block-image size-large\"><img decoding=\"async\" src=\"https:\/\/www.grandepremio.com\/br\/wp-content\/uploads\/2024\/02\/MCL38-SIDE-1024x683.jpg\" alt=\"\" class=\"wp-image-777061\"\/><figcaption class=\"wp-element-caption\">A lateral do MCL 38 da McLaren (Foto: McLaren)<\/figcaption><\/figure>\n\n\n\n<p class=\"wp-block-paragraph\">\u201cMeu obrigado a toda a equipe, tanto na pista quanto na f\u00e1brica. L\u00e1 na f\u00e1brica, pelo grande esfor\u00e7o para garantir que o carro estivesse pronto para ir para a pista hoje, assim como aos nossos colegas da Mercedes HPP pela cont\u00ednua colabora\u00e7\u00e3o. Agora direcionamos nossa aten\u00e7\u00e3o \u00e0 longa temporada que temos \u00e0 frente e estamos ansiosos pelo teste do Bahrein na pr\u00f3xima semana\u201d, encerrou.<\/p>\n\n\n\n<p class=\"wp-block-paragraph\"><strong>Norris<\/strong> quis ser categ\u00f3rico: confia plenamente na equipe. \u201cEstou empolgado em sentar atr\u00e1s do volante do MCL38 e ver como funciona. A pintura est\u00e1 \u00f3tima no novo carro, ent\u00e3o \u00e9 divertido poder coloc\u00e1-lo na pista hoje\u201d, comentou.<\/p>\n\n\n\n<p class=\"wp-block-paragraph\">\u201cEstou ansioso para estrear o carro no Bahrein. Tenho total confian\u00e7a de que a equipe vai seguir avan\u00e7ando depois da reviravolta da temporada passada. No entanto, o verdadeiro teste do nosso progresso vai acontecer na classifica\u00e7\u00e3o no Bahrein e no GP do Bahrein\u201d, ponderou. \u201cAo longo das \u00faltimas semanas, trabalhei bastante na f\u00e1brica, no simulador e com a minha equipe de engenharia para garantir que estejamos totalmente preparados para a pr\u00f3xima semana\u201d, destacou.<\/p>\n\n\n\n<p class=\"wp-block-paragraph\">\u201cObrigado a todos na pista e na f\u00e1brica pelo trabalho para chegarmos at\u00e9 aqui. Estou empolgado em ir ao Bahrein e come\u00e7ar a correr\u201d, finalizou.<\/p>\n\n\n\n<figure class=\"wp-block-image size-large\"><img decoding=\"async\" src=\"https:\/\/www.grandepremio.com\/br\/wp-content\/uploads\/2024\/02\/LN-2-683x1024.jpg\" alt=\"\" class=\"wp-image-777078\"\/><figcaption class=\"wp-element-caption\">Lando Norris vai para o sexto ano de F1: todos na McLaren (Foto: McLaren)<\/figcaption><\/figure>\n\n\n\n<p class=\"wp-block-paragraph\">Por fim, <strong>Piastri<\/strong> viu o primeiro lan\u00e7amento mais normal da equipe nos dois anos em que l\u00e1 est\u00e1. Em 2023, \u00e9 bom lembrar, a McLaren apresentou o MCL60 avisando que o carro de verdade s\u00f3 apareceria na quarta etapa do campeonato. <\/p>\n\n\n\n<p class=\"wp-block-paragraph\">\u201c\u00c9 \u00f3timo poder guiar o MCL38 na pista pela primeira vez hoje. \u00c9 um marco importante no nosso desenvolvimento para o ano e estou empolgado em v\u00ea-lo na pista com a nova pintura\u201d, falou. <\/p>\n\n\n\n<p class=\"wp-block-paragraph\">\u201cN\u00e3o saberemos onde estamos em termos de competitividade at\u00e9 corrermos no Bahrein, mas estamos nos preparando da melhor forma poss\u00edvel passando tempo no simulador, trabalhando junto com todo mundo que participou do design, da constru\u00e7\u00e3o e que vai rodar com o carro para garantir que estamos prontos para come\u00e7ar com for\u00e7a\u201d, frisou.<\/p>\n\n\n\n<p class=\"wp-block-paragraph\">\u201cEstou ansioso pelas pr\u00f3ximas semanas, que v\u00e3o dar in\u00edcio a um ano agitado. Um enorme obrigado \u00e0 equipe por tudo que fizeram at\u00e9 aqui para nos preparar para 2024. Estou realmente empolgado para iniciar de fato a temporada da F1\u201d, completou.<\/p>\n\n\n\n<figure class=\"wp-block-image size-large\"><img decoding=\"async\" src=\"https:\/\/www.grandepremio.com\/br\/wp-content\/uploads\/2024\/02\/OP-2-683x1024.jpg\" alt=\"\" class=\"wp-image-777075\"\/><figcaption class=\"wp-element-caption\">Oscar Piastri (Foto: McLaren)<\/figcaption><\/figure>\n\n\n\n<p class=\"wp-block-paragraph\">Grande surpresa da segunda metade da \u00faltima temporada da <strong>F\u00f3rmula 1<\/strong>, a <strong>McLaren <\/strong>busca manter o alto n\u00edvel do segundo semestre para 2024. Para isso, a equipe chefiada por <strong>Andrea Stella<\/strong> tratou de acertar com anteced\u00eancia a renova\u00e7\u00e3o de Norris, <a href=\"https:\/\/www.grandepremio.com\/br\/f1\/noticias\/mclaren-chega-novo-acordo-plurianual-renova-contrato-lando-norris-f1\/\">com um acordo plurianual<\/a> que garante o jovem brit\u00e2nico ao lado de Piastri pelos pr\u00f3ximos anos.<\/p>\n\n\n\n<p class=\"wp-block-paragraph\">Stella foi um dos <a href=\"https:\/\/www.grandepremio.com\/br\/f1\/noticias\/ceo-da-mclaren-destaca-lideranca-e-credita-sucesso-ao-trabalho-maravilhoso-de-andrea-stella\/\">grandes respons\u00e1veis pela recupera\u00e7\u00e3o da McLaren no \u00faltimo ano<\/a>, mas a equipe tamb\u00e9m soube atrair nomes de rivais para compor seu corpo t\u00e9cnico. Nomes como&nbsp;<strong>Rob Marshall<\/strong>, que veio da <strong>Red Bull<\/strong>,&nbsp;e&nbsp;<strong>David Sanchez<\/strong>, que assumiu como diretor-t\u00e9cnico vindo da <strong>Ferrari<\/strong>, ajudaram a impulsionar o time.<\/p>\n\n\n\n<p class=\"wp-block-paragraph\">Tudo isso claro, chefiado por <strong>Zak Brown<\/strong>, diretor-executivo que tirou a tradicional equipe de uma situa\u00e7\u00e3o ruim nos \u00faltimos anos e tornou a <strong>McLaren<\/strong> em uma grande marca novamente, presente em v\u00e1rias das principais categorias do automobilismo mundial.<a href=\"https:\/\/www.grandepremio.com\/br\/f1\/noticias\/ceo-mclaren-reestruturacao-promete-progresso-2o-semestre-2024-f1\/\"> A ideia agora \u00e9 justamente levar o progresso do segundo semestre para come\u00e7ar 2024 bem<\/a>.<\/p>\n\n\n\n<p class=\"wp-block-paragraph\">Com uma base mais s\u00f3lida j\u00e1 no come\u00e7o de ano, a expectativa agora \u00e9 que o time de Woking consiga ser um postulante frequente por p\u00f3dios e, quem sabe vit\u00f3rias. Afinal de contas, j\u00e1 passou da hora de Norris batalhar <strong>Max Verstappen<\/strong> de verdade e conquistar seu primeiro triunfo.<\/p>\n\n\n\n<figure class=\"wp-block-image size-large\"><img decoding=\"async\" src=\"https:\/\/www.grandepremio.com\/br\/wp-content\/uploads\/2023\/05\/Zak-Brown-Photo-Credit_-Chris-Owens_Large-Image-Without-Watermark_m73198-1024x683.jpg\" alt=\"\" class=\"wp-image-686514\"\/><figcaption class=\"wp-element-caption\">Zak Brown \u00e9 o chef\u00e3o da F1 (Foto: Indy)<\/figcaption><\/figure>\n\n\n\n<p class=\"wp-block-paragraph\">E se Lando falhar, a equipe tem em <strong>Piastri<\/strong> um piloto com potencial de campe\u00e3 e que, querendo ou n\u00e3o, conquistou um primeiro lugar na \u00faltima temporada, ainda que na corrida sprint no <strong>GP do Catar<\/strong>.<\/p>\n\n\n\n<p class=\"wp-block-paragraph\">O objetivo tra\u00e7ado no in\u00edcio de 2023, quando o time brit\u00e2nico percebeu suas defici\u00eancias, foi o de entregar um carro melhor no segundo semestre e terminar o Mundial de Construtores na quarta posi\u00e7\u00e3o. Stella mostrou capacidade de direcionar a McLaren para o caminho certo. A ladeira agora \u00e9 maior. Subir da quarta posi\u00e7\u00e3o para um terceiro ou segundo posto \u00e9 uma tarefa ainda mais complexa e que s\u00f3 \u00e9 alcan\u00e7ada com um trabalho excepcional de corpo t\u00e9cnico e pilotos.<\/p>\n\n\n\n<p class=\"wp-block-paragraph\">A base \u00e9 boa e o futuro parece promissor. Resta agora a McLaren mostrar que \u00e9 capaz de entregar bons resultados consistentemente durante uma longa temporada de 24 corridas.<\/p>\n\n\n\n<p class=\"wp-block-paragraph\">A&nbsp;<a href=\"https:\/\/www.grandepremio.com\/formula-1\/\" target=\"_blank\" rel=\"noreferrer noopener\"><\/a><a href=\"https:\/\/www.grandepremio.com\/formula-1\/\" target=\"_blank\" rel=\"noreferrer noopener\">F\u00f3rmula 1<\/a>&nbsp;retorna \u00e0s pistas de&nbsp;<strong>21 a 23 de fevereiro<\/strong>, com os testes coletivos da pr\u00e9-temporada no&nbsp;<strong>Bahrein<\/strong>, no circuito de&nbsp;<strong><a href=\"https:\/\/www.grandepremio.com\/br\/circuito\/sakhir\/\" target=\"_blank\" rel=\"noreferrer noopener\">Sakhir<\/a><\/strong>.<\/p>\n\n\n\n<p class=\"wp-block-paragraph\"><strong>\u25b6\ufe0f\u00a0Inscreva-se nos dois canais do GRANDE PR\u00caMIO no YouTube:\u00a0<a href=\"https:\/\/www.youtube.com\/channel\/UC9OlHEgxoaY6QY6nWPoiqQg?sub_confirmation=1\" target=\"_blank\" rel=\"noreferrer noopener\">GP<\/a>\u00a0|\u00a0<a href=\"https:\/\/www.youtube.com\/channel\/UC9csiS6q_C3C0FYhyr1rnFA?sub_confirmation=1\" target=\"_blank\" rel=\"noreferrer noopener\">GP2<\/a><\/strong><br><strong>\u25b6\ufe0f\u00a0<a href=\"https:\/\/www.twitch.tv\/grandepremio\" target=\"_blank\" rel=\"noreferrer noopener\">Conhe\u00e7a o canal do GRANDE PR\u00caMIO na Twitch clicando aqui!<\/a><\/strong><\/p>\n\n\n\n<p class=\"wp-block-paragraph\"><a href=\"https:\/\/www.youtube.com\/@GrandePremio2\"><\/a><\/p>\n","protected":false},"excerpt":{"rendered":"<p>Ap\u00f3s mostrar antecipadamente a pintura do MCL38 no \u00faltimo m\u00eas, a McLaren realizou nesta quarta-feira (14) o evento de lan\u00e7amento do seu carro para a temporada de 2024, mostrando todos os novos detalhes t\u00e9cnicos do b\u00f3lido que promete andar na frente do pelot\u00e3o<\/p>\n","protected":false},"author":0,"featured_media":1000777064,"comment_status":"closed","ping_status":"closed","sticky":false,"template":"","format":"standard","meta":{"42wp_featured_image_caption":"","42wp_featured_image_credits":"","42wp_featured_video":"","42wp_featured_image_hidden":false,"42wp_authors_list":[],"footnotes":""},"categories":[2],"tags":[7094,34025,147,3230,180,30909,9065,1491,547,38002,90,2916,24737,580],"42wp_author":[47144,47113,47120],"class_list":["post-88038","post","type-post","status-publish","format-standard","has-post-thumbnail","hentry","category-f1","tag-andrea-stella","tag-david-sanchez","tag-f1","tag-f1-2024","tag-formula-1","tag-formula-1-2024","tag-formula-1-ao-vivo","tag-grande-premio","tag-lando-norris","tag-mcl38","tag-mclaren","tag-oscar-piastri","tag-rob-marshall","tag-zak-brown","42wp_author-andre-netto","42wp_author-juliana-tesser","42wp_author-pedro-henrique-marum"],"_links":{"self":[{"href":"https:\/\/grandepremio.com\/br\/wp-json\/wp\/v2\/posts\/88038","targetHints":{"allow":["GET"]}}],"collection":[{"href":"https:\/\/grandepremio.com\/br\/wp-json\/wp\/v2\/posts"}],"about":[{"href":"https:\/\/grandepremio.com\/br\/wp-json\/wp\/v2\/types\/post"}],"replies":[{"embeddable":true,"href":"https:\/\/grandepremio.com\/br\/wp-json\/wp\/v2\/comments?post=88038"}],"version-history":[{"count":0,"href":"https:\/\/grandepremio.com\/br\/wp-json\/wp\/v2\/posts\/88038\/revisions"}],"wp:featuredmedia":[{"embeddable":true,"href":"https:\/\/grandepremio.com\/br\/wp-json\/wp\/v2\/media\/1000777064"}],"wp:attachment":[{"href":"https:\/\/grandepremio.com\/br\/wp-json\/wp\/v2\/media?parent=88038"}],"wp:term":[{"taxonomy":"category","embeddable":true,"href":"https:\/\/grandepremio.com\/br\/wp-json\/wp\/v2\/categories?post=88038"},{"taxonomy":"post_tag","embeddable":true,"href":"https:\/\/grandepremio.com\/br\/wp-json\/wp\/v2\/tags?post=88038"},{"taxonomy":"42wp_author","embeddable":true,"href":"https:\/\/grandepremio.com\/br\/wp-json\/wp\/v2\/42wp_author?post=88038"}],"curies":[{"name":"wp","href":"https:\/\/api.w.org\/{rel}","templated":true}]}}