{"id":88072,"date":"2024-02-13T12:38:05","date_gmt":"2024-02-13T15:38:05","guid":{"rendered":"https:\/\/grandepremio.com\/br\/noticias\/fia-anuncia-ex-sauber-ocupar-cargo-diretor-tecnico-monopostos\/"},"modified":"2024-02-13T12:40:57","modified_gmt":"2024-02-13T15:40:57","slug":"fia-anuncia-ex-sauber-ocupar-cargo-diretor-tecnico-monopostos","status":"publish","type":"post","link":"https:\/\/grandepremio.com\/br\/f1\/fia-anuncia-ex-sauber-ocupar-cargo-diretor-tecnico-monopostos\/","title":{"rendered":"FIA anuncia ex-Sauber para ocupar cargo de diretor-t\u00e9cnico de monopostos"},"content":{"rendered":"\n<p class=\"wp-block-paragraph\">A <strong>Federa\u00e7\u00e3o Internacional de Automobilismo (FIA)<\/strong> atualizou seu quadro de funcion\u00e1rios nesta ter\u00e7a-feira (13) com a chegada de <strong>Jan Monchaux<\/strong> para o cargo de <strong>diretor-t\u00e9cnico de monopostos<\/strong>. O engenheiro franco-alem\u00e3o ocupou mais recentemente o cargo de diretor-t\u00e9cnico na <strong>Sauber<\/strong> (ent\u00e3o Alfa Romeo) at\u00e9 o meio do ano passado, <a href=\"https:\/\/www.grandepremio.com\/br\/f1\/noticias\/sauber-prepara-audi-anuncia-james-key-novo-diretor-tecnico-formula-1\/\">quando foi substitu\u00eddo por <strong>James Key<\/strong><\/a>, e tamb\u00e9m possui experi\u00eancia no <strong>endurance<\/strong> e <strong>DTM<\/strong>.<\/p>\n\n\n\n<p class=\"wp-block-paragraph\">Dentro do setor de monopostos da FIA, Monchaux ir\u00e1 ter como fun\u00e7\u00e3o supervisionar toda a parte t\u00e9cnica do departamento, incluindo os regulamentos atuais e futuros da <strong>F\u00f3rmula 1<\/strong>. Jan ir\u00e1 se reportar a <strong>Nikolas Tombazis<\/strong>, que \u00e9 o diretor de monopostos da entidade reguladora.<\/p>\n\n\n\n<p class=\"wp-block-paragraph\"><strong>\u25b6\ufe0f\u00a0Inscreva-se nos dois canais do GRANDE PR\u00caMIO no YouTube:\u00a0<a href=\"https:\/\/www.youtube.com\/channel\/UC9OlHEgxoaY6QY6nWPoiqQg?sub_confirmation=1\" target=\"_blank\" rel=\"noreferrer noopener\">GP<\/a>\u00a0|\u00a0<a href=\"https:\/\/www.youtube.com\/channel\/UC9csiS6q_C3C0FYhyr1rnFA?sub_confirmation=1\" target=\"_blank\" rel=\"noreferrer noopener\">GP2<\/a><\/strong><br><strong>\u25b6\ufe0f\u00a0<a href=\"https:\/\/www.twitch.tv\/grandepremio\" target=\"_blank\" rel=\"noreferrer noopener\">Conhe\u00e7a o canal do GRANDE PR\u00caMIO na Twitch clicando aqui!<\/a><\/strong><\/p>\n\n\n\n<figure class=\"wp-block-image size-large\"><img decoding=\"async\" src=\"https:\/\/www.grandepremio.com\/br\/wp-content\/uploads\/2023\/11\/las-vegas-2023-f1-treino-livre-alfa-romeo-guanyu-zhou-afp-01-1-1024x683.jpg\" alt=\"\" class=\"wp-image-754501\"\/><figcaption class=\"wp-element-caption\">Monchaux esteve na Alfa Romeo at\u00e9 o meio de 2023 (Foto: AFP)<\/figcaption><\/figure>\n\n\n\n<p class=\"wp-block-paragraph\">\u201cEstou muito feliz por ingressar na FIA como diretor-t\u00e9cnico e estou ansioso pelos novos desafios desta fun\u00e7\u00e3o. Trabalhei no lado dos competidores durante muitos anos, mas agora a oportunidade de ajudar a moldar o futuro do esporte com a entidade reguladora \u00e9 uma perspectiva que me agrada\u201d, disse Monchaux em comunicado oficial.<\/p>\n\n\n\n<p class=\"wp-block-paragraph\">\u201cEstou entusiasmado em receber Jan na FIA para desempenhar um papel importante no departamento t\u00e9cnico e na defini\u00e7\u00e3o dos futuros regulamentos do esporte&#8221;, celebou Tombazis. &#8220;A chegada de Jan fortalecer\u00e1 nosso amplo conhecimento t\u00e9cnico\u201d, concluiu.<\/p>\n\n\n\n<p class=\"wp-block-paragraph\">A\u00a0<a href=\"https:\/\/www.grandepremio.com\/br\/f1\/\" target=\"_blank\" rel=\"noreferrer noopener\"><\/a><a href=\"https:\/\/www.grandepremio.com\/br\/f1\/\" target=\"_blank\" rel=\"noreferrer noopener\">F\u00f3rmula 1<\/a>\u00a0retorna \u00e0s pistas entre os dias\u00a0<strong>21 e 23 de fevereiro<\/strong>, com o testes coletivos de pr\u00e9-temporada no\u00a0<strong>Bahrein<\/strong>, no circuito de\u00a0<strong><a href=\"https:\/\/www.grandepremio.com\/br\/circuito\/sakhir\/\" target=\"_blank\" rel=\"noreferrer noopener\">Sakhir<\/a><\/strong>.<\/p>\n","protected":false},"excerpt":{"rendered":"<p>Jan Monchaux, ex-diretor-t\u00e9cnico da Sauber, foi anunciado nesta ter\u00e7a-feira (13) como novo diretor-t\u00e9cnico de monopostos da Federa\u00e7\u00e3o Internacional de Automobilismo<\/p>\n","protected":false},"author":0,"featured_media":1000776906,"comment_status":"closed","ping_status":"closed","sticky":false,"template":"","format":"standard","meta":{"42wp_featured_image_caption":"","42wp_featured_image_credits":"","42wp_featured_video":"","42wp_featured_image_hidden":false,"42wp_authors_list":[],"footnotes":""},"categories":[2],"tags":[457,147,3230,25893,103,180,30909,1491,1519,3960,1197],"42wp_author":[47144],"class_list":["post-88072","post","type-post","status-publish","format-standard","has-post-thumbnail","hentry","category-f1","tag-alfa-romeo","tag-f1","tag-f1-2024","tag-federacao-internacional-de-automobilismo","tag-fia","tag-formula-1","tag-formula-1-2024","tag-grande-premio","tag-james-key","tag-nikolas-tombazis","tag-sauber","42wp_author-andre-netto"],"_links":{"self":[{"href":"https:\/\/grandepremio.com\/br\/wp-json\/wp\/v2\/posts\/88072","targetHints":{"allow":["GET"]}}],"collection":[{"href":"https:\/\/grandepremio.com\/br\/wp-json\/wp\/v2\/posts"}],"about":[{"href":"https:\/\/grandepremio.com\/br\/wp-json\/wp\/v2\/types\/post"}],"replies":[{"embeddable":true,"href":"https:\/\/grandepremio.com\/br\/wp-json\/wp\/v2\/comments?post=88072"}],"version-history":[{"count":0,"href":"https:\/\/grandepremio.com\/br\/wp-json\/wp\/v2\/posts\/88072\/revisions"}],"wp:featuredmedia":[{"embeddable":true,"href":"https:\/\/grandepremio.com\/br\/wp-json\/wp\/v2\/media\/1000776906"}],"wp:attachment":[{"href":"https:\/\/grandepremio.com\/br\/wp-json\/wp\/v2\/media?parent=88072"}],"wp:term":[{"taxonomy":"category","embeddable":true,"href":"https:\/\/grandepremio.com\/br\/wp-json\/wp\/v2\/categories?post=88072"},{"taxonomy":"post_tag","embeddable":true,"href":"https:\/\/grandepremio.com\/br\/wp-json\/wp\/v2\/tags?post=88072"},{"taxonomy":"42wp_author","embeddable":true,"href":"https:\/\/grandepremio.com\/br\/wp-json\/wp\/v2\/42wp_author?post=88072"}],"curies":[{"name":"wp","href":"https:\/\/api.w.org\/{rel}","templated":true}]}}