{"id":8818,"date":"2026-05-18T10:26:02","date_gmt":"2026-05-18T13:26:02","guid":{"rendered":"https:\/\/grandepremio.com\/br\/noticias\/mclaren-encorajada-atualizacoes-gp-do-canada-evolucao-miami\/"},"modified":"2026-05-18T10:40:35","modified_gmt":"2026-05-18T13:40:35","slug":"mclaren-encorajada-atualizacoes-gp-do-canada-evolucao-miami","status":"publish","type":"post","link":"https:\/\/grandepremio.com\/br\/f1\/mclaren-encorajada-atualizacoes-gp-do-canada-evolucao-miami\/","title":{"rendered":"McLaren se diz &#8220;encorajada&#8221; com atualiza\u00e7\u00f5es para GP do Canad\u00e1 ap\u00f3s evolu\u00e7\u00e3o em Miami"},"content":{"rendered":"\n<p class=\"wp-block-paragraph\">Ap\u00f3s dar um claro passo \u00e0 frente em rela\u00e7\u00e3o \u00e0 concorr\u00eancia na <strong>F\u00f3rmula 1<\/strong> em <strong>Miami<\/strong>, a <strong>McLaren <\/strong>est\u00e1 animada com as novas atualiza\u00e7\u00f5es que levar\u00e1 ao <strong>GP do Canad\u00e1<\/strong>, neste fim de semana. O chefe <strong>Andrea Stella <\/strong>ressaltou que, mesmo com menos pe\u00e7as novas nos carros de <strong>Ferrari <\/strong>e <strong>Red Bull<\/strong>, o time de <strong>Woking <\/strong>conseguiu se colocar \u00e0 frente das duas a ponto de causar a primeira derrota no ano \u00e0 <strong>Mercedes<\/strong>, com vit\u00f3ria de <strong>Lando Norris<\/strong> na sprint.<\/p>\n\n\n\n<p class=\"wp-block-paragraph\">&#8220;Quando olhamos para a lista de atualiza\u00e7\u00f5es de Miami, em ordem de quantidade, acho que a Ferrari teve um conjunto mais consistente de mexidas que Red Bull e McLaren. Ent\u00e3o, ficamos felizes por poder adicionar toda essa performance ao carro. Como dissemos, n\u00e3o h\u00e1 segredo: teremos novas coisas no Canad\u00e1 e estamos encorajados&#8221;, disse Stella.<\/p>\n\n\n\n<figure class=\"wp-block-embed is-type-video is-provider-youtube wp-block-embed-youtube wp-embed-aspect-16-9 wp-has-aspect-ratio\"><div class=\"wp-block-embed__wrapper\">\n<iframe loading=\"lazy\" title=\"QUE HIST\u00d3RIA \u00c9 ESSA: VERSTAPPEN RUMO AO WEC, HAMILTON E ALONSO FORA DA F1? | Paddock GP\" width=\"500\" height=\"281\" src=\"https:\/\/www.youtube.com\/embed\/qIAZSCfwN2A?feature=oembed\" frameborder=\"0\" allow=\"accelerometer; autoplay; clipboard-write; encrypted-media; gyroscope; picture-in-picture; web-share\" referrerpolicy=\"strict-origin-when-cross-origin\" allowfullscreen><\/iframe>\n<\/div><\/figure>\n\n\n\n<p class=\"wp-block-paragraph\">Mesmo ap\u00f3s vit\u00f3rias da Mercedes nas quatro corridas principais da temporada, Stella disse enxergar as quatro equipes de frente &#8220;separadas por muito pouco&#8221;. Para o chefe da McLaren, isso significa duas coisas: <strong>um<\/strong>, que a ordem de for\u00e7a nas etapas deve variar de acordo com a execu\u00e7\u00e3o de cada equipe; e <strong>dois<\/strong>, que as atualiza\u00e7\u00f5es realmente funcionaram, j\u00e1 que melhoraram significativamente o ritmo da esquadra em rela\u00e7\u00e3o \u00e0s outras.<\/p>\n\n\n\n<p class=\"wp-block-paragraph\">&#8220;Se olharmos para o cen\u00e1rio competitivo, agora temos quatro equipes separadas por muito pouco. A Mercedes ainda tem vantagem, mas se olharmos para quem poderia ter feito a pole da sprint [em Miami], poderia ter sido Antonelli, Leclerc, qualquer um de nossos pilotos ou Verstappen&#8221;, ressaltou Stella.<\/p>\n\n\n\n<p class=\"wp-block-paragraph\">&#8220;Ent\u00e3o, as quatro equipes est\u00e3o t\u00e3o pr\u00f3ximas que a diferen\u00e7a pode ser mais sobre execu\u00e7\u00e3o, otimiza\u00e7\u00e3o e adapta\u00e7\u00e3o \u00e0s condi\u00e7\u00f5es, ao inv\u00e9s de termos um time dominante. \u00c9 uma boa not\u00edcia para a McLaren, porque significa que as atualiza\u00e7\u00f5es funcionaram bem&#8221;, celebrou.<\/p>\n\n\n\n<figure class=\"wp-block-image size-large\"><img decoding=\"async\" src=\"https:\/\/www.grandepremio.com\/br\/wp-content\/uploads\/2026\/04\/2204657550-1200x799.jpg\" alt=\"\" class=\"wp-image-1074362\"\/><figcaption class=\"wp-element-caption\">Stella est\u00e1 animado para ver as atualiza\u00e7\u00f5es da McLaren no Canad\u00e1 (Foto: McLaren)<\/figcaption><\/figure>\n\n\n\n<p class=\"wp-block-paragraph\">A F\u00f3rmula 1 volta neste fim de semana, de&nbsp;<strong>22 a 24 de maio<\/strong>, com o&nbsp;<strong>GP do Canad\u00e1<\/strong>, quinta etapa da temporada 2026. O&nbsp;<strong>GRANDE PR\u00caMIO<\/strong>&nbsp;acompanha todas as atividades&nbsp;<a href=\"https:\/\/www.grandepremio.com\/br\/ao-vivo\/f1\/\"><strong>AO VIVO E EM&nbsp;<\/strong><\/a><strong><a href=\"https:\/\/www.grandepremio.com\/br\/ao-vivo\/\" target=\"_blank\" rel=\"noreferrer noopener\">TEMPO REAL<\/a><\/strong>,&nbsp;<a href=\"https:\/\/www.youtube.com\/@GrandePremio1\/streams\">al\u00e9m de classifica\u00e7\u00f5es e corridas em&nbsp;<strong>SEGUNDA TELA&nbsp;<\/strong>no YouTube<\/a>, em parceria com a&nbsp;<strong>Voz do Esporte<\/strong>. O&nbsp;<strong>Briefing&nbsp;<\/strong>chega para analisar ap\u00f3s o fim de cada dia de atividades nas redes sociais e na&nbsp;<strong>GPTV<\/strong>.<\/p>\n\n\n\n<h2 class=\"wp-block-heading\" id=\"h-gp-do-canada-de-f1-veja-os-horarios-em-brasil-cabo-verde-portugal-angola-e-mocambique\">GP do Canad\u00e1 de F1: veja os hor\u00e1rios em Brasil, Cabo Verde, Portugal, Angola e Mo\u00e7ambique:<\/h2>\n\n\n\n<figure class=\"wp-block-table\"><table class=\"has-fixed-layout\"><tbody><tr><td class=\"has-text-align-left\" data-align=\"left\"><strong>Sess\u00e3o<\/strong><\/td><td class=\"has-text-align-left\" data-align=\"left\"><strong>BRA*<\/strong><\/td><td class=\"has-text-align-left\" data-align=\"left\"><strong>CBV<\/strong><\/td><td class=\"has-text-align-left\" data-align=\"left\"><strong>POR<\/strong><br><strong>ANG<\/strong><\/td><td class=\"has-text-align-left\" data-align=\"left\"><strong>MOZ<\/strong><\/td><\/tr><tr><td class=\"has-text-align-left\" data-align=\"left\">Treino livre 1<\/td><td class=\"has-text-align-left\" data-align=\"left\">13:30<\/td><td class=\"has-text-align-left\" data-align=\"left\">15:30<\/td><td class=\"has-text-align-left\" data-align=\"left\">17:30<\/td><td class=\"has-text-align-left\" data-align=\"left\">18:30<\/td><\/tr><tr><td class=\"has-text-align-left\" data-align=\"left\">Classifica\u00e7\u00e3o Sprint<\/td><td class=\"has-text-align-left\" data-align=\"left\">17:30<\/td><td class=\"has-text-align-left\" data-align=\"left\">19:30<\/td><td class=\"has-text-align-left\" data-align=\"left\">21:30<\/td><td class=\"has-text-align-left\" data-align=\"left\">22:30<\/td><\/tr><tr><td class=\"has-text-align-left\" data-align=\"left\">Corrida Sprint<\/td><td class=\"has-text-align-left\" data-align=\"left\">13:00<\/td><td class=\"has-text-align-left\" data-align=\"left\">15:00<\/td><td class=\"has-text-align-left\" data-align=\"left\">17:00<\/td><td class=\"has-text-align-left\" data-align=\"left\">18:00<\/td><\/tr><tr><td class=\"has-text-align-left\" data-align=\"left\">Classifica\u00e7\u00e3o<\/td><td class=\"has-text-align-left\" data-align=\"left\">17:00<\/td><td class=\"has-text-align-left\" data-align=\"left\">19:00<\/td><td class=\"has-text-align-left\" data-align=\"left\">21:00<\/td><td class=\"has-text-align-left\" data-align=\"left\">22:00<\/td><\/tr><tr><td class=\"has-text-align-left\" data-align=\"left\">Corrida<\/td><td class=\"has-text-align-left\" data-align=\"left\">17:00<\/td><td class=\"has-text-align-left\" data-align=\"left\">19:00<\/td><td class=\"has-text-align-left\" data-align=\"left\">21:00<\/td><td class=\"has-text-align-left\" data-align=\"left\">22:00<\/td><\/tr><\/tbody><\/table><\/figure>\n\n\n\n<p class=\"wp-block-paragraph\"><em>*Hor\u00e1rio de Bras\u00edlia<\/em><\/p>\n\n\n\n<p class=\"wp-block-paragraph\">\u25b6\ufe0f&nbsp;<strong>Inscreva-se nos dois canais do GRANDE PR\u00caMIO no YouTube:&nbsp;<a href=\"https:\/\/www.youtube.com\/channel\/UC9OlHEgxoaY6QY6nWPoiqQg?sub_confirmation=1\">GP<\/a>&nbsp;|&nbsp;<a href=\"https:\/\/www.youtube.com\/channel\/UC9csiS6q_C3C0FYhyr1rnFA?sub_confirmation=1\">GPTV<\/a><\/strong><\/p>\n\n\n\n<h2 class=\"wp-block-heading\" id=\"h-f1-hoje-saiba-aqui-as-noticias-mais-importantes-do-dia-da-formula-1\"><strong>F1 hoje: saiba aqui as not\u00edcias mais importantes do dia da F\u00f3rmula 1<\/strong><\/h2>\n\n\n\n<p class=\"wp-block-paragraph\">A reda\u00e7\u00e3o do&nbsp;<strong>GRANDE PR\u00caMIO<\/strong>&nbsp;selecionou as not\u00edcias mais importantes das \u00faltimas horas para voc\u00ea ficar por dentro de tudo que acontece na F1.<\/p>\n\n\n\n<p class=\"wp-block-paragraph\"><strong>\u25b6\ufe0f <a href=\"https:\/\/www.grandepremio.com\/br\/f1\/noticias\/aston-martin-foca-equilibrio-carro-prepara-atualizacoes-canada\/\">Aston Martin foca equil\u00edbrio do carro e prepara atualiza\u00e7\u00f5es para Canad\u00e1<\/a><br>\u25b6\ufe0f <a href=\"https:\/\/www.grandepremio.com\/br\/f1\/noticias\/fernando-alonso-define-planos-vida-pos-f1-admite-dakar-possibilidade\/\">Alonso define planos para vida p\u00f3s-F1 e admite que \u201cDakar \u00e9 possibilidade\u201d<\/a><br>\u25b6\ufe0f <a href=\"https:\/\/www.grandepremio.com\/br\/f1\/noticias\/allan-mcnish-recorda-estreia-diretor-audi-miami-mais-nervoso-nunca\/\">McNish recorda estreia como diretor da Audi em Miami: \u201cMais nervoso do que nunca\u201d<\/a><br>\u25b6\ufe0f <a href=\"https:\/\/www.grandepremio.com\/br\/f1\/noticias\/max-verstappen-recorda-1a-vitoria-f1-red-bull-nem-conhecia-direito-carro\/\">Verstappen recorda 1\u00aa vit\u00f3ria na F1 com Red Bull: \u201cNem conhecia direito o carro\u201d<\/a><br>\u25b6\ufe0f <a href=\"https:\/\/www.grandepremio.com\/br\/f1\/noticias\/williams-da-sinal-de-vida-na-f1-b-e-aston-martin-se-supera-vexame\/\">Williams d\u00e1 sinais de vida na F1 \u2018B\u2019. E Aston Martin se supera com vexame<\/a><\/strong><\/p>\n","protected":false},"excerpt":{"rendered":"<p>Chefe da McLaren, Andrea Stella admitiu que crescimento em Miami traz boas expectativas para as novas atualiza\u00e7\u00f5es do Canad\u00e1. Sobre a ordem de for\u00e7as, italiano espera varia\u00e7\u00f5es daqui em diante<\/p>\n","protected":false},"author":0,"featured_media":1001081558,"comment_status":"closed","ping_status":"closed","sticky":false,"template":"","format":"standard","meta":{"42wp_featured_image_caption":"","42wp_featured_image_credits":"","42wp_featured_video":"","42wp_featured_image_hidden":false,"42wp_authors_list":[],"footnotes":""},"categories":[2],"tags":[7094,26271,5273,147,29516,29148,180,31425,28995,14357,1491,28285,30840,90,35129,31470],"42wp_author":[47142],"class_list":["post-8818","post","type-post","status-publish","format-standard","has-post-thumbnail","hentry","category-f1","tag-andrea-stella","tag-calendario-f1","tag-classificacao-f1","tag-f1","tag-f1-2026","tag-f1-hoje","tag-formula-1","tag-formula-1-2026","tag-formula-1-hoje","tag-gp-do-canada","tag-grande-premio","tag-grandepremio","tag-horarios-f1","tag-mclaren","tag-onde-assistir-f1","tag-temporada-2026-f1","42wp_author-jp-nascimento"],"_links":{"self":[{"href":"https:\/\/grandepremio.com\/br\/wp-json\/wp\/v2\/posts\/8818","targetHints":{"allow":["GET"]}}],"collection":[{"href":"https:\/\/grandepremio.com\/br\/wp-json\/wp\/v2\/posts"}],"about":[{"href":"https:\/\/grandepremio.com\/br\/wp-json\/wp\/v2\/types\/post"}],"replies":[{"embeddable":true,"href":"https:\/\/grandepremio.com\/br\/wp-json\/wp\/v2\/comments?post=8818"}],"version-history":[{"count":0,"href":"https:\/\/grandepremio.com\/br\/wp-json\/wp\/v2\/posts\/8818\/revisions"}],"wp:featuredmedia":[{"embeddable":true,"href":"https:\/\/grandepremio.com\/br\/wp-json\/wp\/v2\/media\/1001081558"}],"wp:attachment":[{"href":"https:\/\/grandepremio.com\/br\/wp-json\/wp\/v2\/media?parent=8818"}],"wp:term":[{"taxonomy":"category","embeddable":true,"href":"https:\/\/grandepremio.com\/br\/wp-json\/wp\/v2\/categories?post=8818"},{"taxonomy":"post_tag","embeddable":true,"href":"https:\/\/grandepremio.com\/br\/wp-json\/wp\/v2\/tags?post=8818"},{"taxonomy":"42wp_author","embeddable":true,"href":"https:\/\/grandepremio.com\/br\/wp-json\/wp\/v2\/42wp_author?post=8818"}],"curies":[{"name":"wp","href":"https:\/\/api.w.org\/{rel}","templated":true}]}}