{"id":88317,"date":"2024-02-10T04:15:00","date_gmt":"2024-02-10T07:15:00","guid":{"rendered":"https:\/\/grandepremio.com\/br\/noticias\/formula-e-exige-estabilidade-voltar-correr-india-serve-para-todas\/"},"modified":"2024-02-09T16:46:17","modified_gmt":"2024-02-09T19:46:17","slug":"formula-e-exige-estabilidade-voltar-correr-india-serve-para-todas","status":"publish","type":"post","link":"https:\/\/grandepremio.com\/br\/formula-e\/formula-e-exige-estabilidade-voltar-correr-india-serve-para-todas\/","title":{"rendered":"F\u00f3rmula E exige &#8220;estabilidade&#8221; para voltar a correr na \u00cdndia: &#8220;Serve para todas&#8221;"},"content":{"rendered":"\n<p class=\"wp-block-paragraph\">O pr\u00f3ximo fim de semana segue um hiato de mais de um m\u00eas no calend\u00e1rio da <strong>F\u00f3rmula E<\/strong>, que s\u00f3 voltar\u00e1 a correr no <strong>eP de S\u00e3o Paulo<\/strong>, no dia 16 de mar\u00e7o. No entanto, o per\u00edodo sem atividades foi algo for\u00e7ado \u00e0 categoria, j\u00e1 que o <strong>eP de Hyderabad <\/strong>deveria ser disputado nos pr\u00f3ximos dias \u2014 <a href=\"https:\/\/www.grandepremio.com\/br\/formula-e\/noticias\/formula-e-confirma-cancelamento-ep-hyderabad-sofre-baixa-calendario\/\" target=\"_blank\" rel=\"noreferrer noopener\">mas o caos pol\u00edtico da regi\u00e3o causou o cancelamento da etapa<\/a>.<\/p>\n\n\n\n<p class=\"wp-block-paragraph\">CEO da F\u00f3rmula E, <strong>Jeff Dodds <\/strong>garantiu que o interesse de correr na \u00cdndia futuramente continua, mas destacou que a realiza\u00e7\u00e3o de uma corrida s\u00f3 ser\u00e1 poss\u00edvel em um cen\u00e1rio de maior estabilidade na regi\u00e3o. Para ele, ter uma corrida posta em d\u00favida pouco antes de acontecer \u00e9 algo que pode manchar a imagem do campeonato.<\/p>\n\n\n\n<p class=\"wp-block-paragraph\">&#8220;Adoraria voltar a correr na \u00cdndia no futuro, mas acho que isso depende de uma decis\u00e3o est\u00e1vel&#8221;, disse Dodds ao portal ingl\u00eas <em>Motorsport<\/em>. &#8220;Esque\u00e7a a \u00cdndia por um segundo: [isso serve para] qualquer corrida&#8221;, explicou<\/p>\n\n\n\n<p class=\"wp-block-paragraph\">&#8220;N\u00e3o quero que o calend\u00e1rio esteja em perigo, em uma posi\u00e7\u00e3o na qual at\u00e9 o \u00faltimo minuto ainda se tenha d\u00favidas sobre a realiza\u00e7\u00e3o ou n\u00e3o de uma corrida&#8221;, afirmou.<\/p>\n\n\n\n<figure class=\"wp-block-image size-large\"><img decoding=\"async\" src=\"https:\/\/www.grandepremio.com\/br\/wp-content\/uploads\/2023\/02\/Hyderabad-1-1024x683.jpg\" alt=\"\" class=\"wp-image-650679\"\/><figcaption class=\"wp-element-caption\">O eP de Hyderabad estreou em 2023 e foi cancelado no in\u00edcio de 2024 (Foto: Twitter\/DHL)<\/figcaption><\/figure>\n\n\n\n<p class=\"wp-block-paragraph\">Segundo Dodds, \u00e9 muito importante que a F\u00f3rmula E consiga ter um calend\u00e1rio est\u00e1vel, pois saber onde e quando as corridas v\u00e3o acontecer \u00e9 algo vital para o p\u00fablico da categoria. S\u00f3 assim, de acordo com ele, ser\u00e1 poss\u00edvel criar uma base de f\u00e3s fiel.<\/p>\n\n\n\n<p class=\"wp-block-paragraph\">&#8220;A estabilidade do calend\u00e1rio \u00e9 algo incrivelmente importante para a categoria, para construir uma base de f\u00e3s. Eles querem saber onde e quando as corridas v\u00e3o acontecer, e \u00e9 a\u00ed que voc\u00ea consegue construir essa sequ\u00eancia, uma fase positiva de crescimento para o esporte&#8221;, pontuou.<\/p>\n\n\n\n<p class=\"wp-block-paragraph\">&#8220;Eu adoraria voltar a correr na \u00cdndia, mas com uma vaga est\u00e1vel no calend\u00e1rio que nos permita criar essa fase&#8221;, ressaltou.<\/p>\n\n\n\n<figure class=\"wp-block-image size-large\"><img decoding=\"async\" src=\"https:\/\/www.grandepremio.com\/br\/wp-content\/uploads\/2023\/02\/EPS904_040632_R3I1614-2048x2048-1-1024x683.jpg\" alt=\"\" class=\"wp-image-651030\"\/><figcaption class=\"wp-element-caption\">O eP de Hyderabad n\u00e3o sustentou o caos pol\u00edtico da regi\u00e3o e caiu (Foto: F\u00f3rmula E)<\/figcaption><\/figure>\n\n\n\n<p class=\"wp-block-paragraph\">Dodds n\u00e3o acredita, por\u00e9m, que o cancelamento tenha afetado de forma significativa a imagem da F\u00f3rmula E. O CEO pontuou que a categoria n\u00e3o poderia interferir no assunto, e a proximidade do cancelamento tornou invi\u00e1vel a busca por uma reposi\u00e7\u00e3o para a mesma data.<\/p>\n\n\n\n<p class=\"wp-block-paragraph\">&#8220;Espero que n\u00e3o tenha danificado a marca [do campeonato] e acho que a maioria das pessoas que noticiaram ou comentaram sobre isso entendem a complexidade daquela corrida e os motivos do cancelamento. Eles sabem que n\u00e3o havia muito o que pud\u00e9ssemos fazer sobre isso&#8221;, analisou.<\/p>\n\n\n\n<p class=\"wp-block-paragraph\">Em rela\u00e7\u00e3o \u00e0s equipes, por\u00e9m, o CEO da F\u00f3rmula E acredita que o dano foi maior. Companhias presentes na categoria viam a etapa indiana como a &#8216;corrida de casa&#8217;, como a <strong>Mahindra<\/strong>, marca fundada na \u00cdndia, e a <strong>Jaguar <\/strong>\u2014 propriedade da indiana Tata Motors. Este ano, o grid ainda conta com <strong>Jehan Daruvala<\/strong>, piloto nascido no pa\u00eds e que defende a <strong>Maserati<\/strong>.<\/p>\n\n\n\n<figure class=\"wp-block-image size-large\"><img decoding=\"async\" src=\"https:\/\/www.grandepremio.com\/br\/wp-content\/uploads\/2023\/02\/EPS904_104323_V6A2296-2048x2048-1-1024x683.jpg\" alt=\"\" class=\"wp-image-651837\"\/><figcaption class=\"wp-element-caption\">Em sua \u00fanica realiza\u00e7\u00e3o, o eP de Hyderabad teve vit\u00f3ria de Jean-\u00c8ric Vergne (Foto: F\u00f3rmula E)<\/figcaption><\/figure>\n\n\n\n<p class=\"wp-block-paragraph\">&#8220;Por outro lado, acho que o que foi feito \u00e9 muito danoso para as equipes, as fornecedoras e os parceiros que investiram na regi\u00e3o. A Mahindra \u00e9 uma equipe de corrida, temos tamb\u00e9m a Jaguar \u2014 da Tata Motors, uma grande parceira de l\u00e1. H\u00e1 um piloto indiano agora [Daruvala], ent\u00e3o, temos muitas companhias com la\u00e7os estreitos com a \u00cdndia&#8221;, finalizou o CEO.<\/p>\n\n\n\n<p class=\"wp-block-paragraph\">A&nbsp;<a href=\"https:\/\/www.grandepremio.com\/br\/formula-e\/\" target=\"_blank\" rel=\"noreferrer noopener\"><\/a><a href=\"https:\/\/www.grandepremio.com\/br\/formula-e\/\" target=\"_blank\" rel=\"noreferrer noopener\">F\u00f3rmula E<\/a>&nbsp;retorna agora entre os dias 15 e 16 de mar\u00e7o, com o&nbsp;<strong>eP de&nbsp;<a href=\"https:\/\/www.grandepremio.com\/br\/circuito\/sao-paulo\/\" target=\"_blank\" rel=\"noreferrer noopener\">S\u00e3o Paulo<\/a><\/strong>, que ter\u00e1 cobertura \u2018<strong>in loco<\/strong>\u2018 do&nbsp;<strong>GRANDE PR\u00caMIO<\/strong>. O&nbsp;<strong>GP<\/strong>&nbsp;\u00e9 emissora oficial da&nbsp;<strong><a href=\"https:\/\/www.grandepremio.com\/br\/formula-e\/\" target=\"_blank\" rel=\"noreferrer noopener\">F\u00f3rmula E<\/a><\/strong>&nbsp;no Brasil e transmite todas as atividades de pista&nbsp;<strong>AO VIVO e COM IMAGENS<\/strong>&nbsp;no&nbsp;<strong><a href=\"https:\/\/www.youtube.com\/c\/GrandePremioTV\" target=\"_blank\" rel=\"noreferrer noopener\">YouTube<\/a><\/strong>&nbsp;e no&nbsp;<strong><a href=\"https:\/\/m.kwai.com\/user\/@grandepremio\" target=\"_blank\" rel=\"noreferrer noopener\">Kwai<\/a><\/strong>.<\/p>\n\n\n\n<p class=\"wp-block-paragraph\"><strong><a href=\"https:\/\/bit.ly\/epSP2024GP\" target=\"_blank\" rel=\"noreferrer noopener\">Compre aqui os ingressos do eP de S\u00e3o Paulo 2024 da&nbsp;<\/a><a href=\"https:\/\/www.grandepremio.com\/br\/formula-e\/\" target=\"_blank\" rel=\"noreferrer noopener\">F\u00f3rmula E<\/a>&nbsp;com o cupom GRANDEPREMIO10<\/strong>.<\/p>\n\n\n\n<p class=\"wp-block-paragraph\"><strong><img decoding=\"async\" style=\"width: 20px;\" src=\"https:\/\/s.w.org\/images\/core\/emoji\/14.0.0\/svg\/25b6.svg\" alt=\"\u25b6\ufe0f\">\u00a0Inscreva-se nos dois canais do GRANDE PR\u00caMIO no YouTube:\u00a0<a href=\"https:\/\/www.youtube.com\/channel\/UC9OlHEgxoaY6QY6nWPoiqQg?sub_confirmation=1\" target=\"_blank\" rel=\"noreferrer noopener\">GP<\/a>\u00a0|\u00a0<a href=\"https:\/\/www.youtube.com\/channel\/UC9csiS6q_C3C0FYhyr1rnFA?sub_confirmation=1\" target=\"_blank\" rel=\"noreferrer noopener\">GP2<\/a><\/strong><br><strong><strong><img decoding=\"async\" style=\"width: 20px;\" src=\"https:\/\/s.w.org\/images\/core\/emoji\/14.0.0\/svg\/25b6.svg\" alt=\"\u25b6\ufe0f\"><\/strong><\/strong> <strong><a href=\"https:\/\/www.twitch.tv\/grandepremio\" target=\"_blank\" rel=\"noreferrer noopener\">Conhe\u00e7a o canal do GRANDE PR\u00caMIO na Twitch clicando aqui!<\/a><\/strong><\/p>\n\n\n\n<figure class=\"wp-block-embed is-type-video is-provider-youtube wp-block-embed-youtube wp-embed-aspect-16-9 wp-has-aspect-ratio\"><div class=\"wp-block-embed__wrapper\">\n<iframe loading=\"lazy\" title=\"Tudo come\u00e7a em S\u00c3O PAULO: F\u00f3rmula E se prepara para primeiro FRENESI de 2024 | GP \u00e0s 10\" width=\"500\" height=\"281\" src=\"https:\/\/www.youtube.com\/embed\/FAwJi0ZYtik?feature=oembed\" frameborder=\"0\" allow=\"accelerometer; autoplay; clipboard-write; encrypted-media; gyroscope; picture-in-picture; web-share\" referrerpolicy=\"strict-origin-when-cross-origin\" allowfullscreen><\/iframe>\n<\/div><\/figure>\n","protected":false},"excerpt":{"rendered":"<p>Ap\u00f3s sofrer com o cancelamento do eP de Hyderabad, que aconteceria neste fim de semana, Jeff Dodds \u2014 CEO da F\u00f3rmula E \u2014 assegurou que o interesse de voltar a correr na \u00cdndia ainda existe por parte da categoria, mas exigiu maior estabilidade na regi\u00e3o<\/p>\n","protected":false},"author":0,"featured_media":1000651013,"comment_status":"closed","ping_status":"closed","sticky":false,"template":"","format":"standard","meta":{"42wp_featured_image_caption":"","42wp_featured_image_credits":"","42wp_featured_video":"","42wp_featured_image_hidden":false,"42wp_authors_list":[],"footnotes":""},"categories":[19],"tags":[28679,6853,27360,33215,379,36881,840,35967,1601,1491,30103,28285,34875,36219],"42wp_author":[47142],"class_list":["post-88317","post","type-post","status-publish","format-standard","has-post-thumbnail","hentry","category-formula-e","tag-calendario-formula-e","tag-classificacao-formula-e","tag-ep-de-diriyah","tag-ep-de-hyderabad","tag-fe","tag-fe-2024","tag-formula-e","tag-formula-e-2024","tag-gen3","tag-grande-premio","tag-grande-premio-f1","tag-grandepremio","tag-jeff-dodds","tag-onde-assistir-formula-e","42wp_author-jp-nascimento"],"_links":{"self":[{"href":"https:\/\/grandepremio.com\/br\/wp-json\/wp\/v2\/posts\/88317","targetHints":{"allow":["GET"]}}],"collection":[{"href":"https:\/\/grandepremio.com\/br\/wp-json\/wp\/v2\/posts"}],"about":[{"href":"https:\/\/grandepremio.com\/br\/wp-json\/wp\/v2\/types\/post"}],"replies":[{"embeddable":true,"href":"https:\/\/grandepremio.com\/br\/wp-json\/wp\/v2\/comments?post=88317"}],"version-history":[{"count":0,"href":"https:\/\/grandepremio.com\/br\/wp-json\/wp\/v2\/posts\/88317\/revisions"}],"wp:featuredmedia":[{"embeddable":true,"href":"https:\/\/grandepremio.com\/br\/wp-json\/wp\/v2\/media\/1000651013"}],"wp:attachment":[{"href":"https:\/\/grandepremio.com\/br\/wp-json\/wp\/v2\/media?parent=88317"}],"wp:term":[{"taxonomy":"category","embeddable":true,"href":"https:\/\/grandepremio.com\/br\/wp-json\/wp\/v2\/categories?post=88317"},{"taxonomy":"post_tag","embeddable":true,"href":"https:\/\/grandepremio.com\/br\/wp-json\/wp\/v2\/tags?post=88317"},{"taxonomy":"42wp_author","embeddable":true,"href":"https:\/\/grandepremio.com\/br\/wp-json\/wp\/v2\/42wp_author?post=88317"}],"curies":[{"name":"wp","href":"https:\/\/api.w.org\/{rel}","templated":true}]}}