{"id":88338,"date":"2024-02-09T10:44:14","date_gmt":"2024-02-09T13:44:14","guid":{"rendered":"https:\/\/grandepremio.com\/br\/noticias\/formula-e-anuncia-nxt-gen-cup-categoria-carros-eletricos-turismo-como-satelite\/"},"modified":"2024-02-09T11:09:42","modified_gmt":"2024-02-09T14:09:42","slug":"formula-e-anuncia-nxt-gen-cup-categoria-carros-eletricos-turismo-como-satelite","status":"publish","type":"post","link":"https:\/\/grandepremio.com\/br\/formula-e\/formula-e-anuncia-nxt-gen-cup-categoria-carros-eletricos-turismo-como-satelite\/","title":{"rendered":"F\u00f3rmula E anuncia NXT Gen Cup, categoria de carros el\u00e9tricos de turismo, como sat\u00e9lite"},"content":{"rendered":"\n<p class=\"wp-block-paragraph\">A <strong><a href=\"https:\/\/www.grandepremio.com\/br\/formula-e\/\">F\u00f3rmula E<\/a><\/strong> tem uma nova categoria-sat\u00e9lite! O campeonato dos monopostos movidos \u00e0 baterias el\u00e9tricas anunciou, na manh\u00e3 desta sexta-feira (9), parceria com a rec\u00e9m-criada <strong>NXT Gen Cup<\/strong>, categoria de carros el\u00e9tricos de turismo, que far\u00e1 parte de uma estrutura encabe\u00e7ada pela F\u00f3rmula E.<\/p>\n\n\n\n<p class=\"wp-block-paragraph\">De acordo com a F\u00f3rmula E, a nova parceira tem status de classe j\u00fanior. Ou seja, tem como maior fun\u00e7\u00e3o o desenvolvimento de jovens pilotas e pilotos no \u00e2mbito dos carros el\u00e9tricos. Diferente, portanto, da antiga<strong> Jaguar eTrophy<\/strong>, que era um campeonato independente embora sempre realizado em eventos da F\u00f3rmula E.<\/p>\n\n\n\n<p class=\"wp-block-paragraph\">Inicialmente, a categoria vai viajar apenas em pistas europeias e ter\u00e1 eventos acoplados \u00e0 F\u00f3rmula E, mas tamb\u00e9m fora dela. O calend\u00e1rio contempla <strong>Misano, M\u00f4naco, Berlim e Londres<\/strong> ao lado da F\u00f3rmula E, bem como <strong>Norisring e Hockenheim<\/strong>, onde ser\u00e1 sat\u00e9lite do <strong>DTM<\/strong>. A etapa italiana abre os trabalhos no fim de semana de <strong>13 e 14 de abril<\/strong>. <\/p>\n\n\n\n<p class=\"wp-block-paragraph\">O fim de semana da categoria conta com dois treinos livres, uma classifica\u00e7\u00e3o e duas corridas de 16 minutos de dura\u00e7\u00e3o, com baterias de 30 kWh e at\u00e9 230 cv. A expectativa da categoria \u00e9 contar com boa parte do grid formado por pilotos mais jovens que 18 anos. Os an\u00fancios ser\u00e3o feitos a partir da semana que vem.<\/p>\n\n\n\n<figure class=\"wp-block-image size-large\"><img decoding=\"async\" src=\"https:\/\/www.grandepremio.com\/br\/wp-content\/uploads\/2024\/02\/GPF2-1-1024x683.jpg\" alt=\"\" class=\"wp-image-776011\"\/><figcaption class=\"wp-element-caption\">Categoria de carros el\u00e9tricos de turismo passa a fazer parte do universo da F\u00f3rmula E (Foto: NXT Gen Cup)<\/figcaption><\/figure>\n\n\n\n<p class=\"wp-block-paragraph\">&#8220;Estamos excitados em apresentar a NXT Gen Cup depois do incr\u00edvel sucesso deles no ano de estreia, em 2023. A adi\u00e7\u00e3o de uma categoria j\u00fanior totalmente el\u00e9trico \u00e0 parte europeia de nosso calend\u00e1rio vai contribuir para o desenvolvimento de jovens talentos, uma parte importante do nosso esporte, e dar a eles a oportunidade de andar no mesmo palco que nossos pilotos e equipes&#8221;, afirmou Alberto Longo, cofundador e diretor-administrativo da F\u00f3rmula E.<\/p>\n\n\n\n<p class=\"wp-block-paragraph\">&#8220;Para a NXT Gen Cup, sair de uma ideia no papel e agora correr ao lado do DTM e da F\u00f3rmula E em dois anos \u00e9 surreal e inspirador por conta do trabalho duro de todos os envolvidos&#8221;, comentou Frederik Lestrup, criador da NXT GEN CUP.<\/p>\n\n\n\n<p class=\"wp-block-paragraph\">&#8220;Junto com F\u00f3rmula E e DTM, criamos um calend\u00e1rio espetacular e que vai proporcionar uma base robusta para nossos pilotos come\u00e7arem suas carreiras. Quero agradecer a todos que fizeram isso ser poss\u00edvel e estamos muito motivos para o come\u00e7o de nossa mais empolgante temporada at\u00e9 agora&#8221;, finalizou.<\/p>\n\n\n\n<p class=\"wp-block-paragraph\">A&nbsp;<a href=\"https:\/\/www.grandepremio.com\/br\/formula-e\/\" target=\"_blank\" rel=\"noreferrer noopener\"><\/a><a href=\"https:\/\/www.grandepremio.com\/br\/formula-e\/\" target=\"_blank\" rel=\"noreferrer noopener\">F\u00f3rmula E<\/a>&nbsp;retorna agora entre os dias 15 e 16 de mar\u00e7o, com o&nbsp;<strong>eP de&nbsp;<a href=\"https:\/\/www.grandepremio.com\/br\/circuito\/sao-paulo\/\" target=\"_blank\" rel=\"noreferrer noopener\">S\u00e3o Paulo<\/a><\/strong>, que ter\u00e1 cobertura \u2018<strong>in loco<\/strong>\u2018 do&nbsp;<strong>GRANDE PR\u00caMIO<\/strong>. O&nbsp;<strong>GP<\/strong>&nbsp;\u00e9 emissora oficial da&nbsp;<strong><a href=\"https:\/\/www.grandepremio.com\/br\/formula-e\/\" target=\"_blank\" rel=\"noreferrer noopener\">F\u00f3rmula E<\/a><\/strong>&nbsp;no Brasil e transmite todas as atividades de pista&nbsp;<strong>AO VIVO e COM IMAGENS<\/strong>&nbsp;no&nbsp;<strong><a href=\"https:\/\/www.youtube.com\/c\/GrandePremioTV\" target=\"_blank\" rel=\"noreferrer noopener\">YouTube<\/a><\/strong>&nbsp;e no&nbsp;<strong><a href=\"https:\/\/m.kwai.com\/user\/@grandepremio\" target=\"_blank\" rel=\"noreferrer noopener\">Kwai<\/a><\/strong>.<\/p>\n\n\n\n<p class=\"wp-block-paragraph\"><strong><a href=\"https:\/\/bit.ly\/epSP2024GP\" target=\"_blank\" rel=\"noreferrer noopener\">Compre aqui os ingressos do eP de S\u00e3o Paulo 2024 da&nbsp;<\/a><a href=\"https:\/\/www.grandepremio.com\/br\/formula-e\/\" target=\"_blank\" rel=\"noreferrer noopener\">F\u00f3rmula E<\/a>&nbsp;com o cupom GRANDEPREMIO10<\/strong>.<\/p>\n\n\n\n<p class=\"wp-block-paragraph\"><strong>\u25b6\ufe0f&nbsp;Inscreva-se nos dois canais do GRANDE PR\u00caMIO no YouTube:&nbsp;<a href=\"https:\/\/www.youtube.com\/channel\/UC9OlHEgxoaY6QY6nWPoiqQg?sub_confirmation=1\" target=\"_blank\" rel=\"noreferrer noopener\">GP<\/a>&nbsp;|&nbsp;<a href=\"https:\/\/www.youtube.com\/channel\/UC9csiS6q_C3C0FYhyr1rnFA?sub_confirmation=1\" target=\"_blank\" rel=\"noreferrer noopener\">GP2<\/a><\/strong><br><strong>\u25b6\ufe0f&nbsp;<a href=\"https:\/\/www.twitch.tv\/grandepremio\" target=\"_blank\" rel=\"noreferrer noopener\">Conhe\u00e7a o canal do GRANDE PR\u00caMIO na Twitch clicando aqui!<\/a><\/strong><\/p>\n\n\n\n<h2 class=\"wp-block-heading\" id=\"h-nxt-gen-cup-2024-calendario\">NXT Gen Cup 2024, Calend\u00e1rio:<\/h2>\n\n\n\n<figure class=\"wp-block-table\"><table><tbody><tr><td>1<\/td><td>13 e 14\/abril<\/td><td>Misano<\/td><\/tr><tr><td>2<\/td><td>27\/abril<\/td><td>M\u00f4naco<\/td><\/tr><tr><td>3<\/td><td>11 e 12\/maio<\/td><td>Berlim<\/td><\/tr><tr><td>4<\/td><td>5, 6 e 7\/julho<\/td><td>Norisring<\/td><\/tr><tr><td>5<\/td><td>20 e 21\/julho<\/td><td>Londres<\/td><\/tr><tr><td>6<\/td><td>18, 19 e 20\/outubro<\/td><td>Hockenheim<\/td><\/tr><\/tbody><\/table><\/figure>\n\n\n\n<figure class=\"wp-block-embed is-type-video is-provider-youtube wp-block-embed-youtube wp-embed-aspect-16-9 wp-has-aspect-ratio\"><div class=\"wp-block-embed__wrapper\">\n<iframe loading=\"lazy\" title=\"F\u00d3RMULA E tem PREJU\u00cdZO MONSTRUOSO com ROMBO no campeonato | GP \u00e0s 10\" width=\"500\" height=\"281\" src=\"https:\/\/www.youtube.com\/embed\/_kFLK9ayMf4?feature=oembed\" frameborder=\"0\" allow=\"accelerometer; autoplay; clipboard-write; encrypted-media; gyroscope; picture-in-picture; web-share\" referrerpolicy=\"strict-origin-when-cross-origin\" allowfullscreen><\/iframe>\n<\/div><figcaption class=\"wp-element-caption\">F\u00d3RMULA E tem PREJU\u00cdZO MONSTRUOSO com ROMBO no campeonato | GP \u00e0s 10<\/figcaption><\/figure>\n","protected":false},"excerpt":{"rendered":"<p>H\u00e1 uma nova parceria na cidade! NXT Gen Cup, categoria de carros el\u00e9tricos de turismo, foi anunciada como sat\u00e9lite pela F\u00f3rmula E pouco menos de dois meses antes da estreia da temporada<\/p>\n","protected":false},"author":0,"featured_media":1000776012,"comment_status":"closed","ping_status":"closed","sticky":false,"template":"","format":"standard","meta":{"42wp_featured_image_caption":"","42wp_featured_image_credits":"","42wp_featured_video":"","42wp_featured_image_hidden":false,"42wp_authors_list":[],"footnotes":""},"categories":[19],"tags":[34133,37542,37543,37743,37744,5660,26410,37762,35967,34647,37545,33841,37745],"42wp_author":[47120],"class_list":["post-88338","post","type-post","status-publish","format-standard","has-post-thumbnail","hentry","category-formula-e","tag-assistir-formula-e-ao-vivo","tag-assistir-formula-e-gratis","tag-assistir-formula-e-online","tag-calendario-formula-e-2024","tag-calendario-formula-e-2024-horarios","tag-classificacao","tag-classificacao-da-formula-e","tag-classificacao-formula-e-2024","tag-formula-e-2024","tag-formula-e-ao-vivo","tag-formula-e-live","tag-formula-e-no-grande-premio","tag-formula-e-tv-2024","42wp_author-pedro-henrique-marum"],"_links":{"self":[{"href":"https:\/\/grandepremio.com\/br\/wp-json\/wp\/v2\/posts\/88338","targetHints":{"allow":["GET"]}}],"collection":[{"href":"https:\/\/grandepremio.com\/br\/wp-json\/wp\/v2\/posts"}],"about":[{"href":"https:\/\/grandepremio.com\/br\/wp-json\/wp\/v2\/types\/post"}],"replies":[{"embeddable":true,"href":"https:\/\/grandepremio.com\/br\/wp-json\/wp\/v2\/comments?post=88338"}],"version-history":[{"count":0,"href":"https:\/\/grandepremio.com\/br\/wp-json\/wp\/v2\/posts\/88338\/revisions"}],"wp:featuredmedia":[{"embeddable":true,"href":"https:\/\/grandepremio.com\/br\/wp-json\/wp\/v2\/media\/1000776012"}],"wp:attachment":[{"href":"https:\/\/grandepremio.com\/br\/wp-json\/wp\/v2\/media?parent=88338"}],"wp:term":[{"taxonomy":"category","embeddable":true,"href":"https:\/\/grandepremio.com\/br\/wp-json\/wp\/v2\/categories?post=88338"},{"taxonomy":"post_tag","embeddable":true,"href":"https:\/\/grandepremio.com\/br\/wp-json\/wp\/v2\/tags?post=88338"},{"taxonomy":"42wp_author","embeddable":true,"href":"https:\/\/grandepremio.com\/br\/wp-json\/wp\/v2\/42wp_author?post=88338"}],"curies":[{"name":"wp","href":"https:\/\/api.w.org\/{rel}","templated":true}]}}