{"id":88447,"date":"2024-02-08T04:00:00","date_gmt":"2024-02-08T07:00:00","guid":{"rendered":"https:\/\/grandepremio.com\/br\/noticias\/renault-explica-fim-conversas-andretti-motor-formula-1-precisam-ser-aprovados\/"},"modified":"2024-02-08T18:16:37","modified_gmt":"2024-02-08T21:16:37","slug":"renault-explica-fim-conversas-andretti-motor-formula-1-precisam-ser-aprovados","status":"publish","type":"post","link":"https:\/\/grandepremio.com\/br\/f1\/renault-explica-fim-conversas-andretti-motor-formula-1-precisam-ser-aprovados\/","title":{"rendered":"Renault explica fim de conversas com Andretti por motor na F1: &#8220;Precisam ser aprovados&#8221;"},"content":{"rendered":"\n<p class=\"wp-block-paragraph\">A <strong>Renault<\/strong> viu a possibilidade de ter uma equipe cliente na <strong>F\u00f3rmula 1<\/strong> ruir na \u00faltima semana, quando a <strong>F\u00f3rmula 1<\/strong> rejeitou a entrada da <strong>Andretti<\/strong> como 11\u00aa equipe. A montadora francesa chegou a ter um pr\u00e9-acordo com os americanos para fornecer unidades de pot\u00eancia, <a href=\"https:\/\/www.grandepremio.com\/br\/f1\/noticias\/renault-revela-acordo-fornecimento-motor-andretti-expirou-formula-1\/\">mas o neg\u00f3cio expirou ap\u00f3s a demora no processo de avalia\u00e7\u00e3o<\/a>.<\/p>\n\n\n\n<p class=\"wp-block-paragraph\">A Andretti buscava uma fornecedora de motores enquanto a <strong>General Motors<\/strong> desenvolve uma unidade de pot\u00eancia pr\u00f3pria, prevista para 2028. <a href=\"https:\/\/www.grandepremio.com\/br\/f1\/noticias\/renault-admite-chance-reatar-pre-acordo-motores-andretti-f1\/\">A Renault deixou claro no fim do ano passado que poderia voltar a abrir negocia\u00e7\u00f5es<\/a>, mas <strong>Bruno Famin<\/strong>, vice-presidente de automobilismo da <strong>Alpine<\/strong> e chefe interino do time na F1, voltou a deixar bem claro que as conversas s\u00f3 ser\u00e3o retomadas caso a <strong>Formula One Management<\/strong> aprove a entrada do time de <strong>Michael Andretti<\/strong>.<\/p>\n\n\n\n<p class=\"wp-block-paragraph\">\u201cT\u00ednhamos um pr\u00e9-contrato e depois nada aconteceu. Mas estava relacionado com a [condi\u00e7\u00e3o] de a Andretti ser aprovada. Por enquanto, eles n\u00e3o foram aprovados. Eu li, assim como voc\u00ea, o que a FOM disse sobre 2028. Vamos ver como ser\u00e1 o futuro agora\u201d, disse Famin ao site da revista inglesa <em>Autosport<\/em>.<\/p>\n\n\n\n<p class=\"wp-block-paragraph\"><strong>\u25b6\ufe0f&nbsp;Inscreva-se nos dois canais do GRANDE PR\u00caMIO no YouTube:&nbsp;<a href=\"https:\/\/www.youtube.com\/channel\/UC9OlHEgxoaY6QY6nWPoiqQg?sub_confirmation=1\" target=\"_blank\" rel=\"noreferrer noopener\">GP<\/a>&nbsp;|&nbsp;<a href=\"https:\/\/www.youtube.com\/channel\/UC9csiS6q_C3C0FYhyr1rnFA?sub_confirmation=1\" target=\"_blank\" rel=\"noreferrer noopener\">GP2<\/a><\/strong><br><strong>\u25b6\ufe0f&nbsp;<a href=\"https:\/\/www.twitch.tv\/grandepremio\" target=\"_blank\" rel=\"noreferrer noopener\">Conhe\u00e7a o canal do GRANDE PR\u00caMIO na Twitch clicando aqui!<\/a><\/strong><\/p>\n\n\n\n<figure class=\"wp-block-image size-large\"><img decoding=\"async\" src=\"https:\/\/www.grandepremio.com\/br\/wp-content\/uploads\/2023\/10\/Michael_Andretti-1024x576.jpg\" alt=\"\" class=\"wp-image-742385\"\/><figcaption class=\"wp-element-caption\">Michael Andretti teve v\u00e1rias negativas da F1 (Foto: Divulga\u00e7\u00e3o)<\/figcaption><\/figure>\n\n\n\n<p class=\"wp-block-paragraph\">A Andretti chegou a ter sua entrada na F\u00f3rmula 1 aprovada pela <strong>Federa\u00e7\u00e3o Internacional de Automobilismo<\/strong>, entidade reguladora do esporte. Questionado se as negocia\u00e7\u00f5es foram retomadas naquele momento, Bruno foi claro: \u201cN\u00e3o, j\u00e1 que a FOM deu a sua resposta. N\u00e3o tivemos nenhuma discuss\u00e3o\u201d.<\/p>\n\n\n\n<p class=\"wp-block-paragraph\">O comunicado divulgado pela FOM abriu as portas para a Andretti em 2028 caso de fato a parceria com a GM se concretize e o time tenha um motor batizado pela <strong>Cadillac<\/strong>. Famin defendeu a an\u00e1lise feita pelo grupo que controla a categoria e ressaltou que ficaria contente com uma 11\u00aa equipe, desde que agregue valor ao campeonato.<\/p>\n\n\n\n<p class=\"wp-block-paragraph\">\u201cFicar\u00edamos muito felizes em ter uma 11\u00aa equipe na F1, se ela agregar um valor real ao campeonato. Cabia \u00e0 FOM avaliar qual era a o valor daquele projeto. Eles fizeram a an\u00e1lise e deram sua resposta. Foram eles que decidiram e estamos felizes com isso. Mas acho que \u00e9 caso a caso. N\u00e3o \u00e9 uma posicionamento geral. Se um dia a F1 disser que uma 11\u00aa equipe pode trazer muito valor ao campeonato, ficaremos muito felizes com isso\u201d, concluiu o dirigente da Renault.<\/p>\n\n\n\n<p class=\"wp-block-paragraph\">A&nbsp;<a href=\"https:\/\/www.grandepremio.com\/formula-1\/\" target=\"_blank\" rel=\"noreferrer noopener\"><\/a><a href=\"https:\/\/www.grandepremio.com\/formula-1\/\" target=\"_blank\" rel=\"noreferrer noopener\">F\u00f3rmula 1<\/a>&nbsp;retorna \u00e0s pistas de&nbsp;<strong>21 a 23 de fevereiro<\/strong>, com os testes coletivos da pr\u00e9-temporada no&nbsp;<strong>Bahrein<\/strong>, no circuito de&nbsp;<strong><a href=\"https:\/\/www.grandepremio.com\/br\/circuito\/sakhir\/\" target=\"_blank\" rel=\"noreferrer noopener\">Sakhir<\/a><\/strong>.<\/p>\n\n\n\n<figure class=\"wp-block-embed is-type-video is-provider-youtube wp-block-embed-youtube wp-embed-aspect-16-9 wp-has-aspect-ratio\"><div class=\"wp-block-embed__wrapper\">\n<iframe loading=\"lazy\" title=\"LECLERC DECEPCIONADO com HAMILTON na Ferrari + Alpine com carro PRETO em 2024 | Paddock Sprint\" width=\"500\" height=\"281\" src=\"https:\/\/www.youtube.com\/embed\/L9F7Dt77ycA?feature=oembed\" frameborder=\"0\" allow=\"accelerometer; autoplay; clipboard-write; encrypted-media; gyroscope; picture-in-picture; web-share\" referrerpolicy=\"strict-origin-when-cross-origin\" allowfullscreen><\/iframe>\n<\/div><\/figure>\n","protected":false},"excerpt":{"rendered":"<p>Bruno Famin, vice-presidente de automobilismo da Alpine, ressaltou que conversas sobre fornecimentos de motores para Andretti s\u00f3 ser\u00e3o retomadas caso equipe seja aprovada pela F\u00f3rmula 1<\/p>\n","protected":false},"author":0,"featured_media":1000735614,"comment_status":"closed","ping_status":"closed","sticky":false,"template":"","format":"standard","meta":{"42wp_featured_image_caption":"","42wp_featured_image_credits":"","42wp_featured_video":"","42wp_featured_image_hidden":false,"42wp_authors_list":[],"footnotes":""},"categories":[2],"tags":[20491,417,11858,28994,147,3230,103,4838,180,30909,9065,1491,1181,229],"42wp_author":[47144],"class_list":["post-88447","post","type-post","status-publish","format-standard","has-post-thumbnail","hentry","category-f1","tag-alpine","tag-andretti","tag-bruno-famin","tag-classificacao-formula-1","tag-f1","tag-f1-2024","tag-fia","tag-fom","tag-formula-1","tag-formula-1-2024","tag-formula-1-ao-vivo","tag-grande-premio","tag-michael-andretti","tag-renault","42wp_author-andre-netto"],"_links":{"self":[{"href":"https:\/\/grandepremio.com\/br\/wp-json\/wp\/v2\/posts\/88447","targetHints":{"allow":["GET"]}}],"collection":[{"href":"https:\/\/grandepremio.com\/br\/wp-json\/wp\/v2\/posts"}],"about":[{"href":"https:\/\/grandepremio.com\/br\/wp-json\/wp\/v2\/types\/post"}],"replies":[{"embeddable":true,"href":"https:\/\/grandepremio.com\/br\/wp-json\/wp\/v2\/comments?post=88447"}],"version-history":[{"count":0,"href":"https:\/\/grandepremio.com\/br\/wp-json\/wp\/v2\/posts\/88447\/revisions"}],"wp:featuredmedia":[{"embeddable":true,"href":"https:\/\/grandepremio.com\/br\/wp-json\/wp\/v2\/media\/1000735614"}],"wp:attachment":[{"href":"https:\/\/grandepremio.com\/br\/wp-json\/wp\/v2\/media?parent=88447"}],"wp:term":[{"taxonomy":"category","embeddable":true,"href":"https:\/\/grandepremio.com\/br\/wp-json\/wp\/v2\/categories?post=88447"},{"taxonomy":"post_tag","embeddable":true,"href":"https:\/\/grandepremio.com\/br\/wp-json\/wp\/v2\/tags?post=88447"},{"taxonomy":"42wp_author","embeddable":true,"href":"https:\/\/grandepremio.com\/br\/wp-json\/wp\/v2\/42wp_author?post=88447"}],"curies":[{"name":"wp","href":"https:\/\/api.w.org\/{rel}","templated":true}]}}