{"id":88523,"date":"2024-02-07T07:19:14","date_gmt":"2024-02-07T10:19:14","guid":{"rendered":"https:\/\/grandepremio.com\/br\/noticias\/chocado-decepcionado-jornal-revela-reacao-charles-leclerc-apos-ferrari-levar-lewis-hamilton\/"},"modified":"2024-02-07T15:43:34","modified_gmt":"2024-02-07T18:43:34","slug":"chocado-decepcionado-jornal-revela-reacao-charles-leclerc-apos-ferrari-levar-lewis-hamilton","status":"publish","type":"post","link":"https:\/\/grandepremio.com\/br\/f1\/chocado-decepcionado-jornal-revela-reacao-charles-leclerc-apos-ferrari-levar-lewis-hamilton\/","title":{"rendered":"&#8220;Chocado e decepcionado&#8221;: jornal revela rea\u00e7\u00e3o de Leclerc ap\u00f3s Ferrari levar Hamilton"},"content":{"rendered":"\n<p class=\"wp-block-paragraph\">O mundo inteiro comenta h\u00e1 uma semana sobre a ida de <strong>Lewis Hamilton<\/strong> para a <strong>Ferrari<\/strong>, <strong><a href=\"https:\/\/www.grandepremio.com\/br\/f1\/noticias\/lewis-hamilton-sacramenta-fim-era-f1-troca-mercedes-por-ferrari-2025\/\">algo que ir\u00e1 se concretizar para a temporada 2025<\/a><\/strong> da <strong><a href=\"https:\/\/www.grandepremio.com\/br\/f1\/\">F\u00f3rmula 1<\/a><\/strong>. Mas o que pensou realmente sobre a movimenta\u00e7\u00e3o o piloto que, poucos dias antes, assinara um longo acordo com o time italiano, <strong>Charles Leclerc<\/strong>? E o monegasco n\u00e3o parece ter gostado.<\/p>\n\n\n\n<p class=\"wp-block-paragraph\">A informa\u00e7\u00e3o \u00e9 do <strong>jornal italiano Corriere dello Sport<\/strong>. De acordo com a publica\u00e7\u00e3o, Leclerc foi pego de surpresa com a decis\u00e3o e, junto de seu entorno, ficou negativamente impressionado com a decis\u00e3o da Ferrari.<\/p>\n\n\n\n<p class=\"wp-block-paragraph\">&#8220;O monegasco e seu time ficaram chocados e decepcionados pela decis\u00e3o da Ferrari, que, no momento em que assinaram a extens\u00e3o contratual \u2014 apenas uma semana antes \u2014 n\u00e3o imaginava que estava para acontecer&#8221;, afirmou a publica\u00e7\u00e3o.<\/p>\n\n\n\n<p class=\"wp-block-paragraph\">&#8220;Se Leclerc ficar na frente dele [Hamilton] ser\u00e1 um her\u00f3i; se ficar atr\u00e1s, a reputa\u00e7\u00e3o como o predestinado ser\u00e1 manchada&#8221;, seguiu.<\/p>\n\n\n\n<figure class=\"wp-block-image size-large\"><img decoding=\"async\" src=\"https:\/\/www.grandepremio.com\/br\/wp-content\/uploads\/2020\/05\/000_32KH4CM-1024x683.jpg\" alt=\"\" class=\"wp-image-619540\"\/><figcaption class=\"wp-element-caption\">Hamilton e Leclerc ser\u00e3o companheiros de equipe em 2025 (Foto: Lillian Suwanrumpha\/AFP)<\/figcaption><\/figure>\n\n\n\n<p class=\"wp-block-paragraph\">Apesar de Leclerc n\u00e3o ter gostado, o jornal descarta a ideia de que houve qualquer reclama\u00e7\u00e3o oficial junto \u00e0 Ferrari.<\/p>\n\n\n\n<p class=\"wp-block-paragraph\">&#8220;Uma reclama\u00e7\u00e3o ou ataque teria revelado uma fraqueza, ent\u00e3o todos [pelo lado de Leclerc] se alinharam num estilo bastante franc\u00eas: passaram para frente com desd\u00e9m, como dizendo que Sainz, Hamilton ou Belzebu na garagem ao lado n\u00e3o mudam grande coisa&#8221;, finalizou. Evitar bater de frente com a Ferrari na quest\u00e3o explica o &#8216;ok&#8217; dado ao neg\u00f3cio, <strong><a href=\"https:\/\/www.grandepremio.com\/br\/f1\/noticias\/salario-r-500-milhoes-inclusao-ok-charles-leclerc-bastidores-lewis-hamilton-ferrari\/\">como indicado ao portal italiano Formu1a.uno<\/a><\/strong>.<\/p>\n\n\n\n<p class=\"wp-block-paragraph\">Leclerc tinha contrato por mais uma temporada com a Ferrari e, h\u00e1 pouco mais de uma semana, <strong><a href=\"https:\/\/www.grandepremio.com\/br\/f1\/noticias\/charles-leclerc-tem-salario-r-187-milhoes-clausula-saida-2026-novo-contrato\/\">fechou uma extens\u00e3o<\/a><\/strong> com dura\u00e7\u00e3o at\u00e9 o fim de 2029, mas com uma cl\u00e1usula de sa\u00edda para depois de 2026, se as partes desejarem.<\/p>\n\n\n\n<p class=\"wp-block-paragraph\">A&nbsp;<strong><a href=\"https:\/\/www.grandepremio.com\/br\/f1\/\" target=\"_blank\" rel=\"noreferrer noopener\">F\u00f3rmula 1<\/a><\/strong>&nbsp;retorna \u00e0s pistas de&nbsp;<strong>21 a 23 de fevereiro<\/strong>, com os testes coletivos da pr\u00e9-temporada no&nbsp;<strong>Bahrein<\/strong>, no circuito de&nbsp;<strong><a href=\"https:\/\/www.grandepremio.com\/br\/circuito\/sakhir\/\" target=\"_blank\" rel=\"noreferrer noopener\">Sakhir<\/a><\/strong>.<\/p>\n\n\n\n<p class=\"wp-block-paragraph\"><strong>\u25b6\ufe0f&nbsp;Inscreva-se nos dois canais do GRANDE PR\u00caMIO no YouTube:&nbsp;<a href=\"https:\/\/www.youtube.com\/channel\/UC9OlHEgxoaY6QY6nWPoiqQg?sub_confirmation=1\" target=\"_blank\" rel=\"noreferrer noopener\">GP<\/a>&nbsp;|&nbsp;<a href=\"https:\/\/www.youtube.com\/channel\/UC9csiS6q_C3C0FYhyr1rnFA?sub_confirmation=1\" target=\"_blank\" rel=\"noreferrer noopener\">GP2<\/a><\/strong><br><strong>\u25b6\ufe0f&nbsp;<a href=\"https:\/\/www.twitch.tv\/grandepremio\" target=\"_blank\" rel=\"noreferrer noopener\">Conhe\u00e7a o canal do GRANDE PR\u00caMIO na Twitch clicando aqui!<\/a><\/strong><\/p>\n\n\n\n<figure class=\"wp-block-embed is-type-video is-provider-youtube wp-block-embed-youtube wp-embed-aspect-16-9 wp-has-aspect-ratio\"><div class=\"wp-block-embed__wrapper\">\n<iframe loading=\"lazy\" title=\"HAMILTON traz CAOS para F1 2024 antes da estreia. O que ser\u00e1 da temporada? | Paddock Sprint\" width=\"500\" height=\"281\" src=\"https:\/\/www.youtube.com\/embed\/76jSPIyBPDA?feature=oembed\" frameborder=\"0\" allow=\"accelerometer; autoplay; clipboard-write; encrypted-media; gyroscope; picture-in-picture; web-share\" referrerpolicy=\"strict-origin-when-cross-origin\" allowfullscreen><\/iframe>\n<\/div><figcaption class=\"wp-element-caption\">HAMILTON traz CAOS para F1 2024 antes da estreia. O que ser\u00e1 da temporada? | Paddock Sprint<\/figcaption><\/figure>\n","protected":false},"excerpt":{"rendered":"<p>Charles Leclerc n\u00e3o gostou nada da surpresa que foi o acerto da Ferrari com Lewis Hamilton para F\u00f3rmula 1 a partir de 2025, segundo jornal italiano Corriere dello Sport<\/p>\n","protected":false},"author":0,"featured_media":1000595053,"comment_status":"closed","ping_status":"closed","sticky":false,"template":"","format":"standard","meta":{"42wp_featured_image_caption":"","42wp_featured_image_credits":"","42wp_featured_video":"","42wp_featured_image_hidden":false,"42wp_authors_list":[],"footnotes":""},"categories":[2],"tags":[209,5660,3230,642,35133,87,82],"42wp_author":[47120],"class_list":["post-88523","post","type-post","status-publish","format-standard","has-post-thumbnail","hentry","category-f1","tag-charles-leclerc","tag-classificacao","tag-f1-2024","tag-f1-ao-vivo","tag-hamilton-ferrari","tag-lewis-hamilton","tag-mercedes","42wp_author-pedro-henrique-marum"],"_links":{"self":[{"href":"https:\/\/grandepremio.com\/br\/wp-json\/wp\/v2\/posts\/88523","targetHints":{"allow":["GET"]}}],"collection":[{"href":"https:\/\/grandepremio.com\/br\/wp-json\/wp\/v2\/posts"}],"about":[{"href":"https:\/\/grandepremio.com\/br\/wp-json\/wp\/v2\/types\/post"}],"replies":[{"embeddable":true,"href":"https:\/\/grandepremio.com\/br\/wp-json\/wp\/v2\/comments?post=88523"}],"version-history":[{"count":0,"href":"https:\/\/grandepremio.com\/br\/wp-json\/wp\/v2\/posts\/88523\/revisions"}],"wp:featuredmedia":[{"embeddable":true,"href":"https:\/\/grandepremio.com\/br\/wp-json\/wp\/v2\/media\/1000595053"}],"wp:attachment":[{"href":"https:\/\/grandepremio.com\/br\/wp-json\/wp\/v2\/media?parent=88523"}],"wp:term":[{"taxonomy":"category","embeddable":true,"href":"https:\/\/grandepremio.com\/br\/wp-json\/wp\/v2\/categories?post=88523"},{"taxonomy":"post_tag","embeddable":true,"href":"https:\/\/grandepremio.com\/br\/wp-json\/wp\/v2\/tags?post=88523"},{"taxonomy":"42wp_author","embeddable":true,"href":"https:\/\/grandepremio.com\/br\/wp-json\/wp\/v2\/42wp_author?post=88523"}],"curies":[{"name":"wp","href":"https:\/\/api.w.org\/{rel}","templated":true}]}}