{"id":88582,"date":"2024-02-06T15:25:54","date_gmt":"2024-02-06T18:25:54","guid":{"rendered":"https:\/\/grandepremio.com\/br\/noticias\/lewis-hamilton-volta-pistas-mercedes-jerez-teste-pneus-pirelli-2025\/"},"modified":"2024-02-06T15:29:55","modified_gmt":"2024-02-06T18:29:55","slug":"lewis-hamilton-volta-pistas-mercedes-jerez-teste-pneus-pirelli-2025","status":"publish","type":"post","link":"https:\/\/grandepremio.com\/br\/f1\/lewis-hamilton-volta-pistas-mercedes-jerez-teste-pneus-pirelli-2025\/","title":{"rendered":"Hamilton volta \u00e0s pistas com Mercedes em Jerez em teste de pneus da Pirelli para 2025"},"content":{"rendered":"\n<p class=\"wp-block-paragraph\"><strong>Lewis Hamilton <\/strong>testou em <strong>Jerez<\/strong>, nesta ter\u00e7a-feira (6), os pneus da <strong>Pirelli <\/strong>para temporada 2025 da <strong>F1<\/strong>. Foi a primeira apari\u00e7\u00e3o de pista do heptacampe\u00e3o <a href=\"https:\/\/www.grandepremio.com\/br\/f1\/noticias\/lewis-hamilton-sacramenta-fim-era-f1-troca-mercedes-por-ferrari-2025\/#:~:text=Chegou%20ao%20fim%20um%20dos,seis%20t%C3%ADtulos%20e%2082%20vit%C3%B3rias\">desde que assinou contrato <\/a>com a <strong>Ferrari<\/strong>, deixando a <strong>Mercedes <\/strong><a href=\"https:\/\/www.grandepremio.com\/br\/f1\/noticias\/mercedes-prega-discussao-aberta-com-hamilton-sobre-interesses-da-equipe-em-2024\/\">justamente para 2025<\/a>.<\/p>\n\n\n\n<p class=\"wp-block-paragraph\">A atividade tamb\u00e9m contou com a presen\u00e7a de <strong>Fernando Alonso<\/strong>. Tanto Lewis quanto Fernando guiaram os carros de 2023 da Mercedes e da <strong>Aston Martin<\/strong>. O espanhol completou 156 voltas e teve o tempo mais r\u00e1pido em 1min18s752, enquanto o ingl\u00eas fez 1min18s936 como melhor marca, com 126 giros realizados.<\/p>\n\n\n\n<p class=\"wp-block-paragraph\">Os testes da Pirelli com foco na gera\u00e7\u00e3o de pneus de 2025 come\u00e7aram na semana passada, com as Ferrari de <strong>Charles Leclerc<\/strong> e <strong>Carlos Sainz <\/strong>na pista italiana de <strong>Fiorano<\/strong>. Nesta quarta-feira, ser\u00e1 a vez de <strong>George Russell <\/strong>e <strong>Lance Stroll <\/strong>darem continuidade aos trabalhos dos companheiros de equipe.<\/p>\n\n\n\n<p class=\"wp-block-paragraph\">Com a temporada 2024, Hamilton vai ter o 12\u00ba campeonato disputado com as cores da Mercedes. O ingl\u00eas luta pelo s\u00e9timo t\u00edtulo com a equipe e o oitavo no geral.<\/p>\n\n\n\n<figure class=\"wp-block-image size-full\"><img decoding=\"async\" src=\"https:\/\/www.grandepremio.com\/br\/wp-content\/uploads\/2024\/02\/alonso.jpg\" alt=\"\" class=\"wp-image-775120\"\/><figcaption class=\"wp-element-caption\">Fernando Alonso tamb\u00e9m esteve no teste da Pirelli (Foto: Reprodu\u00e7\u00e3o\/Twitter)<\/figcaption><\/figure>\n\n\n\n<p class=\"wp-block-paragraph\">A pr\u00f3xima apari\u00e7\u00e3o de Hamilton com a Mercedes tende a ser na pr\u00f3xima semana. Na quarta-feira (14), a Mercedes mostra ao mundo o W15, enquanto a Aston Martin de Alonso apresenta o AMR24 um pouquinho antes, na segunda-feira (12).<\/p>\n\n\n\n<p class=\"wp-block-paragraph\">A&nbsp;<a href=\"https:\/\/www.grandepremio.com\/br\/f1\/noticias\/haas-abre-red-bull-encerra-formula-1-2024-lancamentos-confirmados\/\">temporada de lan\u00e7amentos de carros&nbsp;<\/a>segue firme e forte. Depois da&nbsp;<strong>Haas<\/strong>, da&nbsp;<strong>Williams&nbsp;<\/strong>e da <strong>Sauber<\/strong>, a semana de eventos continua com&nbsp;<strong>Alpine&nbsp;<\/strong>e&nbsp;<strong>RB<\/strong>. Os franceses chegam primeiro, j\u00e1 nesta quarta-feira (7).<\/p>\n\n\n\n<p class=\"wp-block-paragraph\">A&nbsp;<a href=\"https:\/\/www.grandepremio.com\/formula-1\/\" target=\"_blank\" rel=\"noreferrer noopener\"><\/a><a href=\"https:\/\/www.grandepremio.com\/formula-1\/\" target=\"_blank\" rel=\"noreferrer noopener\">F\u00f3rmula 1<\/a>&nbsp;retorna \u00e0s pistas de&nbsp;<strong>21 a 23 de fevereiro<\/strong>, com os testes coletivos da pr\u00e9-temporada no&nbsp;<strong>Bahrein<\/strong>, no circuito de&nbsp;<strong><a href=\"https:\/\/www.grandepremio.com\/br\/circuito\/sakhir\/\" target=\"_blank\" rel=\"noreferrer noopener\">Sakhir<\/a><\/strong>.<\/p>\n\n\n\n<p class=\"wp-block-paragraph\"><strong>\u25b6\ufe0f&nbsp;Inscreva-se nos dois canais do GRANDE PR\u00caMIO no YouTube:&nbsp;<a href=\"https:\/\/www.youtube.com\/channel\/UC9OlHEgxoaY6QY6nWPoiqQg?sub_confirmation=1\" target=\"_blank\" rel=\"noreferrer noopener\">GP<\/a>&nbsp;|&nbsp;<a href=\"https:\/\/www.youtube.com\/channel\/UC9csiS6q_C3C0FYhyr1rnFA?sub_confirmation=1\" target=\"_blank\" rel=\"noreferrer noopener\">GP2<\/a><\/strong><br><strong>\u25b6\ufe0f&nbsp;<a href=\"https:\/\/www.twitch.tv\/grandepremio\" target=\"_blank\" rel=\"noreferrer noopener\">Conhe\u00e7a o canal do GRANDE PR\u00caMIO na Twitch clicando aqui!<\/a><\/strong><\/p>\n\n\n\n<figure class=\"wp-block-embed is-type-video is-provider-youtube wp-block-embed-youtube wp-embed-aspect-16-9 wp-has-aspect-ratio\"><div class=\"wp-block-embed__wrapper\">\n<iframe loading=\"lazy\" title=\"HAMILTON TROCA MERCEDES POR FERRARI: BOMBA NA F1 | Briefing\" width=\"500\" height=\"281\" src=\"https:\/\/www.youtube.com\/embed\/RY2Nbpfq0oY?feature=oembed\" frameborder=\"0\" allow=\"accelerometer; autoplay; clipboard-write; encrypted-media; gyroscope; picture-in-picture; web-share\" referrerpolicy=\"strict-origin-when-cross-origin\" allowfullscreen><\/iframe>\n<\/div><\/figure>\n","protected":false},"excerpt":{"rendered":"<p>Lewis Hamilton apareceu em um carro da Mercedes pela primeira vez desde o an\u00fancio da ida para a Ferrari em 2025. O heptacampe\u00e3o guiou o b\u00f3lido de 2023, em Jerez, em um teste da Pirelli<\/p>\n","protected":false},"author":0,"featured_media":1000775121,"comment_status":"closed","ping_status":"closed","sticky":false,"template":"","format":"standard","meta":{"42wp_featured_image_caption":"","42wp_featured_image_credits":"","42wp_featured_video":"","42wp_featured_image_hidden":false,"42wp_authors_list":[],"footnotes":""},"categories":[2],"tags":[26271,5273,147,3230,176,207,180,30909,800,1491,28285,35133,33596,30840,1690,485,87,82,35129,33301],"42wp_author":[47117],"class_list":["post-88582","post","type-post","status-publish","format-standard","has-post-thumbnail","hentry","category-f1","tag-calendario-f1","tag-classificacao-f1","tag-f1","tag-f1-2024","tag-fernando-alonso","tag-ferrari","tag-formula-1","tag-formula-1-2024","tag-george-russell","tag-grande-premio","tag-grandepremio","tag-hamilton-ferrari","tag-hamilton-mercedes","tag-horarios-f1","tag-jerez","tag-lance-stroll","tag-lewis-hamilton","tag-mercedes","tag-onde-assistir-f1","tag-temporada-2024-f1","42wp_author-gabriel-curty"],"_links":{"self":[{"href":"https:\/\/grandepremio.com\/br\/wp-json\/wp\/v2\/posts\/88582","targetHints":{"allow":["GET"]}}],"collection":[{"href":"https:\/\/grandepremio.com\/br\/wp-json\/wp\/v2\/posts"}],"about":[{"href":"https:\/\/grandepremio.com\/br\/wp-json\/wp\/v2\/types\/post"}],"replies":[{"embeddable":true,"href":"https:\/\/grandepremio.com\/br\/wp-json\/wp\/v2\/comments?post=88582"}],"version-history":[{"count":0,"href":"https:\/\/grandepremio.com\/br\/wp-json\/wp\/v2\/posts\/88582\/revisions"}],"wp:featuredmedia":[{"embeddable":true,"href":"https:\/\/grandepremio.com\/br\/wp-json\/wp\/v2\/media\/1000775121"}],"wp:attachment":[{"href":"https:\/\/grandepremio.com\/br\/wp-json\/wp\/v2\/media?parent=88582"}],"wp:term":[{"taxonomy":"category","embeddable":true,"href":"https:\/\/grandepremio.com\/br\/wp-json\/wp\/v2\/categories?post=88582"},{"taxonomy":"post_tag","embeddable":true,"href":"https:\/\/grandepremio.com\/br\/wp-json\/wp\/v2\/tags?post=88582"},{"taxonomy":"42wp_author","embeddable":true,"href":"https:\/\/grandepremio.com\/br\/wp-json\/wp\/v2\/42wp_author?post=88582"}],"curies":[{"name":"wp","href":"https:\/\/api.w.org\/{rel}","templated":true}]}}