{"id":88600,"date":"2024-02-06T12:02:01","date_gmt":"2024-02-06T15:02:01","guid":{"rendered":"https:\/\/grandepremio.com\/br\/noticias\/carlos-sainz-parceria-otk-lanca-marca-propria-kart-ansioso-para-vencer\/"},"modified":"2024-02-06T13:39:03","modified_gmt":"2024-02-06T16:39:03","slug":"carlos-sainz-parceria-otk-lanca-marca-propria-kart-ansioso-para-vencer","status":"publish","type":"post","link":"https:\/\/grandepremio.com\/br\/kart\/carlos-sainz-parceria-otk-lanca-marca-propria-kart-ansioso-para-vencer\/","title":{"rendered":"Sainz faz parceria com OTK e lan\u00e7a marca pr\u00f3pria de kart: &#8220;Ansioso para v\u00ea-la vencer&#8221;"},"content":{"rendered":"\n<p class=\"wp-block-paragraph\"><strong>Carlos Sainz<\/strong> vai assinar uma linha pr\u00f3pria de produtos para kart. Em parceria com o <strong>OTK Kart Group<\/strong>, um dos mais tradicionais fabricantes voltados \u00e0 categoria de in\u00edcio no automobilismo, o piloto espanhol criou a marca <strong>CS55 Racing Kart<\/strong> \u2014 que ter\u00e1 karts, chassis e acess\u00f3rios.<\/p>\n\n\n\n<p class=\"wp-block-paragraph\">A parceria entre Sainz e a empresa italiana \u00e9 fruto da longa rela\u00e7\u00e3o entre ambos. Durante os tempos de kartismo, o espanhol representou as marcas do OTK Kart Group, al\u00e9m de ter corrido pela equipe oficial da empresa, a <strong>Tony Kart Racing Team<\/strong>, onde ganhou o campeonato <strong>CIK-FIA \u00c1sia-Pac\u00edfico de 2008<\/strong> e a <strong>M\u00f4naco Kart Cup<\/strong> na categoria KF3 em 2009.<\/p>\n\n\n\n<p class=\"wp-block-paragraph\">\u201cA CS55 Racing \u00e9 um projeto emocionante para mim&#8221;, celebrou Sainz. &#8220;O OTK Kart Group \u00e9 refer\u00eancia internacional no mundo do kart, e n\u00e3o poderia estar mais orgulhoso de colaborar com eles. Sinto que este alinhamento se deu por nosso passado juntos e por tudo o que representa aos pilotos de amanh\u00e3, que v\u00e3o perseguir seus sonhos com este kart&#8221;, destacou.<\/p>\n\n\n\n<p class=\"wp-block-paragraph\">&#8220;Trabalhamos por muito tempo para tornar isso poss\u00edvel, e j\u00e1 estou ansioso para v\u00ea-lo competir e vencer na pista&#8221;, declarou Sainz.<\/p>\n\n\n\n<figure class=\"wp-block-image aligncenter size-full\"><img decoding=\"async\" src=\"https:\/\/www.grandepremio.com\/br\/wp-content\/uploads\/2024\/02\/F1-2024-CARLOS-SAINZ-FERRARI-KART.jpg\" alt=\"\" class=\"wp-image-775045\"\/><figcaption class=\"wp-element-caption\">Sainz foi \u00e0 pista para dar as primeiras demonstra\u00e7\u00f5es do CS55 (Foto: Reprodu\u00e7\u00e3o)<\/figcaption><\/figure>\n\n\n\n<p class=\"wp-block-paragraph\">Nesta segunda-feira (5), o espanhol deu as primeiras voltas com seu kart CS55, equipado com o motor <strong>VTZ<\/strong>, desenvolvido pela <strong>Vortex Engines<\/strong>. O teste foi acompanhado por <strong>Roberto Merhi<\/strong>, ex-piloto de <strong><a href=\"https:\/\/www.grandepremio.com\/br\/f1\/\">F\u00f3rmula 1<\/a><\/strong>, e <strong>Felix Porteiro<\/strong>, representante da OTK, al\u00e9m da imprensa.<\/p>\n\n\n\n<p class=\"wp-block-paragraph\">Os produtos ainda n\u00e3o t\u00eam data oficial de lan\u00e7amento, mas a empresa tem como objetivo disponibilizar uma rede comercial para todo o mundo.<\/p>\n\n\n\n<p class=\"wp-block-paragraph\">A\u00a0<strong><a href=\"https:\/\/www.grandepremio.com\/formula-1\/\" target=\"_blank\" rel=\"noreferrer noopener\">F\u00f3rmula 1<\/a><\/strong>\u00a0retorna \u00e0s pistas de\u00a0<strong>21 a 23 de fevereiro<\/strong>, com os testes coletivos de pr\u00e9-temporada no\u00a0<strong>Bahrein<\/strong>, no circuito de\u00a0<strong><a href=\"https:\/\/www.grandepremio.com\/br\/circuito\/sakhir\/\" target=\"_blank\" rel=\"noreferrer noopener\">Sakhir<\/a><\/strong>.<\/p>\n\n\n\n<p class=\"wp-block-paragraph\"><strong><img decoding=\"async\" src=\"https:\/\/a.slack-edge.com\/production-standard-emoji-assets\/14.0\/google-medium\/25b6-fe0f.png\" alt=\":seta_para_frente:\">&nbsp;Inscreva-se nos dois canais do GRANDE PR\u00caMIO no YouTube:&nbsp;<a href=\"https:\/\/www.youtube.com\/channel\/UC9OlHEgxoaY6QY6nWPoiqQg?sub_confirmation=1\" target=\"_blank\" rel=\"noreferrer noopener\">GP<\/a>&nbsp;|&nbsp;<a href=\"https:\/\/www.youtube.com\/channel\/UC9csiS6q_C3C0FYhyr1rnFA?sub_confirmation=1\" target=\"_blank\" rel=\"noreferrer noopener\">GP2<\/a><\/strong><br><strong><img decoding=\"async\" src=\"https:\/\/a.slack-edge.com\/production-standard-emoji-assets\/14.0\/google-medium\/25b6-fe0f.png\" alt=\":seta_para_frente:\"><a href=\"https:\/\/www.twitch.tv\/grandepremio\" target=\"_blank\" rel=\"noreferrer noopener\">Conhe\u00e7a o canal do GRANDE PR\u00caMIO na Twitch clicando aqui!<\/a><\/strong><\/p>\n\n\n\n<figure class=\"wp-block-embed is-type-video is-provider-youtube wp-block-embed-youtube wp-embed-aspect-16-9 wp-has-aspect-ratio\"><div class=\"wp-block-embed__wrapper\">\n<iframe loading=\"lazy\" title=\"O que ser\u00e1 de SAINZ na F1 ap\u00f3s acerto entre FERRARI e HAMILTON? | Paddock Sprint\" width=\"500\" height=\"281\" src=\"https:\/\/www.youtube.com\/embed\/44NlMEC_FSU?feature=oembed\" frameborder=\"0\" allow=\"accelerometer; autoplay; clipboard-write; encrypted-media; gyroscope; picture-in-picture; web-share\" referrerpolicy=\"strict-origin-when-cross-origin\" allowfullscreen><\/iframe>\n<\/div><figcaption class=\"wp-element-caption\">O que ser\u00e1 de SAINZ na F1 ap\u00f3s acerto entre FERRARI e HAMILTON? | Paddock Sprint<\/figcaption><\/figure>\n","protected":false},"excerpt":{"rendered":"<p>Carlos Sainz lan\u00e7ou oficialmente a CS55 Racing Kart, marca pr\u00f3pria em parceria com o OTK Kart Group \u2014 que o representou em seus tempos de kartismo<\/p>\n","protected":false},"author":0,"featured_media":1000775032,"comment_status":"closed","ping_status":"closed","sticky":false,"template":"","format":"standard","meta":{"42wp_featured_image_caption":"","42wp_featured_image_credits":"","42wp_featured_video":"","42wp_featured_image_hidden":false,"42wp_authors_list":[],"footnotes":""},"categories":[6],"tags":[26271,546,5273,147,3230,180,30909,1491,28285,30840,1461,1462,35129,33301],"42wp_author":[47155],"class_list":["post-88600","post","type-post","status-publish","format-standard","has-post-thumbnail","hentry","category-kart","tag-calendario-f1","tag-carlos-sainz","tag-classificacao-f1","tag-f1","tag-f1-2024","tag-formula-1","tag-formula-1-2024","tag-grande-premio","tag-grandepremio","tag-horarios-f1","tag-kart","tag-kartismo","tag-onde-assistir-f1","tag-temporada-2024-f1","42wp_author-daniel-balsa"],"_links":{"self":[{"href":"https:\/\/grandepremio.com\/br\/wp-json\/wp\/v2\/posts\/88600","targetHints":{"allow":["GET"]}}],"collection":[{"href":"https:\/\/grandepremio.com\/br\/wp-json\/wp\/v2\/posts"}],"about":[{"href":"https:\/\/grandepremio.com\/br\/wp-json\/wp\/v2\/types\/post"}],"replies":[{"embeddable":true,"href":"https:\/\/grandepremio.com\/br\/wp-json\/wp\/v2\/comments?post=88600"}],"version-history":[{"count":0,"href":"https:\/\/grandepremio.com\/br\/wp-json\/wp\/v2\/posts\/88600\/revisions"}],"wp:featuredmedia":[{"embeddable":true,"href":"https:\/\/grandepremio.com\/br\/wp-json\/wp\/v2\/media\/1000775032"}],"wp:attachment":[{"href":"https:\/\/grandepremio.com\/br\/wp-json\/wp\/v2\/media?parent=88600"}],"wp:term":[{"taxonomy":"category","embeddable":true,"href":"https:\/\/grandepremio.com\/br\/wp-json\/wp\/v2\/categories?post=88600"},{"taxonomy":"post_tag","embeddable":true,"href":"https:\/\/grandepremio.com\/br\/wp-json\/wp\/v2\/tags?post=88600"},{"taxonomy":"42wp_author","embeddable":true,"href":"https:\/\/grandepremio.com\/br\/wp-json\/wp\/v2\/42wp_author?post=88600"}],"curies":[{"name":"wp","href":"https:\/\/api.w.org\/{rel}","templated":true}]}}